{"id":20002,"date":"2009-10-07T00:00:00","date_gmt":"2009-10-07T00:00:00","guid":{"rendered":"http:\/\/www.malungo2.com.br\/pdt\/index.php\/presidente-da-is-e-eleito-primeiro-ministro-da-grecia"},"modified":"2017-10-26T09:08:28","modified_gmt":"2017-10-26T11:08:28","slug":"presidente-da-is-e-eleito-primeiro-ministro-da-grecia","status":"publish","type":"post","link":"https:\/\/pdt-rj.org.br\/index.php\/presidente-da-is-e-eleito-primeiro-ministro-da-grecia\/","title":{"rendered":"Presidente da IS \u00e9 eleito primeiro-ministro da Gr\u00e9cia"},"content":{"rendered":"<p>O deputado Vieira da Cunha(RS), presidente nacional do PDT, manifestou na tarde desta quarta-feira(7), da tribuna da C\u00e2mara, votos de congratula\u00e7\u00f5es ao presidente da Internacional Socialista, George Papandreou, pela elei\u00e7\u00e3o e posse como primeiro-ministro da Gr\u00e9cia. <BR><BR>O deputado pedetista, al\u00e9m de vice-presidente da IS, \u00e9 presidente do Grupo Parlamentar de Amizade Brasi\/Gr\u00e9cia. &#8220;PDT e Pasok s\u00e3o partidos irm\u00e3os. Estamos muito felizes pela vit\u00f3ria dos companheiros socialistas da Gr\u00e9cia. Cumprimento especialmente o povo grego pela escolha,&#8221; disse Vieira, que declarou, ainda, que &#8220;o governo da Gr\u00e9cia n\u00e3o poderia estar em melhores m\u00e3os&#8221;. <BR><BR>As elei\u00e7\u00f5es ocorreram no \u00faltimo domingo, 4 de outubro. O PASOK obteve 43,92% dos votos e um total de 160 acentos dos 300 do parlamento grego, ou seja, maioria absoluta. George Papandreou prestou juramento como primeiro-ministro da Gr\u00e9cia na ter\u00e7a-feira, 6 de outubro. <BR><\/p>\n<!-- AddThis Advanced Settings generic via filter on the_content --><!-- AddThis Share Buttons generic via filter on the_content -->","protected":false},"excerpt":{"rendered":"<p>O deputado Vieira da Cunha(RS), presidente nacional do PDT, manifestou na tarde desta quarta-feira(7), da tribuna da C\u00e2mara, votos de congratula\u00e7\u00f5es ao presidente da Internacional Socialista, George Papandreou, pela elei\u00e7\u00e3o e posse como primeiro-ministro da Gr\u00e9cia. O deputado pedetista, al\u00e9m de vice-presidente da IS, \u00e9 presidente do Grupo Parlamentar de Amizade Brasi\/Gr\u00e9cia. &#8220;PDT e Pasok&#8230;<!-- AddThis Advanced Settings generic via filter on wp_trim_excerpt --><!-- AddThis Share Buttons generic via filter on wp_trim_excerpt --><\/p>\n","protected":false},"author":17,"featured_media":0,"comment_status":"closed","ping_status":"open","sticky":false,"template":"","format":"standard","meta":{"_monsterinsights_skip_tracking":false,"_monsterinsights_sitenote_active":false,"_monsterinsights_sitenote_note":"","_monsterinsights_sitenote_category":0,"_uf_show_specific_survey":0,"_uf_disable_surveys":false,"footnotes":""},"categories":[976],"tags":[],"class_list":["post-20002","post","type-post","status-publish","format-standard","hentry","category-noticias-em-destaque"],"acf":[],"_links":{"self":[{"href":"https:\/\/pdt-rj.org.br\/index.php\/wp-json\/wp\/v2\/posts\/20002","targetHints":{"allow":["GET"]}}],"collection":[{"href":"https:\/\/pdt-rj.org.br\/index.php\/wp-json\/wp\/v2\/posts"}],"about":[{"href":"https:\/\/pdt-rj.org.br\/index.php\/wp-json\/wp\/v2\/types\/post"}],"author":[{"embeddable":true,"href":"https:\/\/pdt-rj.org.br\/index.php\/wp-json\/wp\/v2\/users\/17"}],"replies":[{"embeddable":true,"href":"https:\/\/pdt-rj.org.br\/index.php\/wp-json\/wp\/v2\/comments?post=20002"}],"version-history":[{"count":1,"href":"https:\/\/pdt-rj.org.br\/index.php\/wp-json\/wp\/v2\/posts\/20002\/revisions"}],"predecessor-version":[{"id":56578,"href":"https:\/\/pdt-rj.org.br\/index.php\/wp-json\/wp\/v2\/posts\/20002\/revisions\/56578"}],"wp:attachment":[{"href":"https:\/\/pdt-rj.org.br\/index.php\/wp-json\/wp\/v2\/media?parent=20002"}],"wp:term":[{"taxonomy":"category","embeddable":true,"href":"https:\/\/pdt-rj.org.br\/index.php\/wp-json\/wp\/v2\/categories?post=20002"},{"taxonomy":"post_tag","embeddable":true,"href":"https:\/\/pdt-rj.org.br\/index.php\/wp-json\/wp\/v2\/tags?post=20002"}],"curies":[{"name":"wp","href":"https:\/\/api.w.org\/{rel}","templated":true}]}}