{"id":20001,"date":"2009-10-07T00:00:00","date_gmt":"2009-10-07T00:00:00","guid":{"rendered":"http:\/\/www.malungo2.com.br\/pdt\/index.php\/partido-discute-com-dilma-roussef-alianca-para-2010"},"modified":"2017-10-26T09:08:28","modified_gmt":"2017-10-26T11:08:28","slug":"partido-discute-com-dilma-roussef-alianca-para-2010","status":"publish","type":"post","link":"https:\/\/pdt-rj.org.br\/index.php\/partido-discute-com-dilma-roussef-alianca-para-2010\/","title":{"rendered":"Partido discute com Dilma Roussef alian\u00e7a para 2010"},"content":{"rendered":"<p>Em jantar oferecido por Dilma Rousseff, pedetistas confirmam que n\u00e3o haver\u00e1 alinhamento autom\u00e1tico \u00e0 candidatura da ministra-chefe da Casa Civil \u00e0 presid\u00eancia da Rep\u00fablica. Participaram do encontro, que discutiu poss\u00edvel alian\u00e7a para a pr\u00f3xima elei\u00e7\u00e3o, o presidente licenciado do PDT, ministro Carlos Lupi, e as bancadas do Senado e da C\u00e2mara Federal. Assista a entrevista com os l\u00edderes senador Osmar Dias e deputado Dagoberto Nogueira. <BR><\/p>\n<!-- AddThis Advanced Settings generic via filter on the_content --><!-- AddThis Share Buttons generic via filter on the_content -->","protected":false},"excerpt":{"rendered":"<p>Em jantar oferecido por Dilma Rousseff, pedetistas confirmam que n\u00e3o haver\u00e1 alinhamento autom\u00e1tico \u00e0 candidatura da ministra-chefe da Casa Civil \u00e0 presid\u00eancia da Rep\u00fablica. Participaram do encontro, que discutiu poss\u00edvel alian\u00e7a para a pr\u00f3xima elei\u00e7\u00e3o, o presidente licenciado do PDT, ministro Carlos Lupi, e as bancadas do Senado e da C\u00e2mara Federal. Assista a entrevista&#8230;<!-- AddThis Advanced Settings generic via filter on wp_trim_excerpt --><!-- AddThis Share Buttons generic via filter on wp_trim_excerpt --><\/p>\n","protected":false},"author":17,"featured_media":0,"comment_status":"closed","ping_status":"open","sticky":false,"template":"","format":"standard","meta":{"_monsterinsights_skip_tracking":false,"_monsterinsights_sitenote_active":false,"_monsterinsights_sitenote_note":"","_monsterinsights_sitenote_category":0,"_uf_show_specific_survey":0,"_uf_disable_surveys":false,"footnotes":""},"categories":[976],"tags":[],"class_list":["post-20001","post","type-post","status-publish","format-standard","hentry","category-noticias-em-destaque"],"acf":[],"_links":{"self":[{"href":"https:\/\/pdt-rj.org.br\/index.php\/wp-json\/wp\/v2\/posts\/20001","targetHints":{"allow":["GET"]}}],"collection":[{"href":"https:\/\/pdt-rj.org.br\/index.php\/wp-json\/wp\/v2\/posts"}],"about":[{"href":"https:\/\/pdt-rj.org.br\/index.php\/wp-json\/wp\/v2\/types\/post"}],"author":[{"embeddable":true,"href":"https:\/\/pdt-rj.org.br\/index.php\/wp-json\/wp\/v2\/users\/17"}],"replies":[{"embeddable":true,"href":"https:\/\/pdt-rj.org.br\/index.php\/wp-json\/wp\/v2\/comments?post=20001"}],"version-history":[{"count":1,"href":"https:\/\/pdt-rj.org.br\/index.php\/wp-json\/wp\/v2\/posts\/20001\/revisions"}],"predecessor-version":[{"id":56577,"href":"https:\/\/pdt-rj.org.br\/index.php\/wp-json\/wp\/v2\/posts\/20001\/revisions\/56577"}],"wp:attachment":[{"href":"https:\/\/pdt-rj.org.br\/index.php\/wp-json\/wp\/v2\/media?parent=20001"}],"wp:term":[{"taxonomy":"category","embeddable":true,"href":"https:\/\/pdt-rj.org.br\/index.php\/wp-json\/wp\/v2\/categories?post=20001"},{"taxonomy":"post_tag","embeddable":true,"href":"https:\/\/pdt-rj.org.br\/index.php\/wp-json\/wp\/v2\/tags?post=20001"}],"curies":[{"name":"wp","href":"https:\/\/api.w.org\/{rel}","templated":true}]}}