{"id":20000,"date":"2009-10-05T00:00:00","date_gmt":"2009-10-05T00:00:00","guid":{"rendered":"http:\/\/www.malungo2.com.br\/pdt\/index.php\/juridico-alerta-para-mudancas-da-mini-reforma-eleitoral"},"modified":"2017-10-26T09:08:28","modified_gmt":"2017-10-26T11:08:28","slug":"juridico-alerta-para-mudancas-da-mini-reforma-eleitoral","status":"publish","type":"post","link":"https:\/\/pdt-rj.org.br\/index.php\/juridico-alerta-para-mudancas-da-mini-reforma-eleitoral\/","title":{"rendered":"Jur\u00eddico alerta para mudan\u00e7as da mini-reforma eleitoral"},"content":{"rendered":"<p><FONT class=text><br \/>\n<P class=MsoNoSpacing style=\"MARGIN: 0cm 0cm 0pt\"><?xml:namespace prefix = o ns = \"urn:schemas-microsoft-com:office:office\" \/><o:p>&nbsp;<\/o:p><\/P><br \/>\n<P class=MsoNoSpacing style=\"MARGIN: 0cm 0cm 0pt\"><STRONG>Lei 12034\/09 | Lei N\u00ba 12.034, de 29 de setembro de 2009<o:p><\/o:p><\/STRONG><\/P><br \/>\n<P class=MsoNoSpacing style=\"MARGIN: 0cm 0cm 0pt\"><o:p>&nbsp;<\/o:p><\/P><br \/>\n<P class=MsoNoSpacing style=\"MARGIN: 0cm 0cm 0pt\">Altera as Leis nos 9.096, de 19 de setembro de 1995 &#8211; Lei dos Partidos Pol\u00edticos, 9.504, de 30 de setembro de 1997, que estabelece normas para as elei\u00e7\u00f5es, e 4.737, de 15 de julho de 1965 &#8211; C\u00f3digo Eleitoral.<\/P><br \/>\n<P class=MsoNoSpacing style=\"MARGIN: 0cm 0cm 0pt\"><o:p>&nbsp;<\/o:p><\/P><br \/>\n<P class=MsoNoSpacing style=\"MARGIN: 0cm 0cm 0pt\"><o:p>&nbsp;<\/o:p><\/P><br \/>\n<P class=MsoNoSpacing style=\"MARGIN: 0cm 0cm 0pt\">O PRESIDENTE DA REP\u00daBLICA Fa\u00e7o saber que o Congresso Nacional decreta e eu sanciono a seguinte Lei:<\/P><br \/>\n<P class=MsoNoSpacing style=\"MARGIN: 0cm 0cm 0pt\"><o:p>&nbsp;<\/o:p><\/P><br \/>\n<P class=MsoNoSpacing style=\"MARGIN: 0cm 0cm 0pt\">Art. 1o Esta Lei altera as Leis nos 9.096, de 19 de setembro de 1995, 9.504, de 30 de setembro de 1997, e 4.737, de 15 de julho de 1965 &#8211; C\u00f3digo Eleitoral.<\/P><br \/>\n<P class=MsoNoSpacing style=\"MARGIN: 0cm 0cm 0pt\"><o:p>&nbsp;<\/o:p><\/P><br \/>\n<P class=MsoNoSpacing style=\"MARGIN: 0cm 0cm 0pt\">Art. 2o A Lei no 9.096, de 19 de setembro de 1995, passa a vigorar com as seguintes altera\u00e7\u00f5es:<\/P><br \/>\n<P class=MsoNoSpacing style=\"MARGIN: 0cm 0cm 0pt\"><o:p>&nbsp;<\/o:p><\/P><br \/>\n<P class=MsoNoSpacing style=\"MARGIN: 0cm 0cm 0pt\">&#8220;Art. 15-A. A responsabilidade, inclusive civil e trabalhista, cabe exclusivamente ao \u00f3rg\u00e3o partid\u00e1rio municipal, estadual ou nacional que tiver dado causa ao n\u00e3o cumprimento da obriga\u00e7\u00e3o, \u00e0 viola\u00e7\u00e3o de direito, a dano a outrem ou a qualquer ato il\u00edcito, exclu\u00edda a solidariedade de outros \u00f3rg\u00e3os de dire\u00e7\u00e3o partid\u00e1ria.&#8221; (NR)<\/P><br \/>\n<P class=MsoNoSpacing style=\"MARGIN: 0cm 0cm 0pt\"><o:p>&nbsp;<\/o:p><\/P><br \/>\n<P class=MsoNoSpacing style=\"MARGIN: 0cm 0cm 0pt\">&#8220;Art. 19. &#8230;&#8230;&#8230;&#8230;&#8230;&#8230;&#8230;&#8230;&#8230;&#8230;&#8230;&#8230;&#8230;&#8230;&#8230;&#8230;&#8230;&#8230;&#8230;&#8230;&#8230;&#8230;&#8230;&#8230;&#8230;&#8230;<\/P><br \/>\n<P class=MsoNoSpacing style=\"MARGIN: 0cm 0cm 0pt\"><o:p>&nbsp;<\/o:p><\/P><br \/>\n<P class=MsoNoSpacing style=\"MARGIN: 0cm 0cm 0pt\">&#8230;&#8230;&#8230;&#8230;&#8230;&#8230;&#8230;&#8230;&#8230;&#8230;&#8230;&#8230;&#8230;&#8230;&#8230;&#8230;&#8230;&#8230;&#8230;&#8230;&#8230;&#8230;&#8230;&#8230;&#8230;&#8230;&#8230;&#8230;&#8230;&#8230;&#8230;<\/P><br \/>\n<P class=MsoNoSpacing style=\"MARGIN: 0cm 0cm 0pt\"><o:p>&nbsp;<\/o:p><\/P><br \/>\n<P class=MsoNoSpacing style=\"MARGIN: 0cm 0cm 0pt\">\u00a7 3o Os \u00f3rg\u00e3os de dire\u00e7\u00e3o nacional dos partidos pol\u00edticos ter\u00e3o pleno acesso \u00e0s informa\u00e7\u00f5es de seus filiados constantes do cadastro eleitoral.&#8221; (NR)<\/P><br \/>\n<P class=MsoNoSpacing style=\"MARGIN: 0cm 0cm 0pt\"><o:p>&nbsp;<\/o:p><\/P><br \/>\n<P class=MsoNoSpacing style=\"MARGIN: 0cm 0cm 0pt\">&#8220;Art. 28. &#8230;&#8230;&#8230;&#8230;&#8230;&#8230;&#8230;&#8230;&#8230;&#8230;&#8230;&#8230;&#8230;&#8230;&#8230;&#8230;&#8230;&#8230;&#8230;&#8230;&#8230;&#8230;&#8230;&#8230;&#8230;<\/P><br \/>\n<P class=MsoNoSpacing style=\"MARGIN: 0cm 0cm 0pt\"><o:p>&nbsp;<\/o:p><\/P><br \/>\n<P class=MsoNoSpacing style=\"MARGIN: 0cm 0cm 0pt\">&#8230;&#8230;&#8230;&#8230;&#8230;&#8230;&#8230;&#8230;&#8230;&#8230;&#8230;&#8230;&#8230;&#8230;&#8230;&#8230;&#8230;&#8230;&#8230;&#8230;&#8230;&#8230;&#8230;&#8230;&#8230;&#8230;&#8230;&#8230;&#8230;&#8230;&#8230;<\/P><br \/>\n<P class=MsoNoSpacing style=\"MARGIN: 0cm 0cm 0pt\"><o:p>&nbsp;<\/o:p><\/P><br \/>\n<P class=MsoNoSpacing style=\"MARGIN: 0cm 0cm 0pt\">\u00a7 4o Despesas realizadas por \u00f3rg\u00e3os partid\u00e1rios municipais ou estaduais ou por candidatos majorit\u00e1rios nas respectivas circunscri\u00e7\u00f5es devem ser assumidas e pagas exclusivamente pela esfera partid\u00e1ria correspondente, salvo acordo expresso com \u00f3rg\u00e3o de outra esfera partid\u00e1ria.<\/P><br \/>\n<P class=MsoNoSpacing style=\"MARGIN: 0cm 0cm 0pt\"><o:p>&nbsp;<\/o:p><\/P><br \/>\n<P class=MsoNoSpacing style=\"MARGIN: 0cm 0cm 0pt\">\u00a7 5o Em caso de n\u00e3o pagamento, as despesas n\u00e3o poder\u00e3o ser cobradas judicialmente dos \u00f3rg\u00e3os superiores dos partidos pol\u00edticos, recaindo eventual penhora exclusivamente sobre o \u00f3rg\u00e3o partid\u00e1rio que contraiu a d\u00edvida executada.<\/P><br \/>\n<P class=MsoNoSpacing style=\"MARGIN: 0cm 0cm 0pt\"><o:p>&nbsp;<\/o:p><\/P><br \/>\n<P class=MsoNoSpacing style=\"MARGIN: 0cm 0cm 0pt\">\u00a7 6o O disposto no inciso III do caput refere-se apenas aos \u00f3rg\u00e3os nacionais dos partidos pol\u00edticos que deixarem de prestar contas ao Tribunal Superior Eleitoral, n\u00e3o ocorrendo o cancelamento do registro civil e do estatuto do partido quando a omiss\u00e3o for dos \u00f3rg\u00e3os partid\u00e1rios regionais ou municipais.&#8221; (NR)<\/P><br \/>\n<P class=MsoNoSpacing style=\"MARGIN: 0cm 0cm 0pt\"><o:p>&nbsp;<\/o:p><\/P><br \/>\n<P class=MsoNoSpacing style=\"MARGIN: 0cm 0cm 0pt\">&#8220;Art. 37. &#8230;&#8230;&#8230;&#8230;&#8230;&#8230;&#8230;&#8230;&#8230;&#8230;&#8230;&#8230;&#8230;&#8230;&#8230;&#8230;&#8230;&#8230;&#8230;&#8230;&#8230;&#8230;&#8230;&#8230;<\/P><br \/>\n<P class=MsoNoSpacing style=\"MARGIN: 0cm 0cm 0pt\"><o:p>&nbsp;<\/o:p><\/P><br \/>\n<P class=MsoNoSpacing style=\"MARGIN: 0cm 0cm 0pt\">&#8230;&#8230;&#8230;&#8230;&#8230;&#8230;&#8230;&#8230;&#8230;&#8230;&#8230;&#8230;&#8230;&#8230;&#8230;&#8230;&#8230;&#8230;&#8230;&#8230;&#8230;&#8230;&#8230;&#8230;&#8230;&#8230;&#8230;&#8230;&#8230;&#8230;&#8230;<\/P><br \/>\n<P class=MsoNoSpacing style=\"MARGIN: 0cm 0cm 0pt\"><o:p>&nbsp;<\/o:p><\/P><br \/>\n<P class=MsoNoSpacing style=\"MARGIN: 0cm 0cm 0pt\">\u00a7 3o A san\u00e7\u00e3o de suspens\u00e3o do repasse de novas quotas do Fundo Partid\u00e1rio, por desaprova\u00e7\u00e3o total ou parcial da presta\u00e7\u00e3o de contas de partido, dever\u00e1 ser aplicada de forma proporcional e razo\u00e1vel, pelo per\u00edodo de 1 (um) m\u00eas a 12 (doze) meses, ou por meio do desconto, do valor a ser repassado, da import\u00e2ncia apontada como irregular, n\u00e3o podendo ser aplicada a san\u00e7\u00e3o de suspens\u00e3o, caso a presta\u00e7\u00e3o de contas n\u00e3o seja julgada, pelo ju\u00edzo ou tribunal competente, ap\u00f3s 5 (cinco) anos de sua apresenta\u00e7\u00e3o.<\/P><br \/>\n<P class=MsoNoSpacing style=\"MARGIN: 0cm 0cm 0pt\"><o:p>&nbsp;<\/o:p><\/P><br \/>\n<P class=MsoNoSpacing style=\"MARGIN: 0cm 0cm 0pt\">\u00a7 4o Da decis\u00e3o que desaprovar total ou parcialmente a presta\u00e7\u00e3o de contas dos \u00f3rg\u00e3os partid\u00e1rios caber\u00e1 recurso para os Tribunais Regionais Eleitorais ou para o Tribunal Superior Eleitoral, conforme o caso, o qual dever\u00e1 ser recebido com efeito suspensivo.<\/P><br \/>\n<P class=MsoNoSpacing style=\"MARGIN: 0cm 0cm 0pt\"><o:p>&nbsp;<\/o:p><\/P><br \/>\n<P class=MsoNoSpacing style=\"MARGIN: 0cm 0cm 0pt\">\u00a7 5o As presta\u00e7\u00f5es de contas desaprovadas pelos Tribunais Regionais e pelo Tribunal Superior poder\u00e3o ser revistas para fins de aplica\u00e7\u00e3o proporcional da san\u00e7\u00e3o aplicada, mediante requerimento ofertado nos autos da presta\u00e7\u00e3o de contas.<\/P><br \/>\n<P class=MsoNoSpacing style=\"MARGIN: 0cm 0cm 0pt\"><o:p>&nbsp;<\/o:p><\/P><br \/>\n<P class=MsoNoSpacing style=\"MARGIN: 0cm 0cm 0pt\">\u00a7 6o O exame da presta\u00e7\u00e3o de contas dos \u00f3rg\u00e3os partid\u00e1rios tem car\u00e1ter jurisdicional.&#8221; (NR)<\/P><br \/>\n<P class=MsoNoSpacing style=\"MARGIN: 0cm 0cm 0pt\"><o:p>&nbsp;<\/o:p><\/P><br \/>\n<P class=MsoNoSpacing style=\"MARGIN: 0cm 0cm 0pt\">&#8220;Art. 39. &#8230;&#8230;&#8230;&#8230;&#8230;&#8230;&#8230;&#8230;&#8230;&#8230;&#8230;&#8230;&#8230;&#8230;&#8230;&#8230;&#8230;&#8230;&#8230;&#8230;&#8230;&#8230;&#8230;&#8230;<\/P><br \/>\n<P class=MsoNoSpacing style=\"MARGIN: 0cm 0cm 0pt\"><o:p>&nbsp;<\/o:p><\/P><br \/>\n<P class=MsoNoSpacing style=\"MARGIN: 0cm 0cm 0pt\">&#8230;&#8230;&#8230;&#8230;&#8230;&#8230;&#8230;&#8230;&#8230;&#8230;&#8230;&#8230;&#8230;&#8230;&#8230;&#8230;&#8230;&#8230;&#8230;&#8230;&#8230;&#8230;&#8230;&#8230;&#8230;&#8230;&#8230;&#8230;&#8230;&#8230;&#8230;<\/P><br \/>\n<P class=MsoNoSpacing style=\"MARGIN: 0cm 0cm 0pt\"><o:p>&nbsp;<\/o:p><\/P><br \/>\n<P class=MsoNoSpacing style=\"MARGIN: 0cm 0cm 0pt\">\u00a7 5o Em ano eleitoral, os partidos pol\u00edticos poder\u00e3o aplicar ou distribuir pelas diversas elei\u00e7\u00f5es os recursos financeiros recebidos de pessoas f\u00edsicas e jur\u00eddicas, observando-se o disposto no \u00a7 1\u00ba do art. 23, no art. 24 e no \u00a7 1o do art. 81 da Lei no 9.504, de 30 de setembro de 1997, e os crit\u00e9rios definidos pelos respectivos \u00f3rg\u00e3os de dire\u00e7\u00e3o e pelas normas estatut\u00e1rias.&#8221; (NR)<\/P><br \/>\n<P class=MsoNoSpacing style=\"MARGIN: 0cm 0cm 0pt\"><o:p>&nbsp;<\/o:p><\/P><br \/>\n<P class=MsoNoSpacing style=\"MARGIN: 0cm 0cm 0pt\">&#8220;Art. 44. &#8230;&#8230;&#8230;&#8230;&#8230;&#8230;&#8230;&#8230;&#8230;&#8230;&#8230;&#8230;&#8230;&#8230;&#8230;&#8230;&#8230;&#8230;&#8230;&#8230;&#8230;&#8230;&#8230;&#8230;..<\/P><br \/>\n<P class=MsoNoSpacing style=\"MARGIN: 0cm 0cm 0pt\"><o:p>&nbsp;<\/o:p><\/P><br \/>\n<P class=MsoNoSpacing style=\"MARGIN: 0cm 0cm 0pt\">I &#8211; na manuten\u00e7\u00e3o das sedes e servi\u00e7os do partido, permitido o pagamento de pessoal, a qualquer t\u00edtulo, observado neste \u00faltimo caso o limite m\u00e1ximo de 50% (cinquenta por cento) do total recebido;<\/P><br \/>\n<P class=MsoNoSpacing style=\"MARGIN: 0cm 0cm 0pt\"><o:p>&nbsp;<\/o:p><\/P><br \/>\n<P class=MsoNoSpacing style=\"MARGIN: 0cm 0cm 0pt\">&#8230;&#8230;&#8230;&#8230;&#8230;&#8230;&#8230;&#8230;&#8230;&#8230;&#8230;&#8230;&#8230;&#8230;&#8230;&#8230;&#8230;&#8230;&#8230;&#8230;&#8230;&#8230;&#8230;&#8230;&#8230;&#8230;&#8230;&#8230;&#8230;&#8230;&#8230;<\/P><br \/>\n<P class=MsoNoSpacing style=\"MARGIN: 0cm 0cm 0pt\"><o:p>&nbsp;<\/o:p><\/P><br \/>\n<P class=MsoNoSpacing style=\"MARGIN: 0cm 0cm 0pt\">V &#8211; na cria\u00e7\u00e3o e manuten\u00e7\u00e3o de programas de promo\u00e7\u00e3o e difus\u00e3o da participa\u00e7\u00e3o pol\u00edtica das mulheres conforme percentual que ser\u00e1 fixado pelo \u00f3rg\u00e3o nacional de dire\u00e7\u00e3o partid\u00e1ria, observado o m\u00ednimo de 5% (cinco por cento) do total.<\/P><br \/>\n<P class=MsoNoSpacing style=\"MARGIN: 0cm 0cm 0pt\"><o:p>&nbsp;<\/o:p><\/P><br \/>\n<P class=MsoNoSpacing style=\"MARGIN: 0cm 0cm 0pt\">&#8230;&#8230;&#8230;&#8230;&#8230;&#8230;&#8230;&#8230;&#8230;&#8230;&#8230;&#8230;&#8230;&#8230;&#8230;&#8230;&#8230;&#8230;&#8230;&#8230;&#8230;&#8230;&#8230;&#8230;&#8230;&#8230;&#8230;&#8230;&#8230;&#8230;&#8230;<\/P><br \/>\n<P class=MsoNoSpacing style=\"MARGIN: 0cm 0cm 0pt\"><o:p>&nbsp;<\/o:p><\/P><br \/>\n<P class=MsoNoSpacing style=\"MARGIN: 0cm 0cm 0pt\">\u00a7 4o N\u00e3o se incluem no c\u00f4mputo do percentual previsto no inciso I deste artigo encargos e tributos de qualquer natureza.<\/P><br \/>\n<P class=MsoNoSpacing style=\"MARGIN: 0cm 0cm 0pt\"><o:p>&nbsp;<\/o:p><\/P><br \/>\n<P class=MsoNoSpacing style=\"MARGIN: 0cm 0cm 0pt\">\u00a7 5o O partido que n\u00e3o cumprir o disposto no inciso V do caput deste artigo dever\u00e1, no ano subsequente, acrescer o percentual de 2,5% (dois inteiros e cinco d\u00e9cimos por cento) do Fundo Partid\u00e1rio para essa destina\u00e7\u00e3o, ficando impedido de utiliz\u00e1-lo para finalidade diversa.&#8221; (NR)<\/P><br \/>\n<P class=MsoNoSpacing style=\"MARGIN: 0cm 0cm 0pt\"><o:p>&nbsp;<\/o:p><\/P><br \/>\n<P class=MsoNoSpacing style=\"MARGIN: 0cm 0cm 0pt\">&#8220;Art. 45. &#8230;&#8230;&#8230;&#8230;&#8230;&#8230;&#8230;&#8230;&#8230;&#8230;&#8230;&#8230;&#8230;&#8230;&#8230;&#8230;&#8230;&#8230;&#8230;&#8230;&#8230;&#8230;&#8230;&#8230;<\/P><br \/>\n<P class=MsoNoSpacing style=\"MARGIN: 0cm 0cm 0pt\"><o:p>&nbsp;<\/o:p><\/P><br \/>\n<P class=MsoNoSpacing style=\"MARGIN: 0cm 0cm 0pt\">&#8230;&#8230;&#8230;&#8230;&#8230;&#8230;&#8230;&#8230;&#8230;&#8230;&#8230;&#8230;&#8230;&#8230;&#8230;&#8230;&#8230;&#8230;&#8230;&#8230;&#8230;&#8230;&#8230;&#8230;&#8230;&#8230;&#8230;&#8230;&#8230;&#8230;&#8230;<\/P><br \/>\n<P class=MsoNoSpacing style=\"MARGIN: 0cm 0cm 0pt\"><o:p>&nbsp;<\/o:p><\/P><br \/>\n<P class=MsoNoSpacing style=\"MARGIN: 0cm 0cm 0pt\">IV &#8211; promover e difundir a participa\u00e7\u00e3o pol\u00edtica feminina, dedicando \u00e0s mulheres o tempo que ser\u00e1 fixado pelo \u00f3rg\u00e3o nacional de dire\u00e7\u00e3o partid\u00e1ria, observado o m\u00ednimo de 10% (dez por cento).<\/P><br \/>\n<P class=MsoNoSpacing style=\"MARGIN: 0cm 0cm 0pt\"><o:p>&nbsp;<\/o:p><\/P><br \/>\n<P class=MsoNoSpacing style=\"MARGIN: 0cm 0cm 0pt\">&#8230;&#8230;&#8230;&#8230;&#8230;&#8230;&#8230;&#8230;&#8230;&#8230;&#8230;&#8230;&#8230;&#8230;&#8230;&#8230;&#8230;&#8230;&#8230;&#8230;&#8230;&#8230;&#8230;&#8230;&#8230;&#8230;&#8230;&#8230;&#8230;&#8230;&#8230;<\/P><br \/>\n<P class=MsoNoSpacing style=\"MARGIN: 0cm 0cm 0pt\"><o:p>&nbsp;<\/o:p><\/P><br \/>\n<P class=MsoNoSpacing style=\"MARGIN: 0cm 0cm 0pt\">\u00a7 2o O partido que contrariar o disposto neste artigo ser\u00e1 punido:<\/P><br \/>\n<P class=MsoNoSpacing style=\"MARGIN: 0cm 0cm 0pt\"><o:p>&nbsp;<\/o:p><\/P><br \/>\n<P class=MsoNoSpacing style=\"MARGIN: 0cm 0cm 0pt\">I &#8211; quando a infra\u00e7\u00e3o ocorrer nas transmiss\u00f5es em bloco, com a cassa\u00e7\u00e3o do direito de transmiss\u00e3o no semestre seguinte;<\/P><br \/>\n<P class=MsoNoSpacing style=\"MARGIN: 0cm 0cm 0pt\"><o:p>&nbsp;<\/o:p><\/P><br \/>\n<P class=MsoNoSpacing style=\"MARGIN: 0cm 0cm 0pt\">II &#8211; quando a infra\u00e7\u00e3o ocorrer nas transmiss\u00f5es em inser\u00e7\u00f5es, com a cassa\u00e7\u00e3o de tempo equivalente a 5 (cinco) vezes ao da inser\u00e7\u00e3o il\u00edcita, no semestre seguinte.<\/P><br \/>\n<P class=MsoNoSpacing style=\"MARGIN: 0cm 0cm 0pt\"><o:p>&nbsp;<\/o:p><\/P><br \/>\n<P class=MsoNoSpacing style=\"MARGIN: 0cm 0cm 0pt\">\u00a7 3o A representa\u00e7\u00e3o, que somente poder\u00e1 ser oferecida por partido pol\u00edtico, ser\u00e1 julgada pelo Tribunal Superior Eleitoral quando se tratar de programa em bloco ou inser\u00e7\u00f5es nacionais e pelos Tribunais Regionais Eleitorais quando se tratar de programas em bloco ou inser\u00e7\u00f5es transmitidos nos Estados correspondentes.<\/P><br \/>\n<P class=MsoNoSpacing style=\"MARGIN: 0cm 0cm 0pt\"><o:p>&nbsp;<\/o:p><\/P><br \/>\n<P class=MsoNoSpacing style=\"MARGIN: 0cm 0cm 0pt\">\u00a7 4o O prazo para o oferecimento da representa\u00e7\u00e3o encerra-se no \u00faltimo dia do semestre em que for veiculado o programa impugnado, ou se este tiver sido transmitido nos \u00faltimos 30 (trinta) dias desse per\u00edodo, at\u00e9 o 15o (d\u00e9cimo quinto) dia do semestre seguinte.<\/P><br \/>\n<P class=MsoNoSpacing style=\"MARGIN: 0cm 0cm 0pt\"><o:p>&nbsp;<\/o:p><\/P><br \/>\n<P class=MsoNoSpacing style=\"MARGIN: 0cm 0cm 0pt\">\u00a7 5o Das decis\u00f5es dos Tribunais Regionais Eleitorais que julgarem procedente representa\u00e7\u00e3o, cassando o direito de transmiss\u00e3o de propaganda partid\u00e1ria, caber\u00e1 recurso para o Tribunal Superior Eleitoral, que ser\u00e1 recebido com efeito suspensivo.<\/P><br \/>\n<P class=MsoNoSpacing style=\"MARGIN: 0cm 0cm 0pt\"><o:p>&nbsp;<\/o:p><\/P><br \/>\n<P class=MsoNoSpacing style=\"MARGIN: 0cm 0cm 0pt\">\u00a7 6o A propaganda partid\u00e1ria, no r\u00e1dio e na televis\u00e3o, fica restrita aos hor\u00e1rios gratuitos disciplinados nesta Lei, com proibi\u00e7\u00e3o de propaganda paga.&#8221; (NR)<\/P><br \/>\n<P class=MsoNoSpacing style=\"MARGIN: 0cm 0cm 0pt\"><o:p>&nbsp;<\/o:p><\/P><br \/>\n<P class=MsoNoSpacing style=\"MARGIN: 0cm 0cm 0pt\">Art. 3o A Lei no 9.504, de 30 de setembro de 1997, passa a vigorar com as seguintes altera\u00e7\u00f5es:<\/P><br \/>\n<P class=MsoNoSpacing style=\"MARGIN: 0cm 0cm 0pt\"><o:p>&nbsp;<\/o:p><\/P><br \/>\n<P class=MsoNoSpacing style=\"MARGIN: 0cm 0cm 0pt\">&#8220;Art. 6o &#8230;&#8230;&#8230;&#8230;&#8230;&#8230;&#8230;&#8230;&#8230;&#8230;&#8230;&#8230;&#8230;&#8230;&#8230;&#8230;&#8230;&#8230;&#8230;&#8230;&#8230;&#8230;&#8230;&#8230;.<\/P><br \/>\n<P class=MsoNoSpacing style=\"MARGIN: 0cm 0cm 0pt\"><o:p>&nbsp;<\/o:p><\/P><br \/>\n<P class=MsoNoSpacing style=\"MARGIN: 0cm 0cm 0pt\">&#8230;&#8230;&#8230;&#8230;&#8230;&#8230;&#8230;&#8230;&#8230;&#8230;&#8230;&#8230;&#8230;&#8230;&#8230;&#8230;&#8230;&#8230;&#8230;&#8230;&#8230;&#8230;&#8230;&#8230;&#8230;&#8230;&#8230;&#8230;&#8230;&#8230;&#8230;<\/P><br \/>\n<P class=MsoNoSpacing style=\"MARGIN: 0cm 0cm 0pt\"><o:p>&nbsp;<\/o:p><\/P><br \/>\n<P class=MsoNoSpacing style=\"MARGIN: 0cm 0cm 0pt\">\u00a7 1o-A. A denomina\u00e7\u00e3o da coliga\u00e7\u00e3o n\u00e3o poder\u00e1 coincidir, incluir ou fazer refer\u00eancia a nome ou n\u00famero de candidato, nem conter pedido de voto para partido pol\u00edtico.<\/P><br \/>\n<P class=MsoNoSpacing style=\"MARGIN: 0cm 0cm 0pt\"><o:p>&nbsp;<\/o:p><\/P><br \/>\n<P class=MsoNoSpacing style=\"MARGIN: 0cm 0cm 0pt\">&#8230;&#8230;&#8230;&#8230;&#8230;&#8230;&#8230;&#8230;&#8230;&#8230;&#8230;&#8230;&#8230;&#8230;&#8230;&#8230;&#8230;&#8230;&#8230;&#8230;&#8230;&#8230;&#8230;&#8230;&#8230;&#8230;&#8230;&#8230;&#8230;&#8230;&#8230;<\/P><br \/>\n<P class=MsoNoSpacing style=\"MARGIN: 0cm 0cm 0pt\"><o:p>&nbsp;<\/o:p><\/P><br \/>\n<P class=MsoNoSpacing style=\"MARGIN: 0cm 0cm 0pt\">\u00a7 4o O partido pol\u00edtico coligado somente possui legitimidade para atuar de forma isolada no processo eleitoral quando questionar a validade da pr\u00f3pria coliga\u00e7\u00e3o, durante o per\u00edodo compreendido entre a data da conven\u00e7\u00e3o e o termo final do prazo para a impugna\u00e7\u00e3o do registro de candidatos.&#8221; (NR)<\/P><br \/>\n<P class=MsoNoSpacing style=\"MARGIN: 0cm 0cm 0pt\"><o:p>&nbsp;<\/o:p><\/P><br \/>\n<P class=MsoNoSpacing style=\"MARGIN: 0cm 0cm 0pt\">&#8220;Art. 7o &#8230;&#8230;&#8230;&#8230;&#8230;&#8230;&#8230;&#8230;&#8230;&#8230;&#8230;&#8230;&#8230;&#8230;&#8230;&#8230;&#8230;&#8230;&#8230;&#8230;&#8230;&#8230;&#8230;&#8230;..<\/P><br \/>\n<P class=MsoNoSpacing style=\"MARGIN: 0cm 0cm 0pt\"><o:p>&nbsp;<\/o:p><\/P><br \/>\n<P class=MsoNoSpacing style=\"MARGIN: 0cm 0cm 0pt\">&#8230;&#8230;&#8230;&#8230;&#8230;&#8230;&#8230;&#8230;&#8230;&#8230;&#8230;&#8230;&#8230;&#8230;&#8230;&#8230;&#8230;&#8230;&#8230;&#8230;&#8230;&#8230;&#8230;&#8230;&#8230;&#8230;&#8230;&#8230;&#8230;&#8230;&#8230;<\/P><br \/>\n<P class=MsoNoSpacing style=\"MARGIN: 0cm 0cm 0pt\"><o:p>&nbsp;<\/o:p><\/P><br \/>\n<P class=MsoNoSpacing style=\"MARGIN: 0cm 0cm 0pt\">\u00a7 2o Se a conven\u00e7\u00e3o partid\u00e1ria de n\u00edvel inferior se opuser, na delibera\u00e7\u00e3o sobre coliga\u00e7\u00f5es, \u00e0s diretrizes legitimamente estabelecidas pelo \u00f3rg\u00e3o de dire\u00e7\u00e3o nacional, nos termos do respectivo estatuto, poder\u00e1 esse \u00f3rg\u00e3o anular a delibera\u00e7\u00e3o e os atos dela decorrentes.<\/P><br \/>\n<P class=MsoNoSpacing style=\"MARGIN: 0cm 0cm 0pt\"><o:p>&nbsp;<\/o:p><\/P><br \/>\n<P class=MsoNoSpacing style=\"MARGIN: 0cm 0cm 0pt\">\u00a7 3o As anula\u00e7\u00f5es de delibera\u00e7\u00f5es dos atos decorrentes de conven\u00e7\u00e3o partid\u00e1ria, na condi\u00e7\u00e3o acima estabelecida, dever\u00e3o ser comunicadas \u00e0 Justi\u00e7a Eleitoral no prazo de 30 (trinta) dias ap\u00f3s a data limite para o registro de candidatos.<\/P><br \/>\n<P class=MsoNoSpacing style=\"MARGIN: 0cm 0cm 0pt\"><o:p>&nbsp;<\/o:p><\/P><br \/>\n<P class=MsoNoSpacing style=\"MARGIN: 0cm 0cm 0pt\">\u00a7 4o Se, da anula\u00e7\u00e3o, decorrer a necessidade de escolha de novos candidatos, o pedido de registro dever\u00e1 ser apresentado \u00e0 Justi\u00e7a Eleitoral nos 10 (dez) dias seguintes \u00e0 delibera\u00e7\u00e3o, observado o disposto no art. 13.&#8221; (NR)<\/P><br \/>\n<P class=MsoNoSpacing style=\"MARGIN: 0cm 0cm 0pt\"><o:p>&nbsp;<\/o:p><\/P><br \/>\n<P class=MsoNoSpacing style=\"MARGIN: 0cm 0cm 0pt\">&#8220;Art. 10. &#8230;&#8230;&#8230;&#8230;&#8230;&#8230;&#8230;&#8230;&#8230;&#8230;&#8230;&#8230;&#8230;&#8230;&#8230;&#8230;&#8230;&#8230;&#8230;&#8230;&#8230;&#8230;&#8230;..<\/P><br \/>\n<P class=MsoNoSpacing style=\"MARGIN: 0cm 0cm 0pt\"><o:p>&nbsp;<\/o:p><\/P><br \/>\n<P class=MsoNoSpacing style=\"MARGIN: 0cm 0cm 0pt\">&#8230;&#8230;&#8230;&#8230;&#8230;&#8230;&#8230;&#8230;&#8230;&#8230;&#8230;&#8230;&#8230;&#8230;&#8230;&#8230;&#8230;&#8230;&#8230;&#8230;&#8230;&#8230;&#8230;&#8230;&#8230;&#8230;&#8230;&#8230;&#8230;&#8230;&#8230;<\/P><br \/>\n<P class=MsoNoSpacing style=\"MARGIN: 0cm 0cm 0pt\"><o:p>&nbsp;<\/o:p><\/P><br \/>\n<P class=MsoNoSpacing style=\"MARGIN: 0cm 0cm 0pt\">\u00a7 3o Do n\u00famero de vagas resultante das regras previstas neste artigo, cada partido ou coliga\u00e7\u00e3o preencher\u00e1 o m\u00ednimo de 30% (trinta por cento) e o m\u00e1ximo de 70% (setenta por cento) para candidaturas de cada sexo.<\/P><br \/>\n<P class=MsoNoSpacing style=\"MARGIN: 0cm 0cm 0pt\"><o:p>&nbsp;<\/o:p><\/P><br \/>\n<P class=MsoNoSpacing style=\"MARGIN: 0cm 0cm 0pt\">&#8230;&#8230;&#8230;&#8230;&#8230;&#8230;&#8230;&#8230;&#8230;&#8230;&#8230;&#8230;&#8230;&#8230;&#8230;&#8230;&#8230;&#8230;&#8230;&#8230;&#8230;&#8230;&#8230;&#8230;&#8230;&#8230;&#8230;..&#8221; (NR)<\/P><br \/>\n<P class=MsoNoSpacing style=\"MARGIN: 0cm 0cm 0pt\"><o:p>&nbsp;<\/o:p><\/P><br \/>\n<P class=MsoNoSpacing style=\"MARGIN: 0cm 0cm 0pt\">&#8220;Art. 11. &#8230;&#8230;&#8230;&#8230;&#8230;\u0085\u0085\u0085\u0085\u0085&#8230;&#8230;&#8230;&#8230;&#8230;&#8230;&#8230;&#8230;&#8230;&#8230;&#8230;&#8230;&#8230;&#8230;..<\/P><br \/>\n<P class=MsoNoSpacing style=\"MARGIN: 0cm 0cm 0pt\"><o:p>&nbsp;<\/o:p><\/P><br \/>\n<P class=MsoNoSpacing style=\"MARGIN: 0cm 0cm 0pt\">\u00a7 1o &#8230;&#8230;&#8230;&#8230;&#8230;&#8230;&#8230;&#8230;&#8230;\u0085\u0085\u0085\u0085\u0085\u0085\u0085\u0085&#8230;&#8230;&#8230;&#8230;&#8230;&#8230;&#8230;&#8230;&#8230;&#8230;<\/P><br \/>\n<P class=MsoNoSpacing style=\"MARGIN: 0cm 0cm 0pt\"><o:p>&nbsp;<\/o:p><\/P><br \/>\n<P class=MsoNoSpacing style=\"MARGIN: 0cm 0cm 0pt\">&#8230;&#8230;&#8230;&#8230;&#8230;&#8230;&#8230;&#8230;&#8230;&#8230;&#8230;&#8230;&#8230;&#8230;&#8230;&#8230;&#8230;&#8230;&#8230;&#8230;&#8230;&#8230;&#8230;&#8230;&#8230;&#8230;&#8230;&#8230;&#8230;&#8230;&#8230;<\/P><br \/>\n<P class=MsoNoSpacing style=\"MARGIN: 0cm 0cm 0pt\"><o:p>&nbsp;<\/o:p><\/P><br \/>\n<P class=MsoNoSpacing style=\"MARGIN: 0cm 0cm 0pt\">IX &#8211; propostas defendidas pelo candidato a Prefeito, a Governador de Estado e a Presidente da Rep\u00fablica.<\/P><br \/>\n<P class=MsoNoSpacing style=\"MARGIN: 0cm 0cm 0pt\"><o:p>&nbsp;<\/o:p><\/P><br \/>\n<P class=MsoNoSpacing style=\"MARGIN: 0cm 0cm 0pt\">&#8230;&#8230;&#8230;&#8230;&#8230;&#8230;&#8230;&#8230;&#8230;&#8230;&#8230;&#8230;&#8230;&#8230;&#8230;&#8230;&#8230;&#8230;&#8230;&#8230;&#8230;&#8230;&#8230;&#8230;&#8230;&#8230;&#8230;&#8230;&#8230;&#8230;&#8230;<\/P><br \/>\n<P class=MsoNoSpacing style=\"MARGIN: 0cm 0cm 0pt\"><o:p>&nbsp;<\/o:p><\/P><br \/>\n<P class=MsoNoSpacing style=\"MARGIN: 0cm 0cm 0pt\">\u00a7 4o Na hip\u00f3tese de o partido ou coliga\u00e7\u00e3o n\u00e3o requerer o registro de seus candidatos, estes poder\u00e3o faz\u00ea-lo perante a Justi\u00e7a Eleitoral, observado o prazo m\u00e1ximo de quarenta e oito horas seguintes \u00e0 publica\u00e7\u00e3o da lista dos candidatos pela Justi\u00e7a Eleitoral.<\/P><br \/>\n<P class=MsoNoSpacing style=\"MARGIN: 0cm 0cm 0pt\"><o:p>&nbsp;<\/o:p><\/P><br \/>\n<P class=MsoNoSpacing style=\"MARGIN: 0cm 0cm 0pt\">&#8230;&#8230;&#8230;&#8230;&#8230;&#8230;&#8230;&#8230;&#8230;&#8230;&#8230;&#8230;&#8230;&#8230;&#8230;&#8230;&#8230;&#8230;&#8230;&#8230;&#8230;&#8230;&#8230;&#8230;&#8230;&#8230;&#8230;&#8230;&#8230;&#8230;&#8230;<\/P><br \/>\n<P class=MsoNoSpacing style=\"MARGIN: 0cm 0cm 0pt\"><o:p>&nbsp;<\/o:p><\/P><br \/>\n<P class=MsoNoSpacing style=\"MARGIN: 0cm 0cm 0pt\">\u00a7 6o A Justi\u00e7a Eleitoral possibilitar\u00e1 aos interessados acesso aos documentos apresentados para os fins do disposto no \u00a7 1o.<\/P><br \/>\n<P class=MsoNoSpacing style=\"MARGIN: 0cm 0cm 0pt\"><o:p>&nbsp;<\/o:p><\/P><br \/>\n<P class=MsoNoSpacing style=\"MARGIN: 0cm 0cm 0pt\">\u00a7 7o A certid\u00e3o de quita\u00e7\u00e3o eleitoral abranger\u00e1 exclusivamente a plenitude do gozo dos direitos pol\u00edticos, o regular exerc\u00edcio do voto, o atendimento a convoca\u00e7\u00f5es da Justi\u00e7a Eleitoral para auxiliar os trabalhos relativos ao pleito, a inexist\u00eancia de multas aplicadas, em car\u00e1ter definitivo, pela Justi\u00e7a Eleitoral e n\u00e3o remitidas, e a apresenta\u00e7\u00e3o de contas de campanha eleitoral.<\/P><br \/>\n<P class=MsoNoSpacing style=\"MARGIN: 0cm 0cm 0pt\"><o:p>&nbsp;<\/o:p><\/P><br \/>\n<P class=MsoNoSpacing style=\"MARGIN: 0cm 0cm 0pt\">\u00a7 8o Para fins de expedi\u00e7\u00e3o da certid\u00e3o de que trata o \u00a7 7o, considerar-se-\u00e3o quites aqueles que:<\/P><br \/>\n<P class=MsoNoSpacing style=\"MARGIN: 0cm 0cm 0pt\"><o:p>&nbsp;<\/o:p><\/P><br \/>\n<P class=MsoNoSpacing style=\"MARGIN: 0cm 0cm 0pt\">I &#8211; condenados ao pagamento de multa, tenham, at\u00e9 a data da formaliza\u00e7\u00e3o do seu pedido de registro de candidatura, comprovado o pagamento ou o parcelamento da d\u00edvida regularmente cumprido;<\/P><br \/>\n<P class=MsoNoSpacing style=\"MARGIN: 0cm 0cm 0pt\"><o:p>&nbsp;<\/o:p><\/P><br \/>\n<P class=MsoNoSpacing style=\"MARGIN: 0cm 0cm 0pt\">II &#8211; pagarem a multa que lhes couber individualmente, excluindo-se qualquer modalidade de responsabilidade solid\u00e1ria, mesmo quando imposta concomitantemente com outros candidatos e em raz\u00e3o do mesmo fato.<\/P><br \/>\n<P class=MsoNoSpacing style=\"MARGIN: 0cm 0cm 0pt\"><o:p>&nbsp;<\/o:p><\/P><br \/>\n<P class=MsoNoSpacing style=\"MARGIN: 0cm 0cm 0pt\">\u00a7 9o A Justi\u00e7a Eleitoral enviar\u00e1 aos partidos pol\u00edticos, na respectiva circunscri\u00e7\u00e3o, at\u00e9 o dia 5 de junho do ano da elei\u00e7\u00e3o, a rela\u00e7\u00e3o de todos os devedores de multa eleitoral, a qual embasar\u00e1 a expedi\u00e7\u00e3o das certid\u00f5es de quita\u00e7\u00e3o eleitoral.<\/P><br \/>\n<P class=MsoNoSpacing style=\"MARGIN: 0cm 0cm 0pt\"><o:p>&nbsp;<\/o:p><\/P><br \/>\n<P class=MsoNoSpacing style=\"MARGIN: 0cm 0cm 0pt\">\u00a7 10. As condi\u00e7\u00f5es de elegibilidade e as causas de inelegibilidade devem ser aferidas no momento da formaliza\u00e7\u00e3o do pedido de registro da candidatura, ressalvadas as altera\u00e7\u00f5es, f\u00e1ticas ou jur\u00eddicas, supervenientes ao registro que afastem a inelegibilidade.<\/P><br \/>\n<P class=MsoNoSpacing style=\"MARGIN: 0cm 0cm 0pt\"><o:p>&nbsp;<\/o:p><\/P><br \/>\n<P class=MsoNoSpacing style=\"MARGIN: 0cm 0cm 0pt\">\u00a7 11. A Justi\u00e7a Eleitoral observar\u00e1, no parcelamento a que se refere o \u00a7 8o deste artigo, as regras de parcelamento previstas na legisla\u00e7\u00e3o tribut\u00e1ria federal.<\/P><br \/>\n<P class=MsoNoSpacing style=\"MARGIN: 0cm 0cm 0pt\"><o:p>&nbsp;<\/o:p><\/P><br \/>\n<P class=MsoNoSpacing style=\"MARGIN: 0cm 0cm 0pt\">\u00a7 12. (VETADO)&#8221; (NR)<\/P><br \/>\n<P class=MsoNoSpacing style=\"MARGIN: 0cm 0cm 0pt\"><o:p>&nbsp;<\/o:p><\/P><br \/>\n<P class=MsoNoSpacing style=\"MARGIN: 0cm 0cm 0pt\">&#8220;Art. 13. &#8230;&#8230;&#8230;&#8230;&#8230;&#8230;&#8230;&#8230;&#8230;&#8230;&#8230;&#8230;&#8230;&#8230;&#8230;&#8230;&#8230;&#8230;&#8230;&#8230;&#8230;&#8230;&#8230;&#8230;<\/P><br \/>\n<P class=MsoNoSpacing style=\"MARGIN: 0cm 0cm 0pt\"><o:p>&nbsp;<\/o:p><\/P><br \/>\n<P class=MsoNoSpacing style=\"MARGIN: 0cm 0cm 0pt\">\u00a7 1o A escolha do substituto far-se-\u00e1 na forma estabelecida no estatuto do partido a que pertencer o substitu\u00eddo, e o registro dever\u00e1 ser requerido at\u00e9 10 (dez) dias contados do fato ou da notifica\u00e7\u00e3o do partido da decis\u00e3o judicial que deu origem \u00e0 substitui\u00e7\u00e3o.<\/P><br \/>\n<P class=MsoNoSpacing style=\"MARGIN: 0cm 0cm 0pt\"><o:p>&nbsp;<\/o:p><\/P><br \/>\n<P class=MsoNoSpacing style=\"MARGIN: 0cm 0cm 0pt\">&#8230;&#8230;&#8230;&#8230;&#8230;&#8230;&#8230;&#8230;&#8230;&#8230;&#8230;&#8230;&#8230;&#8230;&#8230;&#8230;&#8230;&#8230;&#8230;&#8230;&#8230;&#8230;&#8230;&#8230;&#8230;&#8230;&#8230;..&#8221; (NR)<\/P><br \/>\n<P class=MsoNoSpacing style=\"MARGIN: 0cm 0cm 0pt\"><o:p>&nbsp;<\/o:p><\/P><br \/>\n<P class=MsoNoSpacing style=\"MARGIN: 0cm 0cm 0pt\">&#8220;Art. 16. &#8230;&#8230;&#8230;&#8230;&#8230;&#8230;&#8230;&#8230;&#8230;&#8230;&#8230;&#8230;&#8230;&#8230;&#8230;&#8230;&#8230;&#8230;&#8230;&#8230;&#8230;&#8230;&#8230;&#8230;&#8230;.<\/P><br \/>\n<P class=MsoNoSpacing style=\"MARGIN: 0cm 0cm 0pt\"><o:p>&nbsp;<\/o:p><\/P><br \/>\n<P class=MsoNoSpacing style=\"MARGIN: 0cm 0cm 0pt\">\u00a7 1o At\u00e9 a data prevista no caput, todos os pedidos de registro de candidatos, inclusive os impugnados, e os respectivos recursos, devem estar julgados em todas as inst\u00e2ncias, e publicadas as decis\u00f5es a eles relativas.<\/P><br \/>\n<P class=MsoNoSpacing style=\"MARGIN: 0cm 0cm 0pt\"><o:p>&nbsp;<\/o:p><\/P><br \/>\n<P class=MsoNoSpacing style=\"MARGIN: 0cm 0cm 0pt\">\u00a7 2o Os processos de registro de candidaturas ter\u00e3o prioridade sobre quaisquer outros, devendo a Justi\u00e7a Eleitoral adotar as provid\u00eancias necess\u00e1rias para o cumprimento do prazo previsto no \u00a7 1o, inclusive com a realiza\u00e7\u00e3o de sess\u00f5es extraordin\u00e1rias e a convoca\u00e7\u00e3o dos ju\u00edzes suplentes pelos Tribunais, sem preju\u00edzo da eventual aplica\u00e7\u00e3o do disposto no art. 97 e de representa\u00e7\u00e3o ao Conselho Nacional de Justi\u00e7a.&#8221; (NR)<\/P><br \/>\n<P class=MsoNoSpacing style=\"MARGIN: 0cm 0cm 0pt\"><o:p>&nbsp;<\/o:p><\/P><br \/>\n<P class=MsoNoSpacing style=\"MARGIN: 0cm 0cm 0pt\">&#8220;Art. 22. &#8230;&#8230;&#8230;&#8230;&#8230;&#8230;&#8230;&#8230;&#8230;&#8230;&#8230;&#8230;&#8230;&#8230;&#8230;&#8230;&#8230;&#8230;&#8230;&#8230;&#8230;&#8230;&#8230;&#8230;<\/P><br \/>\n<P class=MsoNoSpacing style=\"MARGIN: 0cm 0cm 0pt\"><o:p>&nbsp;<\/o:p><\/P><br \/>\n<P class=MsoNoSpacing style=\"MARGIN: 0cm 0cm 0pt\">\u00a7 1o Os bancos s\u00e3o obrigados a acatar, em at\u00e9 3 (tr\u00eas) dias, o pedido de abertura de conta de qualquer comit\u00ea financeiro ou candidato escolhido em conven\u00e7\u00e3o, sendo-lhes vedado condicion\u00e1-la \u00e0 dep\u00f3sito m\u00ednimo e \u00e0 cobran\u00e7a de taxas e\/ou outras despesas de manuten\u00e7\u00e3o.<\/P><br \/>\n<P class=MsoNoSpacing style=\"MARGIN: 0cm 0cm 0pt\"><o:p>&nbsp;<\/o:p><\/P><br \/>\n<P class=MsoNoSpacing style=\"MARGIN: 0cm 0cm 0pt\">&#8230;&#8230;&#8230;&#8230;&#8230;&#8230;&#8230;&#8230;&#8230;&#8230;&#8230;&#8230;&#8230;&#8230;&#8230;&#8230;&#8230;&#8230;&#8230;&#8230;&#8230;&#8230;&#8230;&#8230;&#8230;&#8230;&#8230;..&#8221; (NR)<\/P><br \/>\n<P class=MsoNoSpacing style=\"MARGIN: 0cm 0cm 0pt\"><o:p>&nbsp;<\/o:p><\/P><br \/>\n<P class=MsoNoSpacing style=\"MARGIN: 0cm 0cm 0pt\">&#8220;Art. 23. Pessoas f\u00edsicas poder\u00e3o fazer doa\u00e7\u00f5es em dinheiro ou estim\u00e1veis em dinheiro para campanhas eleitorais, obedecido o disposto nesta Lei.<\/P><br \/>\n<P class=MsoNoSpacing style=\"MARGIN: 0cm 0cm 0pt\"><o:p>&nbsp;<\/o:p><\/P><br \/>\n<P class=MsoNoSpacing style=\"MARGIN: 0cm 0cm 0pt\">&#8230;&#8230;&#8230;&#8230;&#8230;&#8230;&#8230;&#8230;&#8230;&#8230;&#8230;&#8230;&#8230;&#8230;&#8230;&#8230;&#8230;&#8230;&#8230;&#8230;&#8230;&#8230;&#8230;&#8230;&#8230;&#8230;&#8230;&#8230;&#8230;&#8230;&#8230;<\/P><br \/>\n<P class=MsoNoSpacing style=\"MARGIN: 0cm 0cm 0pt\"><o:p>&nbsp;<\/o:p><\/P><br \/>\n<P class=MsoNoSpacing style=\"MARGIN: 0cm 0cm 0pt\">\u00a7 2o Toda doa\u00e7\u00e3o a candidato espec\u00edfico ou a partido dever\u00e1 ser feita mediante recibo, em formul\u00e1rio impresso ou em formul\u00e1rio eletr\u00f4nico, no caso de doa\u00e7\u00e3o via internet, em que constem os dados do modelo constante do Anexo, dispensada a assinatura do doador.<\/P><br \/>\n<P class=MsoNoSpacing style=\"MARGIN: 0cm 0cm 0pt\"><o:p>&nbsp;<\/o:p><\/P><br \/>\n<P class=MsoNoSpacing style=\"MARGIN: 0cm 0cm 0pt\">&#8230;&#8230;&#8230;&#8230;&#8230;&#8230;&#8230;&#8230;&#8230;&#8230;&#8230;&#8230;&#8230;&#8230;&#8230;&#8230;&#8230;&#8230;&#8230;&#8230;&#8230;&#8230;&#8230;&#8230;&#8230;&#8230;&#8230;&#8230;&#8230;&#8230;&#8230;<\/P><br \/>\n<P class=MsoNoSpacing style=\"MARGIN: 0cm 0cm 0pt\"><o:p>&nbsp;<\/o:p><\/P><br \/>\n<P class=MsoNoSpacing style=\"MARGIN: 0cm 0cm 0pt\">\u00a7 4o &#8230;&#8230;&#8230;&#8230;&#8230;&#8230;&#8230;&#8230;&#8230;&#8230;&#8230;&#8230;&#8230;&#8230;&#8230;&#8230;&#8230;&#8230;&#8230;&#8230;&#8230;&#8230;&#8230;&#8230;&#8230;&#8230;&#8230;<\/P><br \/>\n<P class=MsoNoSpacing style=\"MARGIN: 0cm 0cm 0pt\"><o:p>&nbsp;<\/o:p><\/P><br \/>\n<P class=MsoNoSpacing style=\"MARGIN: 0cm 0cm 0pt\">&#8230;&#8230;&#8230;&#8230;&#8230;&#8230;&#8230;&#8230;&#8230;&#8230;&#8230;&#8230;&#8230;&#8230;&#8230;&#8230;&#8230;&#8230;&#8230;&#8230;&#8230;&#8230;&#8230;&#8230;&#8230;&#8230;&#8230;&#8230;&#8230;&#8230;&#8230;<\/P><br \/>\n<P class=MsoNoSpacing style=\"MARGIN: 0cm 0cm 0pt\"><o:p>&nbsp;<\/o:p><\/P><br \/>\n<P class=MsoNoSpacing style=\"MARGIN: 0cm 0cm 0pt\">III &#8211; mecanismo dispon\u00edvel em s\u00edtio do candidato, partido ou coliga\u00e7\u00e3o na internet, permitindo inclusive o uso de cart\u00e3o de cr\u00e9dito, e que dever\u00e1 atender aos seguintes requisitos:<\/P><br \/>\n<P class=MsoNoSpacing style=\"MARGIN: 0cm 0cm 0pt\"><o:p>&nbsp;<\/o:p><\/P><br \/>\n<P class=MsoNoSpacing style=\"MARGIN: 0cm 0cm 0pt\">a) identifica\u00e7\u00e3o do doador;<\/P><br \/>\n<P class=MsoNoSpacing style=\"MARGIN: 0cm 0cm 0pt\"><o:p>&nbsp;<\/o:p><\/P><br \/>\n<P class=MsoNoSpacing style=\"MARGIN: 0cm 0cm 0pt\">b) emiss\u00e3o obrigat\u00f3ria de recibo eleitoral para cada doa\u00e7\u00e3o realizada.<\/P><br \/>\n<P class=MsoNoSpacing style=\"MARGIN: 0cm 0cm 0pt\"><o:p>&nbsp;<\/o:p><\/P><br \/>\n<P class=MsoNoSpacing style=\"MARGIN: 0cm 0cm 0pt\">&#8230;&#8230;&#8230;&#8230;&#8230;&#8230;&#8230;&#8230;&#8230;&#8230;&#8230;&#8230;&#8230;&#8230;&#8230;&#8230;&#8230;&#8230;&#8230;&#8230;&#8230;&#8230;&#8230;&#8230;&#8230;&#8230;&#8230;&#8230;&#8230;&#8230;&#8230;<\/P><br \/>\n<P class=MsoNoSpacing style=\"MARGIN: 0cm 0cm 0pt\"><o:p>&nbsp;<\/o:p><\/P><br \/>\n<P class=MsoNoSpacing style=\"MARGIN: 0cm 0cm 0pt\">\u00a7 6o Na hip\u00f3tese de doa\u00e7\u00f5es realizadas por meio da internet, as fraudes ou erros cometidos pelo doador sem conhecimento dos candidatos, partidos ou coliga\u00e7\u00f5es n\u00e3o ensejar\u00e3o a responsabilidade destes nem a rejei\u00e7\u00e3o de suas contas eleitorais.<\/P><br \/>\n<P class=MsoNoSpacing style=\"MARGIN: 0cm 0cm 0pt\"><o:p>&nbsp;<\/o:p><\/P><br \/>\n<P class=MsoNoSpacing style=\"MARGIN: 0cm 0cm 0pt\">\u00a7 7o O limite previsto no inciso I do \u00a7 1o n\u00e3o se aplica a doa\u00e7\u00f5es estim\u00e1veis em dinheiro relativas \u00e0 utiliza\u00e7\u00e3o de bens m\u00f3veis ou im\u00f3veis de propriedade do doador, desde que o valor da doa\u00e7\u00e3o n\u00e3o ultrapasse R$ 50.000,00 (cinquenta mil reais).&#8221; (NR)<\/P><br \/>\n<P class=MsoNoSpacing style=\"MARGIN: 0cm 0cm 0pt\"><o:p>&nbsp;<\/o:p><\/P><br \/>\n<P class=MsoNoSpacing style=\"MARGIN: 0cm 0cm 0pt\">&#8220;Art. 24. &#8230;&#8230;&#8230;&#8230;&#8230;&#8230;&#8230;&#8230;&#8230;&#8230;&#8230;&#8230;&#8230;&#8230;&#8230;&#8230;&#8230;&#8230;&#8230;&#8230;&#8230;&#8230;&#8230;&#8230;..<\/P><br \/>\n<P class=MsoNoSpacing style=\"MARGIN: 0cm 0cm 0pt\"><o:p>&nbsp;<\/o:p><\/P><br \/>\n<P class=MsoNoSpacing style=\"MARGIN: 0cm 0cm 0pt\">&#8230;&#8230;&#8230;&#8230;&#8230;&#8230;&#8230;&#8230;&#8230;&#8230;&#8230;&#8230;&#8230;&#8230;&#8230;&#8230;&#8230;&#8230;&#8230;&#8230;&#8230;&#8230;&#8230;&#8230;&#8230;&#8230;&#8230;&#8230;&#8230;&#8230;&#8230;<\/P><br \/>\n<P class=MsoNoSpacing style=\"MARGIN: 0cm 0cm 0pt\"><o:p>&nbsp;<\/o:p><\/P><br \/>\n<P class=MsoNoSpacing style=\"MARGIN: 0cm 0cm 0pt\">IX &#8211; entidades esportivas;<\/P><br \/>\n<P class=MsoNoSpacing style=\"MARGIN: 0cm 0cm 0pt\"><o:p>&nbsp;<\/o:p><\/P><br \/>\n<P class=MsoNoSpacing style=\"MARGIN: 0cm 0cm 0pt\">&#8230;&#8230;&#8230;&#8230;&#8230;&#8230;&#8230;&#8230;&#8230;&#8230;&#8230;&#8230;&#8230;&#8230;&#8230;&#8230;&#8230;&#8230;&#8230;&#8230;&#8230;&#8230;&#8230;&#8230;&#8230;&#8230;&#8230;&#8230;&#8230;&#8230;&#8230;<\/P><br \/>\n<P class=MsoNoSpacing style=\"MARGIN: 0cm 0cm 0pt\"><o:p>&nbsp;<\/o:p><\/P><br \/>\n<P class=MsoNoSpacing style=\"MARGIN: 0cm 0cm 0pt\">Par\u00e1grafo \u00fanico. N\u00e3o se incluem nas veda\u00e7\u00f5es de que trata este artigo as cooperativas cujos cooperados n\u00e3o sejam concession\u00e1rios ou permission\u00e1rios de servi\u00e7os p\u00fablicos, desde que n\u00e3o estejam sendo beneficiadas com recursos p\u00fablicos, observado o disposto no art. 81.&#8221; (NR)<\/P><br \/>\n<P class=MsoNoSpacing style=\"MARGIN: 0cm 0cm 0pt\"><o:p>&nbsp;<\/o:p><\/P><br \/>\n<P class=MsoNoSpacing style=\"MARGIN: 0cm 0cm 0pt\">&#8220;Art. 25. &#8230;&#8230;&#8230;&#8230;&#8230;&#8230;&#8230;&#8230;&#8230;&#8230;&#8230;&#8230;&#8230;&#8230;&#8230;&#8230;&#8230;&#8230;&#8230;&#8230;&#8230;&#8230;&#8230;&#8230;&#8230;&#8230;<\/P><br \/>\n<P class=MsoNoSpacing style=\"MARGIN: 0cm 0cm 0pt\"><o:p>&nbsp;<\/o:p><\/P><br \/>\n<P class=MsoNoSpacing style=\"MARGIN: 0cm 0cm 0pt\">Par\u00e1grafo \u00fanico. A san\u00e7\u00e3o de suspens\u00e3o do repasse de novas quotas do Fundo Partid\u00e1rio, por desaprova\u00e7\u00e3o total ou parcial da presta\u00e7\u00e3o de contas do candidato, dever\u00e1 ser aplicada de forma proporcional e razo\u00e1vel, pelo per\u00edodo de 1 (um) m\u00eas a 12 (doze) meses, ou por meio do desconto, do valor a ser repassado, na import\u00e2ncia apontada como irregular, n\u00e3o podendo ser aplicada a san\u00e7\u00e3o de suspens\u00e3o, caso a presta\u00e7\u00e3o de contas n\u00e3o seja julgada, pelo ju\u00edzo ou tribunal competente, ap\u00f3s 5 (cinco) anos de sua apresenta\u00e7\u00e3o.&#8221; (NR)<\/P><br \/>\n<P class=MsoNoSpacing style=\"MARGIN: 0cm 0cm 0pt\"><o:p>&nbsp;<\/o:p><\/P><br \/>\n<P class=MsoNoSpacing style=\"MARGIN: 0cm 0cm 0pt\">&#8220;Art. 29. &#8230;&#8230;&#8230;&#8230;&#8230;&#8230;&#8230;&#8230;&#8230;&#8230;&#8230;&#8230;&#8230;&#8230;&#8230;&#8230;&#8230;&#8230;&#8230;&#8230;&#8230;&#8230;&#8230;&#8230;..<\/P><br \/>\n<P class=MsoNoSpacing style=\"MARGIN: 0cm 0cm 0pt\"><o:p>&nbsp;<\/o:p><\/P><br \/>\n<P class=MsoNoSpacing style=\"MARGIN: 0cm 0cm 0pt\">&#8230;&#8230;&#8230;&#8230;&#8230;&#8230;&#8230;&#8230;&#8230;&#8230;&#8230;&#8230;&#8230;&#8230;&#8230;&#8230;&#8230;&#8230;&#8230;&#8230;&#8230;&#8230;&#8230;&#8230;&#8230;&#8230;&#8230;&#8230;&#8230;&#8230;&#8230;<\/P><br \/>\n<P class=MsoNoSpacing style=\"MARGIN: 0cm 0cm 0pt\"><o:p>&nbsp;<\/o:p><\/P><br \/>\n<P class=MsoNoSpacing style=\"MARGIN: 0cm 0cm 0pt\">\u00a7 3o Eventuais d\u00e9bitos de campanha n\u00e3o quitados at\u00e9 a data de apresenta\u00e7\u00e3o da presta\u00e7\u00e3o de contas poder\u00e3o ser assumidos pelo partido pol\u00edtico, por decis\u00e3o do seu \u00f3rg\u00e3o nacional de dire\u00e7\u00e3o partid\u00e1ria.<\/P><br \/>\n<P class=MsoNoSpacing style=\"MARGIN: 0cm 0cm 0pt\"><o:p>&nbsp;<\/o:p><\/P><br \/>\n<P class=MsoNoSpacing style=\"MARGIN: 0cm 0cm 0pt\">\u00a7 4o No caso do disposto no \u00a7 3o, o \u00f3rg\u00e3o partid\u00e1rio da respectiva circunscri\u00e7\u00e3o eleitoral passar\u00e1 a responder por todas as d\u00edvidas solidariamente com o candidato, hip\u00f3tese em que a exist\u00eancia do d\u00e9bito n\u00e3o poder\u00e1 ser considerada como causa para a rejei\u00e7\u00e3o das contas.&#8221; (NR)<\/P><br \/>\n<P class=MsoNoSpacing style=\"MARGIN: 0cm 0cm 0pt\"><o:p>&nbsp;<\/o:p><\/P><br \/>\n<P class=MsoNoSpacing style=\"MARGIN: 0cm 0cm 0pt\">&#8220;Art. 30. A Justi\u00e7a Eleitoral verificar\u00e1 a regularidade das contas de campanha, decidindo:<\/P><br \/>\n<P class=MsoNoSpacing style=\"MARGIN: 0cm 0cm 0pt\"><o:p>&nbsp;<\/o:p><\/P><br \/>\n<P class=MsoNoSpacing style=\"MARGIN: 0cm 0cm 0pt\">I &#8211; pela aprova\u00e7\u00e3o, quando estiverem regulares;<\/P><br \/>\n<P class=MsoNoSpacing style=\"MARGIN: 0cm 0cm 0pt\"><o:p>&nbsp;<\/o:p><\/P><br \/>\n<P class=MsoNoSpacing style=\"MARGIN: 0cm 0cm 0pt\">II &#8211; pela aprova\u00e7\u00e3o com ressalvas, quando verificadas falhas que n\u00e3o lhes comprometam a regularidade;<\/P><br \/>\n<P class=MsoNoSpacing style=\"MARGIN: 0cm 0cm 0pt\"><o:p>&nbsp;<\/o:p><\/P><br \/>\n<P class=MsoNoSpacing style=\"MARGIN: 0cm 0cm 0pt\">III &#8211; pela desaprova\u00e7\u00e3o, quando verificadas falhas que lhes comprometam a regularidade;<\/P><br \/>\n<P class=MsoNoSpacing style=\"MARGIN: 0cm 0cm 0pt\"><o:p>&nbsp;<\/o:p><\/P><br \/>\n<P class=MsoNoSpacing style=\"MARGIN: 0cm 0cm 0pt\">IV &#8211; pela n\u00e3o presta\u00e7\u00e3o, quando n\u00e3o apresentadas as contas ap\u00f3s a notifica\u00e7\u00e3o emitida pela Justi\u00e7a Eleitoral, na qual constar\u00e1 a obriga\u00e7\u00e3o expressa de prestar as suas contas, no prazo de setenta e duas horas.<\/P><br \/>\n<P class=MsoNoSpacing style=\"MARGIN: 0cm 0cm 0pt\"><o:p>&nbsp;<\/o:p><\/P><br \/>\n<P class=MsoNoSpacing style=\"MARGIN: 0cm 0cm 0pt\">&#8230;&#8230;&#8230;&#8230;&#8230;&#8230;&#8230;&#8230;&#8230;&#8230;&#8230;&#8230;&#8230;&#8230;&#8230;&#8230;&#8230;&#8230;&#8230;&#8230;&#8230;&#8230;&#8230;&#8230;&#8230;&#8230;&#8230;&#8230;&#8230;&#8230;&#8230;<\/P><br \/>\n<P class=MsoNoSpacing style=\"MARGIN: 0cm 0cm 0pt\"><o:p>&nbsp;<\/o:p><\/P><br \/>\n<P class=MsoNoSpacing style=\"MARGIN: 0cm 0cm 0pt\">\u00a7 2o-A. Erros formais ou materiais irrelevantes no conjunto da presta\u00e7\u00e3o de contas, que n\u00e3o comprometam o seu resultado, n\u00e3o acarretar\u00e3o a rejei\u00e7\u00e3o das contas.<\/P><br \/>\n<P class=MsoNoSpacing style=\"MARGIN: 0cm 0cm 0pt\"><o:p>&nbsp;<\/o:p><\/P><br \/>\n<P class=MsoNoSpacing style=\"MARGIN: 0cm 0cm 0pt\">&#8230;&#8230;&#8230;&#8230;&#8230;&#8230;&#8230;&#8230;&#8230;&#8230;&#8230;&#8230;&#8230;&#8230;&#8230;&#8230;&#8230;&#8230;&#8230;&#8230;&#8230;&#8230;&#8230;&#8230;&#8230;&#8230;&#8230;&#8230;&#8230;&#8230;&#8230;<\/P><br \/>\n<P class=MsoNoSpacing style=\"MARGIN: 0cm 0cm 0pt\"><o:p>&nbsp;<\/o:p><\/P><br \/>\n<P class=MsoNoSpacing style=\"MARGIN: 0cm 0cm 0pt\">\u00a7 5o Da decis\u00e3o que julgar as contas prestadas pelos candidatos e comit\u00eas financeiros caber\u00e1 recurso ao \u00f3rg\u00e3o superior da Justi\u00e7a Eleitoral, no prazo de 3 (tr\u00eas) dias, a contar da publica\u00e7\u00e3o no Di\u00e1rio Oficial.<\/P><br \/>\n<P class=MsoNoSpacing style=\"MARGIN: 0cm 0cm 0pt\"><o:p>&nbsp;<\/o:p><\/P><br \/>\n<P class=MsoNoSpacing style=\"MARGIN: 0cm 0cm 0pt\">\u00a7 6o No mesmo prazo previsto no \u00a7 5o, caber\u00e1 recurso especial para o Tribunal Superior Eleitoral, nas hip\u00f3teses previstas nos incisos I e II do \u00a7 4o do art. 121 da Constitui\u00e7\u00e3o Federal.<\/P><br \/>\n<P class=MsoNoSpacing style=\"MARGIN: 0cm 0cm 0pt\"><o:p>&nbsp;<\/o:p><\/P><br \/>\n<P class=MsoNoSpacing style=\"MARGIN: 0cm 0cm 0pt\">\u00a7 7o O disposto neste artigo aplica-se aos processos judiciais pendentes.&#8221; (NR)<\/P><br \/>\n<P class=MsoNoSpacing style=\"MARGIN: 0cm 0cm 0pt\"><o:p>&nbsp;<\/o:p><\/P><br \/>\n<P class=MsoNoSpacing style=\"MARGIN: 0cm 0cm 0pt\">&#8220;Art. 30-A. Qualquer partido pol\u00edtico ou coliga\u00e7\u00e3o poder\u00e1 representar \u00e0 Justi\u00e7a Eleitoral, no prazo de 15 (quinze) dias da diploma\u00e7\u00e3o, relatando fatos e indicando provas, e pedir a abertura de investiga\u00e7\u00e3o judicial para apurar condutas em desacordo com as normas desta Lei, relativas \u00e0 arrecada\u00e7\u00e3o e gastos de recursos.<\/P><br \/>\n<P class=MsoNoSpacing style=\"MARGIN: 0cm 0cm 0pt\"><o:p>&nbsp;<\/o:p><\/P><br \/>\n<P class=MsoNoSpacing style=\"MARGIN: 0cm 0cm 0pt\">&#8230;&#8230;&#8230;&#8230;&#8230;&#8230;&#8230;&#8230;&#8230;&#8230;&#8230;&#8230;&#8230;&#8230;&#8230;&#8230;&#8230;&#8230;&#8230;&#8230;&#8230;&#8230;&#8230;&#8230;&#8230;&#8230;&#8230;&#8230;&#8230;&#8230;&#8230;<\/P><br \/>\n<P class=MsoNoSpacing style=\"MARGIN: 0cm 0cm 0pt\"><o:p>&nbsp;<\/o:p><\/P><br \/>\n<P class=MsoNoSpacing style=\"MARGIN: 0cm 0cm 0pt\">\u00a7 3o O prazo de recurso contra decis\u00f5es proferidas em representa\u00e7\u00f5es propostas com base neste artigo ser\u00e1 de 3 (tr\u00eas) dias, a contar da data da publica\u00e7\u00e3o do julgamento no Di\u00e1rio Oficial.&#8221; (NR)<\/P><br \/>\n<P class=MsoNoSpacing style=\"MARGIN: 0cm 0cm 0pt\"><o:p>&nbsp;<\/o:p><\/P><br \/>\n<P class=MsoNoSpacing style=\"MARGIN: 0cm 0cm 0pt\">&#8220;Art. 31. Se, ao final da campanha, ocorrer sobra de recursos financeiros, esta deve ser declarada na presta\u00e7\u00e3o de contas e, ap\u00f3s julgados todos os recursos, transferida ao \u00f3rg\u00e3o do partido na circunscri\u00e7\u00e3o do pleito ou \u00e0 coliga\u00e7\u00e3o, neste caso, para divis\u00e3o entre os partidos que a comp\u00f5em.<\/P><br \/>\n<P class=MsoNoSpacing style=\"MARGIN: 0cm 0cm 0pt\"><o:p>&nbsp;<\/o:p><\/P><br \/>\n<P class=MsoNoSpacing style=\"MARGIN: 0cm 0cm 0pt\">Par\u00e1grafo \u00fanico. As sobras de recursos financeiros de campanha ser\u00e3o utilizadas pelos partidos pol\u00edticos, devendo tais valores ser declarados em suas presta\u00e7\u00f5es de contas perante a Justi\u00e7a Eleitoral, com a identifica\u00e7\u00e3o dos candidatos.&#8221; (NR)<\/P><br \/>\n<P class=MsoNoSpacing style=\"MARGIN: 0cm 0cm 0pt\"><o:p>&nbsp;<\/o:p><\/P><br \/>\n<P class=MsoNoSpacing style=\"MARGIN: 0cm 0cm 0pt\">&#8220;Art. 33. &#8230;&#8230;&#8230;&#8230;&#8230;&#8230;&#8230;&#8230;&#8230;&#8230;&#8230;&#8230;&#8230;&#8230;&#8230;&#8230;&#8230;&#8230;&#8230;&#8230;&#8230;&#8230;&#8230;&#8230;..<\/P><br \/>\n<P class=MsoNoSpacing style=\"MARGIN: 0cm 0cm 0pt\"><o:p>&nbsp;<\/o:p><\/P><br \/>\n<P class=MsoNoSpacing style=\"MARGIN: 0cm 0cm 0pt\">&#8230;&#8230;&#8230;&#8230;&#8230;&#8230;&#8230;&#8230;&#8230;&#8230;&#8230;&#8230;&#8230;&#8230;&#8230;&#8230;&#8230;&#8230;&#8230;&#8230;&#8230;&#8230;&#8230;&#8230;&#8230;&#8230;&#8230;&#8230;&#8230;&#8230;&#8230;<\/P><br \/>\n<P class=MsoNoSpacing style=\"MARGIN: 0cm 0cm 0pt\"><o:p>&nbsp;<\/o:p><\/P><br \/>\n<P class=MsoNoSpacing style=\"MARGIN: 0cm 0cm 0pt\">\u00a7 2o A Justi\u00e7a Eleitoral afixar\u00e1 no prazo de vinte e quatro horas, no local de costume, bem como divulgar\u00e1 em seu s\u00edtio na internet, aviso comunicando o registro das informa\u00e7\u00f5es a que se refere este artigo, colocando-as \u00e0 disposi\u00e7\u00e3o dos partidos ou coliga\u00e7\u00f5es com candidatos ao pleito, os quais a elas ter\u00e3o livre acesso pelo prazo de 30 (trinta) dias.<\/P><br \/>\n<P class=MsoNoSpacing style=\"MARGIN: 0cm 0cm 0pt\"><o:p>&nbsp;<\/o:p><\/P><br \/>\n<P class=MsoNoSpacing style=\"MARGIN: 0cm 0cm 0pt\">&#8230;&#8230;&#8230;&#8230;&#8230;&#8230;&#8230;&#8230;&#8230;&#8230;&#8230;&#8230;&#8230;&#8230;&#8230;&#8230;&#8230;&#8230;&#8230;&#8230;&#8230;&#8230;&#8230;&#8230;&#8230;&#8230;&#8230;..&#8221; (NR)<\/P><br \/>\n<P class=MsoNoSpacing style=\"MARGIN: 0cm 0cm 0pt\"><o:p>&nbsp;<\/o:p><\/P><br \/>\n<P class=MsoNoSpacing style=\"MARGIN: 0cm 0cm 0pt\">&#8220;Art. 36. &#8230;&#8230;&#8230;&#8230;&#8230;&#8230;&#8230;&#8230;&#8230;&#8230;&#8230;&#8230;&#8230;&#8230;&#8230;&#8230;&#8230;&#8230;&#8230;&#8230;&#8230;&#8230;&#8230;&#8230;..<\/P><br \/>\n<P class=MsoNoSpacing style=\"MARGIN: 0cm 0cm 0pt\"><o:p>&nbsp;<\/o:p><\/P><br \/>\n<P class=MsoNoSpacing style=\"MARGIN: 0cm 0cm 0pt\">&#8230;&#8230;&#8230;&#8230;&#8230;&#8230;&#8230;&#8230;&#8230;&#8230;&#8230;&#8230;&#8230;&#8230;&#8230;&#8230;&#8230;&#8230;&#8230;&#8230;&#8230;&#8230;&#8230;&#8230;&#8230;&#8230;&#8230;&#8230;&#8230;&#8230;&#8230;<\/P><br \/>\n<P class=MsoNoSpacing style=\"MARGIN: 0cm 0cm 0pt\"><o:p>&nbsp;<\/o:p><\/P><br \/>\n<P class=MsoNoSpacing style=\"MARGIN: 0cm 0cm 0pt\">\u00a7 3o A viola\u00e7\u00e3o do disposto neste artigo sujeitar\u00e1 o respons\u00e1vel pela divulga\u00e7\u00e3o da propaganda e, quando comprovado o seu pr\u00e9vio conhecimento, o benefici\u00e1rio \u00e0 multa no valor de R$ 5.000,00 (cinco mil reais) a R$ 25.000,00 (vinte e cinco mil reais), ou ao equivalente ao custo da propaganda, se este for maior.<\/P><br \/>\n<P class=MsoNoSpacing style=\"MARGIN: 0cm 0cm 0pt\"><o:p>&nbsp;<\/o:p><\/P><br \/>\n<P class=MsoNoSpacing style=\"MARGIN: 0cm 0cm 0pt\">\u00a7 4o Na propaganda dos candidatos a cargo majorit\u00e1rio, dever\u00e3o constar, tamb\u00e9m, o nome dos candidatos a vice ou a suplentes de Senador, de modo claro e leg\u00edvel, em tamanho n\u00e3o inferior a 10% (dez por cento) do nome do titular.<\/P><br \/>\n<P class=MsoNoSpacing style=\"MARGIN: 0cm 0cm 0pt\"><o:p>&nbsp;<\/o:p><\/P><br \/>\n<P class=MsoNoSpacing style=\"MARGIN: 0cm 0cm 0pt\">\u00a7 5o A comprova\u00e7\u00e3o do cumprimento das determina\u00e7\u00f5es da Justi\u00e7a Eleitoral relacionadas a propaganda realizada em desconformidade com o disposto nesta Lei poder\u00e1 ser apresentada no Tribunal Superior Eleitoral, no caso de candidatos a Presidente e Vice-Presidente da Rep\u00fablica, nas sedes dos respectivos Tribunais Regionais Eleitorais, no caso de candidatos a Governador, Vice-Governador, Deputado Federal, Senador da Rep\u00fablica, Deputados Estadual e Distrital, e, no Ju\u00edzo Eleitoral, na hip\u00f3tese de candidato a Prefeito, Vice-Prefeito e Vereador.&#8221; (NR)<\/P><br \/>\n<P class=MsoNoSpacing style=\"MARGIN: 0cm 0cm 0pt\"><o:p>&nbsp;<\/o:p><\/P><br \/>\n<P class=MsoNoSpacing style=\"MARGIN: 0cm 0cm 0pt\">&#8220;Art. 37. &#8230;&#8230;&#8230;&#8230;&#8230;&#8230;&#8230;&#8230;&#8230;&#8230;&#8230;&#8230;&#8230;&#8230;&#8230;&#8230;&#8230;&#8230;&#8230;&#8230;&#8230;&#8230;&#8230;&#8230;<\/P><br \/>\n<P class=MsoNoSpacing style=\"MARGIN: 0cm 0cm 0pt\"><o:p>&nbsp;<\/o:p><\/P><br \/>\n<P class=MsoNoSpacing style=\"MARGIN: 0cm 0cm 0pt\">&#8230;&#8230;&#8230;&#8230;&#8230;&#8230;&#8230;&#8230;&#8230;&#8230;&#8230;&#8230;&#8230;&#8230;&#8230;&#8230;&#8230;&#8230;&#8230;&#8230;&#8230;&#8230;&#8230;&#8230;&#8230;&#8230;&#8230;&#8230;&#8230;&#8230;&#8230;<\/P><br \/>\n<P class=MsoNoSpacing style=\"MARGIN: 0cm 0cm 0pt\"><o:p>&nbsp;<\/o:p><\/P><br \/>\n<P class=MsoNoSpacing style=\"MARGIN: 0cm 0cm 0pt\">\u00a7 2o Em bens particulares, independe de obten\u00e7\u00e3o de licen\u00e7a municipal e de autoriza\u00e7\u00e3o da Justi\u00e7a Eleitoral a veicula\u00e7\u00e3o de propaganda eleitoral por meio da fixa\u00e7\u00e3o de faixas, placas, cartazes, pinturas ou inscri\u00e7\u00f5es, desde que n\u00e3o excedam a 4m\u00b2 (quatro metros quadrados) e que n\u00e3o contrariem a legisla\u00e7\u00e3o eleitoral, sujeitando-se o infrator \u00e0s penalidades previstas no \u00a7 1o.<\/P><br \/>\n<P class=MsoNoSpacing style=\"MARGIN: 0cm 0cm 0pt\"><o:p>&nbsp;<\/o:p><\/P><br \/>\n<P class=MsoNoSpacing style=\"MARGIN: 0cm 0cm 0pt\">\u00a7 4o Bens de uso comum, para fins eleitorais, s\u00e3o os assim definidos pela Lei no 10.406, de 10 de janeiro de 2002 &#8211; C\u00f3digo Civil e tamb\u00e9m aqueles a que a popula\u00e7\u00e3o em geral tem acesso, tais como cinemas, clubes, lojas, centros comerciais, templos, gin\u00e1sios, est\u00e1dios, ainda que de propriedade privada.<\/P><br \/>\n<P class=MsoNoSpacing style=\"MARGIN: 0cm 0cm 0pt\"><o:p>&nbsp;<\/o:p><\/P><br \/>\n<P class=MsoNoSpacing style=\"MARGIN: 0cm 0cm 0pt\">\u00a7 5o Nas \u00e1rvores e nos jardins localizados em \u00e1reas p\u00fablicas, bem como em muros, cercas e tapumes divis\u00f3rios, n\u00e3o \u00e9 permitida a coloca\u00e7\u00e3o de propaganda eleitoral de qualquer natureza, mesmo que n\u00e3o lhes cause dano.<\/P><br \/>\n<P class=MsoNoSpacing style=\"MARGIN: 0cm 0cm 0pt\"><o:p>&nbsp;<\/o:p><\/P><br \/>\n<P class=MsoNoSpacing style=\"MARGIN: 0cm 0cm 0pt\">\u00a7 6o \u00c9 permitida a coloca\u00e7\u00e3o de cavaletes, bonecos, cartazes, mesas para distribui\u00e7\u00e3o de material de campanha e bandeiras ao longo das vias p\u00fablicas, desde que m\u00f3veis e que n\u00e3o dificultem o bom andamento do tr\u00e2nsito de pessoas e ve\u00edculos.<\/P><br \/>\n<P class=MsoNoSpacing style=\"MARGIN: 0cm 0cm 0pt\"><o:p>&nbsp;<\/o:p><\/P><br \/>\n<P class=MsoNoSpacing style=\"MARGIN: 0cm 0cm 0pt\">\u00a7 7o A mobilidade referida no \u00a7 6o estar\u00e1 caracterizada com a coloca\u00e7\u00e3o e a retirada dos meios de propaganda entre as seis horas e as vinte e duas horas.<\/P><br \/>\n<P class=MsoNoSpacing style=\"MARGIN: 0cm 0cm 0pt\"><o:p>&nbsp;<\/o:p><\/P><br \/>\n<P class=MsoNoSpacing style=\"MARGIN: 0cm 0cm 0pt\">\u00a7 8o A veicula\u00e7\u00e3o de propaganda eleitoral em bens particulares deve ser espont\u00e2nea e gratuita, sendo vedado qualquer tipo de pagamento em troca de espa\u00e7o para esta finalidade.&#8221; (NR)<\/P><br \/>\n<P class=MsoNoSpacing style=\"MARGIN: 0cm 0cm 0pt\"><o:p>&nbsp;<\/o:p><\/P><br \/>\n<P class=MsoNoSpacing style=\"MARGIN: 0cm 0cm 0pt\">&#8220;Art. 38. &#8230;&#8230;&#8230;&#8230;&#8230;&#8230;&#8230;&#8230;&#8230;&#8230;&#8230;&#8230;&#8230;&#8230;&#8230;&#8230;&#8230;&#8230;&#8230;&#8230;&#8230;&#8230;&#8230;&#8230;.<\/P><br \/>\n<P class=MsoNoSpacing style=\"MARGIN: 0cm 0cm 0pt\"><o:p>&nbsp;<\/o:p><\/P><br \/>\n<P class=MsoNoSpacing style=\"MARGIN: 0cm 0cm 0pt\">\u00a7 1o Todo material impresso de campanha eleitoral dever\u00e1 conter o n\u00famero de inscri\u00e7\u00e3o no Cadastro Nacional da Pessoa Jur\u00eddica &#8211; CNPJ ou o n\u00famero de inscri\u00e7\u00e3o no Cadastro de Pessoas F\u00edsicas &#8211; CPF do respons\u00e1vel pela confec\u00e7\u00e3o, bem como de quem a contratou, e a respectiva tiragem.<\/P><br \/>\n<P class=MsoNoSpacing style=\"MARGIN: 0cm 0cm 0pt\"><o:p>&nbsp;<\/o:p><\/P><br \/>\n<P class=MsoNoSpacing style=\"MARGIN: 0cm 0cm 0pt\">\u00a7 2o Quando o material impresso veicular propaganda conjunta de diversos candidatos, os gastos relativos a cada um deles dever\u00e3o constar na respectiva presta\u00e7\u00e3o de contas, ou apenas naquela relativa ao que houver arcado com os custos.&#8221; (NR)<\/P><br \/>\n<P class=MsoNoSpacing style=\"MARGIN: 0cm 0cm 0pt\"><o:p>&nbsp;<\/o:p><\/P><br \/>\n<P class=MsoNoSpacing style=\"MARGIN: 0cm 0cm 0pt\">&#8220;Art. 39. &#8230;&#8230;&#8230;&#8230;&#8230;&#8230;&#8230;&#8230;&#8230;&#8230;&#8230;&#8230;&#8230;&#8230;&#8230;&#8230;&#8230;&#8230;&#8230;&#8230;&#8230;&#8230;&#8230;&#8230;.<\/P><br \/>\n<P class=MsoNoSpacing style=\"MARGIN: 0cm 0cm 0pt\"><o:p>&nbsp;<\/o:p><\/P><br \/>\n<P class=MsoNoSpacing style=\"MARGIN: 0cm 0cm 0pt\">&#8230;&#8230;&#8230;&#8230;&#8230;&#8230;&#8230;&#8230;&#8230;&#8230;&#8230;&#8230;&#8230;&#8230;&#8230;&#8230;&#8230;&#8230;&#8230;&#8230;&#8230;&#8230;&#8230;&#8230;&#8230;&#8230;&#8230;&#8230;&#8230;&#8230;&#8230;<\/P><br \/>\n<P class=MsoNoSpacing style=\"MARGIN: 0cm 0cm 0pt\"><o:p>&nbsp;<\/o:p><\/P><br \/>\n<P class=MsoNoSpacing style=\"MARGIN: 0cm 0cm 0pt\">\u00a7 5o &#8230;&#8230;&#8230;&#8230;&#8230;&#8230;&#8230;&#8230;&#8230;&#8230;&#8230;&#8230;&#8230;&#8230;&#8230;&#8230;&#8230;&#8230;&#8230;&#8230;&#8230;&#8230;&#8230;&#8230;&#8230;&#8230;..<\/P><br \/>\n<P class=MsoNoSpacing style=\"MARGIN: 0cm 0cm 0pt\"><o:p>&nbsp;<\/o:p><\/P><br \/>\n<P class=MsoNoSpacing style=\"MARGIN: 0cm 0cm 0pt\">&#8230;&#8230;&#8230;&#8230;&#8230;&#8230;&#8230;&#8230;&#8230;&#8230;&#8230;&#8230;&#8230;&#8230;&#8230;&#8230;&#8230;&#8230;&#8230;&#8230;&#8230;&#8230;&#8230;&#8230;&#8230;&#8230;&#8230;&#8230;&#8230;&#8230;&#8230;<\/P><br \/>\n<P class=MsoNoSpacing style=\"MARGIN: 0cm 0cm 0pt\"><o:p>&nbsp;<\/o:p><\/P><br \/>\n<P class=MsoNoSpacing style=\"MARGIN: 0cm 0cm 0pt\">III &#8211; a divulga\u00e7\u00e3o de qualquer esp\u00e9cie de propaganda de partidos pol\u00edticos ou de seus candidatos.<\/P><br \/>\n<P class=MsoNoSpacing style=\"MARGIN: 0cm 0cm 0pt\"><o:p>&nbsp;<\/o:p><\/P><br \/>\n<P class=MsoNoSpacing style=\"MARGIN: 0cm 0cm 0pt\">\u00a7 9o At\u00e9 as vinte e duas horas do dia que antecede a elei\u00e7\u00e3o, ser\u00e3o permitidos distribui\u00e7\u00e3o de material gr\u00e1fico, caminhada, carreata, passeata ou carro de som que transite pela cidade divulgando jingles ou mensagens de candidatos.<\/P><br \/>\n<P class=MsoNoSpacing style=\"MARGIN: 0cm 0cm 0pt\"><o:p>&nbsp;<\/o:p><\/P><br \/>\n<P class=MsoNoSpacing style=\"MARGIN: 0cm 0cm 0pt\">\u00a7 10. Fica vedada a utiliza\u00e7\u00e3o de trios el\u00e9tricos em campanhas eleitorais, exceto para a sonoriza\u00e7\u00e3o de com\u00edcios.&#8221; (NR)<\/P><br \/>\n<P class=MsoNoSpacing style=\"MARGIN: 0cm 0cm 0pt\"><o:p>&nbsp;<\/o:p><\/P><br \/>\n<P class=MsoNoSpacing style=\"MARGIN: 0cm 0cm 0pt\">&#8220;Art. 41. A propaganda exercida nos termos da legisla\u00e7\u00e3o eleitoral n\u00e3o poder\u00e1 ser objeto de multa nem cerceada sob alega\u00e7\u00e3o do exerc\u00edcio do poder de pol\u00edcia ou de viola\u00e7\u00e3o de postura municipal, casos em que se deve proceder na forma prevista no art. 40.<\/P><br \/>\n<P class=MsoNoSpacing style=\"MARGIN: 0cm 0cm 0pt\"><o:p>&nbsp;<\/o:p><\/P><br \/>\n<P class=MsoNoSpacing style=\"MARGIN: 0cm 0cm 0pt\">\u00a7 1o O poder de pol\u00edcia sobre a propaganda eleitoral ser\u00e1 exercido pelos ju\u00edzes eleitorais e pelos ju\u00edzes designados pelos Tribunais Regionais Eleitorais.<\/P><br \/>\n<P class=MsoNoSpacing style=\"MARGIN: 0cm 0cm 0pt\"><o:p>&nbsp;<\/o:p><\/P><br \/>\n<P class=MsoNoSpacing style=\"MARGIN: 0cm 0cm 0pt\">\u00a7 2o O poder de pol\u00edcia se restringe \u00e0s provid\u00eancias necess\u00e1rias para inibir pr\u00e1ticas ilegais, vedada a censura pr\u00e9via sobre o teor dos programas a serem exibidos na televis\u00e3o, no r\u00e1dio ou na internet.&#8221; (NR)<\/P><br \/>\n<P class=MsoNoSpacing style=\"MARGIN: 0cm 0cm 0pt\"><o:p>&nbsp;<\/o:p><\/P><br \/>\n<P class=MsoNoSpacing style=\"MARGIN: 0cm 0cm 0pt\">&#8220;Art. 41-A. &#8230;&#8230;&#8230;&#8230;&#8230;&#8230;&#8230;&#8230;&#8230;&#8230;&#8230;&#8230;&#8230;&#8230;&#8230;&#8230;&#8230;&#8230;&#8230;&#8230;&#8230;&#8230;&#8230;.<\/P><br \/>\n<P class=MsoNoSpacing style=\"MARGIN: 0cm 0cm 0pt\"><o:p>&nbsp;<\/o:p><\/P><br \/>\n<P class=MsoNoSpacing style=\"MARGIN: 0cm 0cm 0pt\">\u00a7 1o Para a caracteriza\u00e7\u00e3o da conduta il\u00edcita, \u00e9 desnecess\u00e1rio o pedido expl\u00edcito de votos, bastando a evid\u00eancia do dolo, consistente no especial fim de agir.<\/P><br \/>\n<P class=MsoNoSpacing style=\"MARGIN: 0cm 0cm 0pt\"><o:p>&nbsp;<\/o:p><\/P><br \/>\n<P class=MsoNoSpacing style=\"MARGIN: 0cm 0cm 0pt\">\u00a7 2o As san\u00e7\u00f5es previstas no caput aplicam-se contra quem praticar atos de viol\u00eancia ou grave amea\u00e7a a pessoa, com o fim de obter-lhe o voto.<\/P><br \/>\n<P class=MsoNoSpacing style=\"MARGIN: 0cm 0cm 0pt\"><o:p>&nbsp;<\/o:p><\/P><br \/>\n<P class=MsoNoSpacing style=\"MARGIN: 0cm 0cm 0pt\">\u00a7 3o A representa\u00e7\u00e3o contra as condutas vedadas no caput poder\u00e1 ser ajuizada at\u00e9 a data da diploma\u00e7\u00e3o.<\/P><br \/>\n<P class=MsoNoSpacing style=\"MARGIN: 0cm 0cm 0pt\"><o:p>&nbsp;<\/o:p><\/P><br \/>\n<P class=MsoNoSpacing style=\"MARGIN: 0cm 0cm 0pt\">\u00a7 4o O prazo de recurso contra decis\u00f5es proferidas com base neste artigo ser\u00e1 de 3 (tr\u00eas) dias, a contar da data da publica\u00e7\u00e3o do julgamento no Di\u00e1rio Oficial.&#8221; (NR)<\/P><br \/>\n<P class=MsoNoSpacing style=\"MARGIN: 0cm 0cm 0pt\"><o:p>&nbsp;<\/o:p><\/P><br \/>\n<P class=MsoNoSpacing style=\"MARGIN: 0cm 0cm 0pt\">&#8220;Art. 43. S\u00e3o permitidas, at\u00e9 a antev\u00e9spera das elei\u00e7\u00f5es, a divulga\u00e7\u00e3o paga, na imprensa escrita, e a reprodu\u00e7\u00e3o na internet do jornal impresso, de at\u00e9 10 (dez) an\u00fancios de propaganda eleitoral, por ve\u00edculo, em datas diversas, para cada candidato, no espa\u00e7o m\u00e1ximo, por edi\u00e7\u00e3o, de 1\/8 (um oitavo) de p\u00e1gina de jornal padr\u00e3o e de 1\/4 (um quarto) de p\u00e1gina de revista ou tabloide.<\/P><br \/>\n<P class=MsoNoSpacing style=\"MARGIN: 0cm 0cm 0pt\"><o:p>&nbsp;<\/o:p><\/P><br \/>\n<P class=MsoNoSpacing style=\"MARGIN: 0cm 0cm 0pt\">\u00a7 1o Dever\u00e1 constar do an\u00fancio, de forma vis\u00edvel, o valor pago pela inser\u00e7\u00e3o.<\/P><br \/>\n<P class=MsoNoSpacing style=\"MARGIN: 0cm 0cm 0pt\"><o:p>&nbsp;<\/o:p><\/P><br \/>\n<P class=MsoNoSpacing style=\"MARGIN: 0cm 0cm 0pt\">\u00a7 2o A inobserv\u00e2ncia do disposto neste artigo sujeita os respons\u00e1veis pelos ve\u00edculos de divulga\u00e7\u00e3o e os partidos, coliga\u00e7\u00f5es ou candidatos beneficiados a multa no valor de R$ 1.000,00 (mil reais) a R$ 10.000,00 (dez mil reais) ou equivalente ao da divulga\u00e7\u00e3o da propaganda paga, se este for maior.&#8221; (NR)<\/P><br \/>\n<P class=MsoNoSpacing style=\"MARGIN: 0cm 0cm 0pt\"><o:p>&nbsp;<\/o:p><\/P><br \/>\n<P class=MsoNoSpacing style=\"MARGIN: 0cm 0cm 0pt\">&#8220;Art. 44. &#8230;&#8230;&#8230;&#8230;&#8230;&#8230;&#8230;&#8230;&#8230;&#8230;&#8230;&#8230;&#8230;&#8230;&#8230;&#8230;&#8230;&#8230;&#8230;&#8230;&#8230;&#8230;&#8230;&#8230;&#8230;<\/P><br \/>\n<P class=MsoNoSpacing style=\"MARGIN: 0cm 0cm 0pt\"><o:p>&nbsp;<\/o:p><\/P><br \/>\n<P class=MsoNoSpacing style=\"MARGIN: 0cm 0cm 0pt\">\u00a7 1o A propaganda eleitoral gratuita na televis\u00e3o dever\u00e1 utilizar a Linguagem Brasileira de Sinais &#8211; L\u00cdBRAS ou o recurso de legenda, que dever\u00e3o constar obrigatoriamente do material entregue \u00e0s emissoras.<\/P><br \/>\n<P class=MsoNoSpacing style=\"MARGIN: 0cm 0cm 0pt\"><o:p>&nbsp;<\/o:p><\/P><br \/>\n<P class=MsoNoSpacing style=\"MARGIN: 0cm 0cm 0pt\">\u00a7 2o No hor\u00e1rio reservado para a propaganda eleitoral, n\u00e3o se permitir\u00e1 utiliza\u00e7\u00e3o comercial ou propaganda realizada com a inten\u00e7\u00e3o, ainda que disfar\u00e7ada ou subliminar, de promover marca ou produto.<\/P><br \/>\n<P class=MsoNoSpacing style=\"MARGIN: 0cm 0cm 0pt\"><o:p>&nbsp;<\/o:p><\/P><br \/>\n<P class=MsoNoSpacing style=\"MARGIN: 0cm 0cm 0pt\">\u00a7 3o Ser\u00e1 punida, nos termos do \u00a7 1o do art. 37, a emissora que, n\u00e3o autorizada a funcionar pelo poder competente, veicular propaganda eleitoral.&#8221; (NR)<\/P><br \/>\n<P class=MsoNoSpacing style=\"MARGIN: 0cm 0cm 0pt\"><o:p>&nbsp;<\/o:p><\/P><br \/>\n<P class=MsoNoSpacing style=\"MARGIN: 0cm 0cm 0pt\">&#8220;Art. 45. &#8230;&#8230;&#8230;&#8230;&#8230;&#8230;&#8230;&#8230;&#8230;&#8230;&#8230;&#8230;&#8230;&#8230;&#8230;&#8230;&#8230;&#8230;&#8230;&#8230;&#8230;&#8230;&#8230;..<\/P><br \/>\n<P class=MsoNoSpacing style=\"MARGIN: 0cm 0cm 0pt\"><o:p>&nbsp;<\/o:p><\/P><br \/>\n<P class=MsoNoSpacing style=\"MARGIN: 0cm 0cm 0pt\">&#8230;&#8230;&#8230;&#8230;&#8230;&#8230;&#8230;&#8230;&#8230;&#8230;&#8230;&#8230;&#8230;&#8230;&#8230;&#8230;&#8230;&#8230;&#8230;&#8230;&#8230;&#8230;&#8230;&#8230;&#8230;&#8230;&#8230;&#8230;&#8230;&#8230;&#8230;<\/P><br \/>\n<P class=MsoNoSpacing style=\"MARGIN: 0cm 0cm 0pt\"><o:p>&nbsp;<\/o:p><\/P><br \/>\n<P class=MsoNoSpacing style=\"MARGIN: 0cm 0cm 0pt\">\u00a7 3o (Revogado).<\/P><br \/>\n<P class=MsoNoSpacing style=\"MARGIN: 0cm 0cm 0pt\"><o:p>&nbsp;<\/o:p><\/P><br \/>\n<P class=MsoNoSpacing style=\"MARGIN: 0cm 0cm 0pt\">\u00a7 4o Entende-se por trucagem todo e qualquer efeito realizado em \u00e1udio ou v\u00eddeo que degradar ou ridicularizar candidato, partido pol\u00edtico ou coliga\u00e7\u00e3o, ou que desvirtuar a realidade e beneficiar ou prejudicar qualquer candidato, partido pol\u00edtico ou coliga\u00e7\u00e3o.<\/P><br \/>\n<P class=MsoNoSpacing style=\"MARGIN: 0cm 0cm 0pt\"><o:p>&nbsp;<\/o:p><\/P><br \/>\n<P class=MsoNoSpacing style=\"MARGIN: 0cm 0cm 0pt\">\u00a7 5o Entende-se por montagem toda e qualquer jun\u00e7\u00e3o de registros de \u00e1udio ou v\u00eddeo que degradar ou ridicularizar candidato, partido pol\u00edtico ou coliga\u00e7\u00e3o, ou que desvirtuar a realidade e beneficiar ou prejudicar qualquer candidato, partido pol\u00edtico ou coliga\u00e7\u00e3o.<\/P><br \/>\n<P class=MsoNoSpacing style=\"MARGIN: 0cm 0cm 0pt\"><o:p>&nbsp;<\/o:p><\/P><br \/>\n<P class=MsoNoSpacing style=\"MARGIN: 0cm 0cm 0pt\">\u00a7 6o \u00c9 permitido ao partido pol\u00edtico utilizar na propaganda eleitoral de seus candidatos em \u00e2mbito regional, inclusive no hor\u00e1rio eleitoral gratuito, a imagem e a voz de candidato ou militante de partido pol\u00edtico que integre a sua coliga\u00e7\u00e3o em \u00e2mbito nacional.&#8221; (NR)<\/P><br \/>\n<P class=MsoNoSpacing style=\"MARGIN: 0cm 0cm 0pt\"><o:p>&nbsp;<\/o:p><\/P><br \/>\n<P class=MsoNoSpacing style=\"MARGIN: 0cm 0cm 0pt\">&#8220;Art. 46. &#8230;&#8230;&#8230;&#8230;&#8230;&#8230;&#8230;&#8230;&#8230;&#8230;&#8230;&#8230;&#8230;&#8230;&#8230;&#8230;&#8230;&#8230;&#8230;&#8230;&#8230;&#8230;&#8230;&#8230;.<\/P><br \/>\n<P class=MsoNoSpacing style=\"MARGIN: 0cm 0cm 0pt\"><o:p>&nbsp;<\/o:p><\/P><br \/>\n<P class=MsoNoSpacing style=\"MARGIN: 0cm 0cm 0pt\">&#8230;&#8230;&#8230;&#8230;&#8230;&#8230;&#8230;&#8230;&#8230;&#8230;&#8230;&#8230;&#8230;&#8230;&#8230;&#8230;&#8230;&#8230;&#8230;&#8230;&#8230;&#8230;&#8230;&#8230;&#8230;&#8230;&#8230;&#8230;&#8230;&#8230;&#8230;<\/P><br \/>\n<P class=MsoNoSpacing style=\"MARGIN: 0cm 0cm 0pt\"><o:p>&nbsp;<\/o:p><\/P><br \/>\n<P class=MsoNoSpacing style=\"MARGIN: 0cm 0cm 0pt\">\u00a7 4o O debate ser\u00e1 realizado segundo as regras estabelecidas em acordo celebrado entre os partidos pol\u00edticos e a pessoa jur\u00eddica interessada na realiza\u00e7\u00e3o do evento, dando-se ci\u00eancia \u00e0 Justi\u00e7a Eleitoral.<\/P><br \/>\n<P class=MsoNoSpacing style=\"MARGIN: 0cm 0cm 0pt\"><o:p>&nbsp;<\/o:p><\/P><br \/>\n<P class=MsoNoSpacing style=\"MARGIN: 0cm 0cm 0pt\">\u00a7 5o Para os debates que se realizarem no primeiro turno das elei\u00e7\u00f5es, ser\u00e3o consideradas aprovadas as regras que obtiverem a concord\u00e2ncia de pelo menos 2\/3 (dois ter\u00e7os) dos candidatos aptos no caso de elei\u00e7\u00e3o majorit\u00e1ria, e de pelo menos 2\/3 (dois ter\u00e7os) dos partidos ou coliga\u00e7\u00f5es com candidatos aptos, no caso de elei\u00e7\u00e3o proporcional.&#8221; (NR)<\/P><br \/>\n<P class=MsoNoSpacing style=\"MARGIN: 0cm 0cm 0pt\"><o:p>&nbsp;<\/o:p><\/P><br \/>\n<P class=MsoNoSpacing style=\"MARGIN: 0cm 0cm 0pt\">&#8220;Art. 47. &#8230;&#8230;&#8230;&#8230;&#8230;&#8230;&#8230;&#8230;.\u0085\u0085\u0085\u0085\u0085&#8230;&#8230;&#8230;&#8230;&#8230;&#8230;&#8230;&#8230;&#8230;&#8230;&#8230;<\/P><br \/>\n<P class=MsoNoSpacing style=\"MARGIN: 0cm 0cm 0pt\"><o:p>&nbsp;<\/o:p><\/P><br \/>\n<P class=MsoNoSpacing style=\"MARGIN: 0cm 0cm 0pt\">\u00a7 1o &#8230;&#8230;&#8230;&#8230;&#8230;&#8230;&#8230;&#8230;&#8230;&#8230;&#8230;&#8230;..\u0085\u0085\u0085\u0085\u0085\u0085\u0085&#8230;&#8230;&#8230;&#8230;&#8230;&#8230;.<\/P><br \/>\n<P class=MsoNoSpacing style=\"MARGIN: 0cm 0cm 0pt\"><o:p>&nbsp;<\/o:p><\/P><br \/>\n<P class=MsoNoSpacing style=\"MARGIN: 0cm 0cm 0pt\">&#8230;&#8230;&#8230;&#8230;&#8230;&#8230;&#8230;&#8230;&#8230;&#8230;&#8230;&#8230;&#8230;&#8230;&#8230;&#8230;&#8230;&#8230;&#8230;&#8230;&#8230;.\u0085&#8230;&#8230;&#8230;&#8230;&#8230;&#8230;&#8230;&#8230;&#8230;.<\/P><br \/>\n<P class=MsoNoSpacing style=\"MARGIN: 0cm 0cm 0pt\"><o:p>&nbsp;<\/o:p><\/P><br \/>\n<P class=MsoNoSpacing style=\"MARGIN: 0cm 0cm 0pt\">III &#8211; &#8230;&#8230;&#8230;&#8230;&#8230;&#8230;&#8230;&#8230;&#8230;&#8230;&#8230;\u0085&#8230;&#8230;&#8230;&#8230;&#8230;&#8230;&#8230;&#8230;&#8230;&#8230;&#8230;&#8230;&#8230;&#8230;&#8230;<\/P><br \/>\n<P class=MsoNoSpacing style=\"MARGIN: 0cm 0cm 0pt\"><o:p>&nbsp;<\/o:p><\/P><br \/>\n<P class=MsoNoSpacing style=\"MARGIN: 0cm 0cm 0pt\">a) das sete horas \u00e0s sete horas e vinte minutos e das doze horas \u00e0s doze horas e vinte minutos, no r\u00e1dio, nos anos em que a renova\u00e7\u00e3o do Senado Federal se der por 1\/3 (um ter\u00e7o);<\/P><br \/>\n<P class=MsoNoSpacing style=\"MARGIN: 0cm 0cm 0pt\"><o:p>&nbsp;<\/o:p><\/P><br \/>\n<P class=MsoNoSpacing style=\"MARGIN: 0cm 0cm 0pt\">b) das treze horas \u00e0s treze horas e vinte minutos e das vinte horas e trinta minutos \u00e0s vinte horas e cinquenta minutos, na televis\u00e3o, nos anos em que a renova\u00e7\u00e3o do Senado Federal se der por 1\/3 (um ter\u00e7o);<\/P><br \/>\n<P class=MsoNoSpacing style=\"MARGIN: 0cm 0cm 0pt\"><o:p>&nbsp;<\/o:p><\/P><br \/>\n<P class=MsoNoSpacing style=\"MARGIN: 0cm 0cm 0pt\">c) das sete horas \u00e0s sete horas e dezoito minutos e das doze horas \u00e0s doze horas e dezoito minutos, no r\u00e1dio, nos anos em que a renova\u00e7\u00e3o do Senado Federal se der por 2\/3 (dois ter\u00e7os);<\/P><br \/>\n<P class=MsoNoSpacing style=\"MARGIN: 0cm 0cm 0pt\"><o:p>&nbsp;<\/o:p><\/P><br \/>\n<P class=MsoNoSpacing style=\"MARGIN: 0cm 0cm 0pt\">d) das treze horas \u00e0s treze horas e dezoito minutos e das vinte horas e trinta minutos \u00e0s vinte horas e quarenta e oito minutos, na televis\u00e3o, nos anos em que a renova\u00e7\u00e3o do Senado Federal se der por 2\/3 (dois ter\u00e7os);<\/P><br \/>\n<P class=MsoNoSpacing style=\"MARGIN: 0cm 0cm 0pt\"><o:p>&nbsp;<\/o:p><\/P><br \/>\n<P class=MsoNoSpacing style=\"MARGIN: 0cm 0cm 0pt\">IV &#8211; &#8230;&#8230;&#8230;&#8230;&#8230;&#8230;&#8230;&#8230;&#8230;&#8230;&#8230;&#8230;&#8230;&#8230;&#8230;&#8230;&#8230;&#8230;&#8230;&#8230;&#8230;&#8230;&#8230;&#8230;&#8230;&#8230;&#8230;..<\/P><br \/>\n<P class=MsoNoSpacing style=\"MARGIN: 0cm 0cm 0pt\"><o:p>&nbsp;<\/o:p><\/P><br \/>\n<P class=MsoNoSpacing style=\"MARGIN: 0cm 0cm 0pt\">a) das sete horas e vinte minutos \u00e0s sete horas e quarenta minutos e das doze horas e vinte minutos \u00e0s doze horas e quarenta minutos, no r\u00e1dio, nos anos em que a renova\u00e7\u00e3o do Senado Federal se der por 1\/3 (um ter\u00e7o);<\/P><br \/>\n<P class=MsoNoSpacing style=\"MARGIN: 0cm 0cm 0pt\"><o:p>&nbsp;<\/o:p><\/P><br \/>\n<P class=MsoNoSpacing style=\"MARGIN: 0cm 0cm 0pt\">b) das treze horas e vinte minutos \u00e0s treze horas e quarenta minutos e das vinte horas e cinquenta minutos \u00e0s vinte e uma horas e dez minutos, na televis\u00e3o, nos anos em que a renova\u00e7\u00e3o do Senado Federal se der por 1\/3 (um ter\u00e7o);<\/P><br \/>\n<P class=MsoNoSpacing style=\"MARGIN: 0cm 0cm 0pt\"><o:p>&nbsp;<\/o:p><\/P><br \/>\n<P class=MsoNoSpacing style=\"MARGIN: 0cm 0cm 0pt\">c) das sete horas e dezoito minutos \u00e0s sete horas e trinta e cinco minutos e das doze horas e dezoito minutos \u00e0s doze horas e trinta e cinco minutos, no r\u00e1dio, nos anos em que a renova\u00e7\u00e3o do Senado Federal se der por 2\/3 (dois ter\u00e7os);<\/P><br \/>\n<P class=MsoNoSpacing style=\"MARGIN: 0cm 0cm 0pt\"><o:p>&nbsp;<\/o:p><\/P><br \/>\n<P class=MsoNoSpacing style=\"MARGIN: 0cm 0cm 0pt\">d) das treze horas e dezoito minutos \u00e0s treze horas e trinta e cinco minutos e das vinte horas e quarenta e oito minutos \u00e0s vinte e uma horas e cinco minutos, na televis\u00e3o, nos anos em que a renova\u00e7\u00e3o do Senado Federal se der por 2\/3 (dois ter\u00e7os);<\/P><br \/>\n<P class=MsoNoSpacing style=\"MARGIN: 0cm 0cm 0pt\"><o:p>&nbsp;<\/o:p><\/P><br \/>\n<P class=MsoNoSpacing style=\"MARGIN: 0cm 0cm 0pt\">V &#8211; &#8230;&#8230;&#8230;&#8230;&#8230;&#8230;&#8230;&#8230;&#8230;&#8230;&#8230;&#8230;&#8230;&#8230;&#8230;&#8230;&#8230;&#8230;&#8230;&#8230;&#8230;&#8230;&#8230;&#8230;&#8230;&#8230;&#8230;.<\/P><br \/>\n<P class=MsoNoSpacing style=\"MARGIN: 0cm 0cm 0pt\"><o:p>&nbsp;<\/o:p><\/P><br \/>\n<P class=MsoNoSpacing style=\"MARGIN: 0cm 0cm 0pt\">a) das sete horas e quarenta minutos \u00e0s sete horas e cinquenta minutos e das doze horas e quarenta minutos \u00e0s doze horas e cinquenta minutos, no r\u00e1dio, nos anos em que a renova\u00e7\u00e3o do Senado Federal se der por 1\/3 (um ter\u00e7o);<\/P><br \/>\n<P class=MsoNoSpacing style=\"MARGIN: 0cm 0cm 0pt\"><o:p>&nbsp;<\/o:p><\/P><br \/>\n<P class=MsoNoSpacing style=\"MARGIN: 0cm 0cm 0pt\">b) das treze horas e quarenta minutos \u00e0s treze horas e cinquenta minutos e das vinte e uma horas e dez minutos \u00e0s vinte e uma horas e vinte minutos, na televis\u00e3o, nos anos em que a renova\u00e7\u00e3o do Senado Federal se der por 1\/3 (um ter\u00e7o);<\/P><br \/>\n<P class=MsoNoSpacing style=\"MARGIN: 0cm 0cm 0pt\"><o:p>&nbsp;<\/o:p><\/P><br \/>\n<P class=MsoNoSpacing style=\"MARGIN: 0cm 0cm 0pt\">c) das sete horas e trinta e cinco minutos \u00e0s sete horas e cinquenta minutos e das doze horas e trinta e cinco minutos \u00e0s doze horas e cinquenta minutos, no r\u00e1dio, nos anos em que a renova\u00e7\u00e3o do Senado Federal se der por 2\/3 (dois ter\u00e7os);<\/P><br \/>\n<P class=MsoNoSpacing style=\"MARGIN: 0cm 0cm 0pt\"><o:p>&nbsp;<\/o:p><\/P><br \/>\n<P class=MsoNoSpacing style=\"MARGIN: 0cm 0cm 0pt\">d) das treze horas e trinta e cinco minutos \u00e0s treze horas e cinquenta minutos e das vinte e uma horas e cinco minutos \u00e0s vinte e uma horas e vinte minutos, na televis\u00e3o, nos anos em que a renova\u00e7\u00e3o do Senado Federal se der por 2\/3 (dois ter\u00e7os);<\/P><br \/>\n<P class=MsoNoSpacing style=\"MARGIN: 0cm 0cm 0pt\"><o:p>&nbsp;<\/o:p><\/P><br \/>\n<P class=MsoNoSpacing style=\"MARGIN: 0cm 0cm 0pt\">&#8230;&#8230;&#8230;&#8230;&#8230;&#8230;&#8230;&#8230;&#8230;&#8230;&#8230;&#8230;&#8230;&#8230;&#8230;&#8230;&#8230;&#8230;&#8230;&#8230;&#8230;&#8230;&#8230;&#8230;&#8230;&#8230;&#8230;..&#8221; (NR)<\/P><br \/>\n<P class=MsoNoSpacing style=\"MARGIN: 0cm 0cm 0pt\"><o:p>&nbsp;<\/o:p><\/P><br \/>\n<P class=MsoNoSpacing style=\"MARGIN: 0cm 0cm 0pt\">&#8220;Art. 48. Nas elei\u00e7\u00f5es para Prefeitos e Vereadores, nos Munic\u00edpios em que n\u00e3o haja emissora de r\u00e1dio e televis\u00e3o, a Justi\u00e7a Eleitoral garantir\u00e1 aos Partidos Pol\u00edticos participantes do pleito a veicula\u00e7\u00e3o de propaganda eleitoral gratuita nas localidades aptas \u00e0 realiza\u00e7\u00e3o de segundo turno de elei\u00e7\u00f5es e nas quais seja operacionalmente vi\u00e1vel realizar a retransmiss\u00e3o.<\/P><br \/>\n<P class=MsoNoSpacing style=\"MARGIN: 0cm 0cm 0pt\"><o:p>&nbsp;<\/o:p><\/P><br \/>\n<P class=MsoNoSpacing style=\"MARGIN: 0cm 0cm 0pt\">\u00a7 1o A Justi\u00e7a Eleitoral regulamentar\u00e1 o disposto neste artigo, de forma que o n\u00famero m\u00e1ximo de Munic\u00edpios a serem atendidos seja igual ao de emissoras geradoras dispon\u00edveis.<\/P><br \/>\n<P class=MsoNoSpacing style=\"MARGIN: 0cm 0cm 0pt\"><o:p>&nbsp;<\/o:p><\/P><br \/>\n<P class=MsoNoSpacing style=\"MARGIN: 0cm 0cm 0pt\">&#8230;&#8230;&#8230;&#8230;&#8230;&#8230;&#8230;&#8230;&#8230;&#8230;&#8230;&#8230;&#8230;&#8230;&#8230;&#8230;&#8230;&#8230;&#8230;&#8230;&#8230;&#8230;&#8230;&#8230;&#8230;&#8230;&#8230;..&#8221; (NR)<\/P><br \/>\n<P class=MsoNoSpacing style=\"MARGIN: 0cm 0cm 0pt\"><o:p>&nbsp;<\/o:p><\/P><br \/>\n<P class=MsoNoSpacing style=\"MARGIN: 0cm 0cm 0pt\">&#8220;Art. 58. &#8230;&#8230;&#8230;&#8230;&#8230;&#8230;&#8230;&#8230;..\u0085\u0085\u0085\u0085\u0085&#8230;&#8230;&#8230;&#8230;&#8230;&#8230;&#8230;&#8230;&#8230;&#8230;.<\/P><br \/>\n<P class=MsoNoSpacing style=\"MARGIN: 0cm 0cm 0pt\"><o:p>&nbsp;<\/o:p><\/P><br \/>\n<P class=MsoNoSpacing style=\"MARGIN: 0cm 0cm 0pt\">&#8230;&#8230;&#8230;&#8230;&#8230;&#8230;&#8230;&#8230;&#8230;&#8230;&#8230;&#8230;&#8230;&#8230;&#8230;&#8230;&#8230;\u0085&#8230;&#8230;&#8230;&#8230;&#8230;&#8230;&#8230;&#8230;&#8230;&#8230;&#8230;&#8230;&#8230;.<\/P><br \/>\n<P class=MsoNoSpacing style=\"MARGIN: 0cm 0cm 0pt\"><o:p>&nbsp;<\/o:p><\/P><br \/>\n<P class=MsoNoSpacing style=\"MARGIN: 0cm 0cm 0pt\">\u00a7 3o &#8230;&#8230;&#8230;&#8230;&#8230;&#8230;&#8230;&#8230;&#8230;&#8230;&#8230;&#8230;.\u0085\u0085\u0085\u0085\u0085\u0085\u0085&#8230;&#8230;&#8230;&#8230;&#8230;&#8230;..<\/P><br \/>\n<P class=MsoNoSpacing style=\"MARGIN: 0cm 0cm 0pt\"><o:p>&nbsp;<\/o:p><\/P><br \/>\n<P class=MsoNoSpacing style=\"MARGIN: 0cm 0cm 0pt\">&#8230;&#8230;&#8230;&#8230;&#8230;&#8230;&#8230;&#8230;&#8230;&#8230;&#8230;&#8230;&#8230;&#8230;&#8230;&#8230;&#8230;&#8230;&#8230;&#8230;&#8230;&#8230;&#8230;&#8230;&#8230;&#8230;&#8230;&#8230;&#8230;&#8230;&#8230;<\/P><br \/>\n<P class=MsoNoSpacing style=\"MARGIN: 0cm 0cm 0pt\"><o:p>&nbsp;<\/o:p><\/P><br \/>\n<P class=MsoNoSpacing style=\"MARGIN: 0cm 0cm 0pt\">IV &#8211; em propaganda eleitoral na internet:<\/P><br \/>\n<P class=MsoNoSpacing style=\"MARGIN: 0cm 0cm 0pt\"><o:p>&nbsp;<\/o:p><\/P><br \/>\n<P class=MsoNoSpacing style=\"MARGIN: 0cm 0cm 0pt\">a) deferido o pedido, a divulga\u00e7\u00e3o da resposta dar-se-\u00e1 no mesmo ve\u00edculo, espa\u00e7o, local, hor\u00e1rio, p\u00e1gina eletr\u00f4nica, tamanho, caracteres e outros elementos de realce usados na ofensa, em at\u00e9 quarenta e oito horas ap\u00f3s a entrega da m\u00eddia f\u00edsica com a resposta do ofendido;<\/P><br \/>\n<P class=MsoNoSpacing style=\"MARGIN: 0cm 0cm 0pt\"><o:p>&nbsp;<\/o:p><\/P><br \/>\n<P class=MsoNoSpacing style=\"MARGIN: 0cm 0cm 0pt\">b) a resposta ficar\u00e1 dispon\u00edvel para acesso pelos usu\u00e1rios do servi\u00e7o de internet por tempo n\u00e3o inferior ao dobro em que esteve dispon\u00edvel a mensagem considerada ofensiva;<\/P><br \/>\n<P class=MsoNoSpacing style=\"MARGIN: 0cm 0cm 0pt\"><o:p>&nbsp;<\/o:p><\/P><br \/>\n<P class=MsoNoSpacing style=\"MARGIN: 0cm 0cm 0pt\">c) os custos de veicula\u00e7\u00e3o da resposta correr\u00e3o por conta do respons\u00e1vel pela propaganda original.<\/P><br \/>\n<P class=MsoNoSpacing style=\"MARGIN: 0cm 0cm 0pt\"><o:p>&nbsp;<\/o:p><\/P><br \/>\n<P class=MsoNoSpacing style=\"MARGIN: 0cm 0cm 0pt\">&#8230;&#8230;&#8230;&#8230;&#8230;&#8230;&#8230;&#8230;&#8230;&#8230;&#8230;&#8230;&#8230;&#8230;&#8230;&#8230;&#8230;&#8230;&#8230;&#8230;&#8230;&#8230;&#8230;&#8230;&#8230;&#8230;&#8230;..&#8221; (NR)<\/P><br \/>\n<P class=MsoNoSpacing style=\"MARGIN: 0cm 0cm 0pt\"><o:p>&nbsp;<\/o:p><\/P><br \/>\n<P class=MsoNoSpacing style=\"MARGIN: 0cm 0cm 0pt\">&#8220;Art. 73. &#8230;&#8230;&#8230;&#8230;&#8230;&#8230;&#8230;&#8230;&#8230;&#8230;&#8230;&#8230;&#8230;&#8230;&#8230;&#8230;&#8230;&#8230;&#8230;&#8230;&#8230;&#8230;&#8230;&#8230;<\/P><br \/>\n<P class=MsoNoSpacing style=\"MARGIN: 0cm 0cm 0pt\"><o:p>&nbsp;<\/o:p><\/P><br \/>\n<P class=MsoNoSpacing style=\"MARGIN: 0cm 0cm 0pt\">&#8230;&#8230;&#8230;&#8230;&#8230;&#8230;&#8230;&#8230;&#8230;&#8230;&#8230;&#8230;&#8230;&#8230;&#8230;&#8230;&#8230;&#8230;&#8230;&#8230;&#8230;&#8230;&#8230;&#8230;&#8230;&#8230;&#8230;&#8230;&#8230;&#8230;&#8230;<\/P><br \/>\n<P class=MsoNoSpacing style=\"MARGIN: 0cm 0cm 0pt\"><o:p>&nbsp;<\/o:p><\/P><br \/>\n<P class=MsoNoSpacing style=\"MARGIN: 0cm 0cm 0pt\">\u00a7 5o Nos casos de descumprimento do disposto nos incisos do caput e no \u00a7 10, sem preju\u00edzo do disposto no \u00a7 4o, o candidato beneficiado, agente p\u00fablico ou n\u00e3o, ficar\u00e1 sujeito \u00e0 cassa\u00e7\u00e3o do registro ou do diploma.<\/P><br \/>\n<P class=MsoNoSpacing style=\"MARGIN: 0cm 0cm 0pt\"><o:p>&nbsp;<\/o:p><\/P><br \/>\n<P class=MsoNoSpacing style=\"MARGIN: 0cm 0cm 0pt\">&#8230;&#8230;&#8230;&#8230;&#8230;&#8230;&#8230;&#8230;&#8230;&#8230;&#8230;&#8230;&#8230;&#8230;&#8230;&#8230;&#8230;&#8230;&#8230;&#8230;&#8230;&#8230;&#8230;&#8230;&#8230;&#8230;&#8230;&#8230;&#8230;&#8230;&#8230;<\/P><br \/>\n<P class=MsoNoSpacing style=\"MARGIN: 0cm 0cm 0pt\"><o:p>&nbsp;<\/o:p><\/P><br \/>\n<P class=MsoNoSpacing style=\"MARGIN: 0cm 0cm 0pt\">\u00a7 11. Nos anos eleitorais, os programas sociais de que trata o \u00a7 10 n\u00e3o poder\u00e3o ser executados por entidade nominalmente vinculada a candidato ou por esse mantida.<\/P><br \/>\n<P class=MsoNoSpacing style=\"MARGIN: 0cm 0cm 0pt\"><o:p>&nbsp;<\/o:p><\/P><br \/>\n<P class=MsoNoSpacing style=\"MARGIN: 0cm 0cm 0pt\">\u00a7 12. A representa\u00e7\u00e3o contra a n\u00e3o observ\u00e2ncia do disposto neste artigo observar\u00e1 o rito do art. 22 da Lei Complementar no 64, de 18 de maio de 1990, e poder\u00e1 ser ajuizada at\u00e9 a data da diploma\u00e7\u00e3o.<\/P><br \/>\n<P class=MsoNoSpacing style=\"MARGIN: 0cm 0cm 0pt\"><o:p>&nbsp;<\/o:p><\/P><br \/>\n<P class=MsoNoSpacing style=\"MARGIN: 0cm 0cm 0pt\">\u00a7 13. O prazo de recurso contra decis\u00f5es proferidas com base neste artigo ser\u00e1 de 3 (tr\u00eas) dias, a contar da data da publica\u00e7\u00e3o do julgamento no Di\u00e1rio Oficial.&#8221; (NR)<\/P><br \/>\n<P class=MsoNoSpacing style=\"MARGIN: 0cm 0cm 0pt\"><o:p>&nbsp;<\/o:p><\/P><br \/>\n<P class=MsoNoSpacing style=\"MARGIN: 0cm 0cm 0pt\">&#8220;Art. 74. Configura abuso de autoridade, para os fins do disposto no art. 22 da Lei Complementar no 64, de 18 de maio de 1990, a infring\u00eancia do disposto no \u00a7 1o do art. 37 da Constitui\u00e7\u00e3o Federal, ficando o respons\u00e1vel, se candidato, sujeito ao cancelamento do registro ou do diploma.&#8221; (NR)<\/P><br \/>\n<P class=MsoNoSpacing style=\"MARGIN: 0cm 0cm 0pt\"><o:p>&nbsp;<\/o:p><\/P><br \/>\n<P class=MsoNoSpacing style=\"MARGIN: 0cm 0cm 0pt\">&#8220;Art. 75. &#8230;&#8230;&#8230;&#8230;&#8230;&#8230;&#8230;&#8230;&#8230;&#8230;&#8230;&#8230;&#8230;&#8230;&#8230;&#8230;&#8230;&#8230;&#8230;&#8230;&#8230;&#8230;&#8230;<\/P><br \/>\n<P class=MsoNoSpacing style=\"MARGIN: 0cm 0cm 0pt\"><o:p>&nbsp;<\/o:p><\/P><br \/>\n<P class=MsoNoSpacing style=\"MARGIN: 0cm 0cm 0pt\">Par\u00e1grafo \u00fanico. Nos casos de descumprimento do disposto neste artigo, sem preju\u00edzo da suspens\u00e3o imediata da conduta, o candidato beneficiado, agente p\u00fablico ou n\u00e3o, ficar\u00e1 sujeito \u00e0 cassa\u00e7\u00e3o do registro ou do diploma.&#8221; (NR)<\/P><br \/>\n<P class=MsoNoSpacing style=\"MARGIN: 0cm 0cm 0pt\"><o:p>&nbsp;<\/o:p><\/P><br \/>\n<P class=MsoNoSpacing style=\"MARGIN: 0cm 0cm 0pt\">&#8220;Art. 77. \u00c9 proibido a qualquer candidato comparecer, nos 3 (tr\u00eas) meses que precedem o pleito, a inaugura\u00e7\u00f5es de obras p\u00fablicas.<\/P><br \/>\n<P class=MsoNoSpacing style=\"MARGIN: 0cm 0cm 0pt\"><o:p>&nbsp;<\/o:p><\/P><br \/>\n<P class=MsoNoSpacing style=\"MARGIN: 0cm 0cm 0pt\">Par\u00e1grafo \u00fanico. A inobserv\u00e2ncia do disposto neste artigo sujeita o infrator \u00e0 cassa\u00e7\u00e3o do registro ou do diploma.&#8221; (NR)<\/P><br \/>\n<P class=MsoNoSpacing style=\"MARGIN: 0cm 0cm 0pt\"><o:p>&nbsp;<\/o:p><\/P><br \/>\n<P class=MsoNoSpacing style=\"MARGIN: 0cm 0cm 0pt\">&#8220;Art. 81. &#8230;&#8230;&#8230;&#8230;&#8230;&#8230;&#8230;&#8230;&#8230;&#8230;&#8230;&#8230;&#8230;&#8230;&#8230;&#8230;&#8230;&#8230;&#8230;&#8230;&#8230;&#8230;&#8230;&#8230;<\/P><br \/>\n<P class=MsoNoSpacing style=\"MARGIN: 0cm 0cm 0pt\"><o:p>&nbsp;<\/o:p><\/P><br \/>\n<P class=MsoNoSpacing style=\"MARGIN: 0cm 0cm 0pt\">&#8230;&#8230;&#8230;&#8230;&#8230;&#8230;&#8230;&#8230;&#8230;&#8230;&#8230;&#8230;&#8230;&#8230;&#8230;&#8230;&#8230;&#8230;&#8230;&#8230;&#8230;&#8230;&#8230;&#8230;&#8230;&#8230;&#8230;&#8230;&#8230;&#8230;&#8230;<\/P><br \/>\n<P class=MsoNoSpacing style=\"MARGIN: 0cm 0cm 0pt\"><o:p>&nbsp;<\/o:p><\/P><br \/>\n<P class=MsoNoSpacing style=\"MARGIN: 0cm 0cm 0pt\">\u00a7 4o As representa\u00e7\u00f5es propostas objetivando a aplica\u00e7\u00e3o das san\u00e7\u00f5es previstas nos \u00a7\u00a7 2o e 3o observar\u00e3o o rito previsto no art. 22 da Lei Complementar no 64, de 18 de maio de 1990, e o prazo de recurso contra as decis\u00f5es proferidas com base neste artigo ser\u00e1 de 3 (tr\u00eas) dias, a contar da data da publica\u00e7\u00e3o do julgamento no Di\u00e1rio Oficial.&#8221; (NR)<\/P><br \/>\n<P class=MsoNoSpacing style=\"MARGIN: 0cm 0cm 0pt\"><o:p>&nbsp;<\/o:p><\/P><br \/>\n<P class=MsoNoSpacing style=\"MARGIN: 0cm 0cm 0pt\">&#8220;Art. 97. &#8230;&#8230;&#8230;&#8230;&#8230;&#8230;&#8230;&#8230;&#8230;&#8230;&#8230;&#8230;&#8230;&#8230;&#8230;&#8230;&#8230;&#8230;&#8230;&#8230;&#8230;&#8230;&#8230;&#8230;.<\/P><br \/>\n<P class=MsoNoSpacing style=\"MARGIN: 0cm 0cm 0pt\"><o:p>&nbsp;<\/o:p><\/P><br \/>\n<P class=MsoNoSpacing style=\"MARGIN: 0cm 0cm 0pt\">\u00a7 1o \u00c9 obrigat\u00f3rio, para os membros dos Tribunais Eleitorais e do Minist\u00e9rio P\u00fablico, fiscalizar o cumprimento desta Lei pelos ju\u00edzes e promotores eleitorais das inst\u00e2ncias inferiores, determinando, quando for o caso, a abertura de procedimento disciplinar para apura\u00e7\u00e3o de eventuais irregularidades que verificarem.<\/P><br \/>\n<P class=MsoNoSpacing style=\"MARGIN: 0cm 0cm 0pt\"><o:p>&nbsp;<\/o:p><\/P><br \/>\n<P class=MsoNoSpacing style=\"MARGIN: 0cm 0cm 0pt\">\u00a7 2o No caso de descumprimento das disposi\u00e7\u00f5es desta Lei por Tribunal Regional Eleitoral, a representa\u00e7\u00e3o poder\u00e1 ser feita ao Tribunal Superior Eleitoral, observado o disposto neste artigo.&#8221; (NR)<\/P><br \/>\n<P class=MsoNoSpacing style=\"MARGIN: 0cm 0cm 0pt\"><o:p>&nbsp;<\/o:p><\/P><br \/>\n<P class=MsoNoSpacing style=\"MARGIN: 0cm 0cm 0pt\">&#8220;Art. 99. &#8230;&#8230;&#8230;&#8230;&#8230;&#8230;&#8230;&#8230;&#8230;&#8230;&#8230;&#8230;&#8230;&#8230;&#8230;&#8230;&#8230;&#8230;&#8230;&#8230;&#8230;&#8230;&#8230;&#8230;.<\/P><br \/>\n<P class=MsoNoSpacing style=\"MARGIN: 0cm 0cm 0pt\"><o:p>&nbsp;<\/o:p><\/P><br \/>\n<P class=MsoNoSpacing style=\"MARGIN: 0cm 0cm 0pt\">\u00a7 1o O direito \u00e0 compensa\u00e7\u00e3o fiscal das emissoras de r\u00e1dio e televis\u00e3o previsto no par\u00e1grafo \u00fanico do art. 52 da Lei no 9.096, de 19 de setembro de 1995, e neste artigo, pela ced\u00eancia do hor\u00e1rio gratuito destinado \u00e0 divulga\u00e7\u00e3o das propagandas partid\u00e1rias e<\/p>\n<!-- AddThis Advanced Settings generic via filter on the_content --><!-- AddThis Share Buttons generic via filter on the_content -->","protected":false},"excerpt":{"rendered":"<p>&nbsp; Lei 12034\/09 | Lei N\u00ba 12.034, de 29 de setembro de 2009 &nbsp; Altera as Leis nos 9.096, de 19 de setembro de 1995 &#8211; Lei dos Partidos Pol\u00edticos, 9.504, de 30 de setembro de 1997, que estabelece normas para as elei\u00e7\u00f5es, e 4.737, de 15 de julho de 1965 &#8211; C\u00f3digo Eleitoral. &nbsp;&#8230;<!-- AddThis Advanced Settings generic via filter on wp_trim_excerpt --><!-- AddThis Share Buttons generic via filter on wp_trim_excerpt --><\/p>\n","protected":false},"author":17,"featured_media":0,"comment_status":"closed","ping_status":"open","sticky":false,"template":"","format":"standard","meta":{"_monsterinsights_skip_tracking":false,"_monsterinsights_sitenote_active":false,"_monsterinsights_sitenote_note":"","_monsterinsights_sitenote_category":0,"_uf_show_specific_survey":0,"_uf_disable_surveys":false,"footnotes":""},"categories":[976],"tags":[],"class_list":["post-20000","post","type-post","status-publish","format-standard","hentry","category-noticias-em-destaque"],"acf":[],"_links":{"self":[{"href":"https:\/\/pdt-rj.org.br\/index.php\/wp-json\/wp\/v2\/posts\/20000","targetHints":{"allow":["GET"]}}],"collection":[{"href":"https:\/\/pdt-rj.org.br\/index.php\/wp-json\/wp\/v2\/posts"}],"about":[{"href":"https:\/\/pdt-rj.org.br\/index.php\/wp-json\/wp\/v2\/types\/post"}],"author":[{"embeddable":true,"href":"https:\/\/pdt-rj.org.br\/index.php\/wp-json\/wp\/v2\/users\/17"}],"replies":[{"embeddable":true,"href":"https:\/\/pdt-rj.org.br\/index.php\/wp-json\/wp\/v2\/comments?post=20000"}],"version-history":[{"count":1,"href":"https:\/\/pdt-rj.org.br\/index.php\/wp-json\/wp\/v2\/posts\/20000\/revisions"}],"predecessor-version":[{"id":56579,"href":"https:\/\/pdt-rj.org.br\/index.php\/wp-json\/wp\/v2\/posts\/20000\/revisions\/56579"}],"wp:attachment":[{"href":"https:\/\/pdt-rj.org.br\/index.php\/wp-json\/wp\/v2\/media?parent=20000"}],"wp:term":[{"taxonomy":"category","embeddable":true,"href":"https:\/\/pdt-rj.org.br\/index.php\/wp-json\/wp\/v2\/categories?post=20000"},{"taxonomy":"post_tag","embeddable":true,"href":"https:\/\/pdt-rj.org.br\/index.php\/wp-json\/wp\/v2\/tags?post=20000"}],"curies":[{"name":"wp","href":"https:\/\/api.w.org\/{rel}","templated":true}]}}