{"id":19994,"date":"2009-09-29T00:00:00","date_gmt":"2009-09-29T00:00:00","guid":{"rendered":"http:\/\/www.malungo2.com.br\/pdt\/index.php\/ayres-de-brito-tambem-e-contra-transparencia-eleitoral"},"modified":"2017-10-26T09:08:28","modified_gmt":"2017-10-26T11:08:28","slug":"ayres-de-brito-tambem-e-contra-transparencia-eleitoral","status":"publish","type":"post","link":"https:\/\/pdt-rj.org.br\/index.php\/ayres-de-brito-tambem-e-contra-transparencia-eleitoral\/","title":{"rendered":"Ayres de Brito tamb\u00e9m \u00e9 contra transpar\u00eancia eleitoral"},"content":{"rendered":"<p><FONT class=text><br \/>\n<P class=MsoNoSpacing style=\"MARGIN: 0cm 0cm 0pt\"><br \/>\n<P class=MsoNoSpacing style=\"MARGIN: 0cm 0cm 0pt\"><?xml:namespace prefix = o ns = \"urn:schemas-microsoft-com:office:office\" \/><o:p><\/o:p><\/P>Na noite desta sexta-feira (25), o presidente do Tribunal Superior Eleitoral (TSE), ministro Carlos Ayres Britto, conversou com o ministro da Justi\u00e7a, Tarso Genro, para manifestar a sua expectativa do veto presidencial a dois pontos do projeto de lei que altera a legisla\u00e7\u00e3o eleitoral: o voto impresso e o voto em tr\u00e2nsito. <\/P><br \/>\n<P class=MsoNoSpacing style=\"MARGIN: 0cm 0cm 0pt\"><o:p>&nbsp;<\/o:p><\/P><br \/>\n<P class=MsoNoSpacing style=\"MARGIN: 0cm 0cm 0pt\">&#8220;Conversei com o ministro Tarso Genro dando ci\u00eancia da preocupa\u00e7\u00e3o da Justi\u00e7a Eleitoral com esses dois espec\u00edficos temas que reputamos prejudiciais ao bom funcionamento do sistema eleitoral brasileiro. Manifestei expectativa de que o presidente da Rep\u00fablica, estudando os temas, venha a vet\u00e1-los. S\u00e3o esses dois pontos do projeto de lei que mais nos trazem dificuldades operacionais irremov\u00edveis\u0094.<\/P><br \/>\n<P class=MsoNoSpacing style=\"MARGIN: 0cm 0cm 0pt\"><o:p>&nbsp;<\/o:p><\/P><br \/>\n<P class=MsoNoSpacing style=\"MARGIN: 0cm 0cm 0pt\">Em rela\u00e7\u00e3o ao voto impresso, Ayres Britto acredita que a medida \u00e9 um retrocesso para o processo eleitoral, uma vez que a mesma efici\u00eancia de checagem de votos pode ser alcan\u00e7ada por meio eletr\u00f4nico, dispensando-se o gasto extra exigido na impress\u00e3o dos votos. O ministro acredita que o voto impresso n\u00e3o tem sentido, considerando que j\u00e1 foi testado nas elei\u00e7\u00f5es de 2002 e resultou em atraso na vota\u00e7\u00e3o e travamento das m\u00e1quinas impressoras.<\/P><br \/>\n<P class=MsoNoSpacing style=\"MARGIN: 0cm 0cm 0pt\"><o:p>&nbsp;<\/o:p><\/P><br \/>\n<P class=MsoNoSpacing style=\"MARGIN: 0cm 0cm 0pt\">Sobre o voto em tr\u00e2nsito, a dificuldade de adapta\u00e7\u00e3o seria pr\u00e1tica, uma vez que para permitir que o eleitor brasileiro vote quando n\u00e3o estiver em seu domic\u00edlio eleitoral seria exigido que ele se cadastrasse pelo menos cinco meses antes. Em outras palavras, seria necess\u00e1rio prever com anteced\u00eancia a viagem para ent\u00e3o se cadastrar e poder votar.<\/P><br \/>\n<P class=MsoNoSpacing style=\"MARGIN: 0cm 0cm 0pt\"><o:p>&nbsp;<\/o:p><\/P><br \/>\n<P class=MsoNoSpacing style=\"MARGIN: 0cm 0cm 0pt\">Sem o cadastramento pr\u00e9vio do eleitor para que o nome dele conste no programa da urna eletr\u00f4nica do local previsto para votar, o sistema de vota\u00e7\u00e3o teria que ser colocado em rede, o que traria riscos para a seguran\u00e7a do processo eleitoral. <\/P><br \/>\n<P class=MsoNoSpacing style=\"MARGIN: 0cm 0cm 0pt\"><o:p>&nbsp;<\/o:p><\/P><br \/>\n<P class=MsoNoSpacing style=\"MARGIN: 0cm 0cm 0pt\">Nesta sexta-feira (25) o TSE enviou ao Minist\u00e9rio da Justi\u00e7a um estudo t\u00e9cnico com a fundamenta\u00e7\u00e3o para que o voto impresso n\u00e3o seja retomado nas elei\u00e7\u00f5es. <\/P><br \/>\n<P class=MsoNoSpacing style=\"MARGIN: 0cm 0cm 0pt\"><o:p>&nbsp;<\/o:p><\/P><br \/>\n<P class=MsoNoSpacing style=\"MARGIN: 0cm 0cm 0pt\">O projeto que alterou a legisla\u00e7\u00e3o eleitoral foi aprovado no \u00faltimo dia 16 pelo Congresso Nacional e enviado para a san\u00e7\u00e3o da Presid\u00eancia da Rep\u00fablica.<\/P><br \/>\n<P class=MsoNoSpacing style=\"MARGIN: 0cm 0cm 0pt\"><o:p>&nbsp;<\/o:p><\/P><br \/>\n<P class=MsoNoSpacing style=\"MARGIN: 0cm 0cm 0pt\">Fonte: <A href=\"http:\/\/agencia.tse.gov.br\/sadAdmAgencia\/noticiaSearch.do?acao=get&amp;id=1226454\">http:\/\/agencia.tse.gov.br\/sadAdmAgencia\/noticiaSearch.do?acao=get&amp;id=1226454<\/A> <\/P><\/FONT><\/p>\n<!-- AddThis Advanced Settings generic via filter on the_content --><!-- AddThis Share Buttons generic via filter on the_content -->","protected":false},"excerpt":{"rendered":"<p>Na noite desta sexta-feira (25), o presidente do Tribunal Superior Eleitoral (TSE), ministro Carlos Ayres Britto, conversou com o ministro da Justi\u00e7a, Tarso Genro, para manifestar a sua expectativa do veto presidencial a dois pontos do projeto de lei que altera a legisla\u00e7\u00e3o eleitoral: o voto impresso e o voto em tr\u00e2nsito. &nbsp; &#8220;Conversei com&#8230;<!-- AddThis Advanced Settings generic via filter on wp_trim_excerpt --><!-- AddThis Share Buttons generic via filter on wp_trim_excerpt --><\/p>\n","protected":false},"author":17,"featured_media":0,"comment_status":"closed","ping_status":"open","sticky":false,"template":"","format":"standard","meta":{"_monsterinsights_skip_tracking":false,"_monsterinsights_sitenote_active":false,"_monsterinsights_sitenote_note":"","_monsterinsights_sitenote_category":0,"_uf_show_specific_survey":0,"_uf_disable_surveys":false,"footnotes":""},"categories":[976],"tags":[],"class_list":["post-19994","post","type-post","status-publish","format-standard","hentry","category-noticias-em-destaque"],"acf":[],"_links":{"self":[{"href":"https:\/\/pdt-rj.org.br\/index.php\/wp-json\/wp\/v2\/posts\/19994","targetHints":{"allow":["GET"]}}],"collection":[{"href":"https:\/\/pdt-rj.org.br\/index.php\/wp-json\/wp\/v2\/posts"}],"about":[{"href":"https:\/\/pdt-rj.org.br\/index.php\/wp-json\/wp\/v2\/types\/post"}],"author":[{"embeddable":true,"href":"https:\/\/pdt-rj.org.br\/index.php\/wp-json\/wp\/v2\/users\/17"}],"replies":[{"embeddable":true,"href":"https:\/\/pdt-rj.org.br\/index.php\/wp-json\/wp\/v2\/comments?post=19994"}],"version-history":[{"count":1,"href":"https:\/\/pdt-rj.org.br\/index.php\/wp-json\/wp\/v2\/posts\/19994\/revisions"}],"predecessor-version":[{"id":56584,"href":"https:\/\/pdt-rj.org.br\/index.php\/wp-json\/wp\/v2\/posts\/19994\/revisions\/56584"}],"wp:attachment":[{"href":"https:\/\/pdt-rj.org.br\/index.php\/wp-json\/wp\/v2\/media?parent=19994"}],"wp:term":[{"taxonomy":"category","embeddable":true,"href":"https:\/\/pdt-rj.org.br\/index.php\/wp-json\/wp\/v2\/categories?post=19994"},{"taxonomy":"post_tag","embeddable":true,"href":"https:\/\/pdt-rj.org.br\/index.php\/wp-json\/wp\/v2\/tags?post=19994"}],"curies":[{"name":"wp","href":"https:\/\/api.w.org\/{rel}","templated":true}]}}