{"id":19986,"date":"2009-09-15T00:00:00","date_gmt":"2009-09-15T00:00:00","guid":{"rendered":"http:\/\/www.malungo2.com.br\/pdt\/index.php\/pdt-discute-construcao-de-documento-com-teses-do-partido"},"modified":"2017-10-26T09:08:29","modified_gmt":"2017-10-26T11:08:29","slug":"12-discute-construcao-de-documento-com-teses-do-partido","status":"publish","type":"post","link":"https:\/\/pdt-rj.org.br\/index.php\/12-discute-construcao-de-documento-com-teses-do-partido\/","title":{"rendered":"PDT discute constru\u00e7\u00e3o de documento com teses do partido"},"content":{"rendered":"<p>O Conselho Pol\u00edtico do PDT e a bancada do partido na C\u00e2mara, reunidos na manh\u00e3 desta ter\u00e7a-feira(15) discutiram a import\u00e2ncia do papel do legenda na atual conjuntura pol\u00edtica e econ\u00f4mica do pa\u00eds, com destaque para temas como as negocia\u00e7\u00f5es para o reajuste dos aposentados, redu\u00e7\u00e3o do fator previdenci\u00e1rio, Pr\u00e9-sal, os debates do Plano Nacional de Educa\u00e7\u00e3o e a reforma pol\u00edtica. Foram tratadas ainda quest\u00f5es relativas \u00e0s elei\u00e7\u00f5es de 2010 como a defini\u00e7\u00e3o das metas do partido, programa de governo e posicionamento quanto \u00e0 candidatura pr\u00f3prio. <BR><BR>A reuni\u00e3o, convocada pelo Secret\u00e1rio Nacional da legenda, Manoel Dias, contou com a presen\u00e7a dos deputados Dagoberto(MS), l\u00edder da bancada, Brizola Neto(RJ), Paulo Rubem Santiago(PE), dos senadores Crist\u00f3vam Buarque (DF) e Fl\u00e1vio Torres (CE), do ex-governador Alceu Collares(RS), dos ex-deputados Andr\u00e9 Figueiredo e S\u00e9rgio Miranda, do vice-prefeito de Porto Alegre Jos\u00e9 Fortunatti, entre outros pedetistas. <BR><BR>Para os participantes o partido deve construir um documento, uma esp\u00e9cie de cartilha, que ser\u00e1 levado aos estados, em caravanas de debates para consolidar as teses do partido. Essas teses ser\u00e3o apresentadas tamb\u00e9m aos atuais pr\u00e9-candidatos Ciro, Marina e Dilma Roussef. A partir desse processo o partido poder\u00e1 amadurecer e consolidar a op\u00e7\u00e3o por uma candidatura pr\u00f3pria ou partir para o apoio a um dos atuais candidatos, desde que este se comprometa em defender e por em pr\u00e1tica medidas que v\u00e3o ajudar o pa\u00eds a se desenvolver e diminuir as disparidades sociais vigentes. <BR><BR>Ficou acertado que cada um dos que participaram da reuni\u00e3o desta ter\u00e7a-feira ir\u00e1 contribuir para a constru\u00e7\u00e3o desse documento, o qual dever\u00e1 ser entregue no pr\u00f3ximo encontro, marcado para o in\u00edcio do m\u00eas de outubro, com a presen\u00e7a do Ministro do Trabalho, Carlos Lupi, presidente licenciado do partido, do deputado Vieira da Cunha(RS), presidente em exerc\u00edcio, que n\u00e3o esteve presente devido a viagem oficial ao exterior; al\u00e9m das bancadas da C\u00e2mara e do Senado. <BR><BR>Dois dos documentos para o debate que ficaram sob a responsabilidade dos deputados trar\u00e3o uma an\u00e1lise da atual estrutura tribut\u00e1ria brasileira, injusta com os assalariados e trabalhadores brasileiros, e outra sobre a d\u00edvida p\u00fablica e as pol\u00edticas adotadas pelo governo Lula no campo dos juros, da gest\u00e3o fiscal do tesouro e o c\u00e2mbio. O resultado dessas pol\u00edticas \u00e9 uma profunda sangria de receitas para os juros e a amortiza\u00e7\u00e3o da d\u00edvida p\u00fablica, comprometendo os investimentos em sa\u00fade, educa\u00e7\u00e3o e infra-estrutura. Esse \u00e9 o cen\u00e1rio que deve ser enfrentado pelo pr\u00f3ximo governo.&nbsp;<BR><BR>Na ocasi\u00e3o foi apresentado um paper do governador Alceu Collares, &#8220;<A href=\"\/artigos.asp?id=118\"><STRONG>A crise do capitalismo<\/STRONG><\/A>&#8220;, que servir\u00e1 de base para o documento a ser&nbsp;elaborado.<BR><\/p>\n<!-- AddThis Advanced Settings generic via filter on the_content --><!-- AddThis Share Buttons generic via filter on the_content -->","protected":false},"excerpt":{"rendered":"<p>O Conselho Pol\u00edtico do PDT e a bancada do partido na C\u00e2mara, reunidos na manh\u00e3 desta ter\u00e7a-feira(15) discutiram a import\u00e2ncia do papel do legenda na atual conjuntura pol\u00edtica e econ\u00f4mica do pa\u00eds, com destaque para temas como as negocia\u00e7\u00f5es para o reajuste dos aposentados, redu\u00e7\u00e3o do fator previdenci\u00e1rio, Pr\u00e9-sal, os debates do Plano Nacional de&#8230;<!-- AddThis Advanced Settings generic via filter on wp_trim_excerpt --><!-- AddThis Share Buttons generic via filter on wp_trim_excerpt --><\/p>\n","protected":false},"author":17,"featured_media":0,"comment_status":"closed","ping_status":"open","sticky":false,"template":"","format":"standard","meta":{"_monsterinsights_skip_tracking":false,"_monsterinsights_sitenote_active":false,"_monsterinsights_sitenote_note":"","_monsterinsights_sitenote_category":0,"_uf_show_specific_survey":0,"_uf_disable_surveys":false,"footnotes":""},"categories":[976],"tags":[],"class_list":["post-19986","post","type-post","status-publish","format-standard","hentry","category-noticias-em-destaque"],"acf":[],"_links":{"self":[{"href":"https:\/\/pdt-rj.org.br\/index.php\/wp-json\/wp\/v2\/posts\/19986","targetHints":{"allow":["GET"]}}],"collection":[{"href":"https:\/\/pdt-rj.org.br\/index.php\/wp-json\/wp\/v2\/posts"}],"about":[{"href":"https:\/\/pdt-rj.org.br\/index.php\/wp-json\/wp\/v2\/types\/post"}],"author":[{"embeddable":true,"href":"https:\/\/pdt-rj.org.br\/index.php\/wp-json\/wp\/v2\/users\/17"}],"replies":[{"embeddable":true,"href":"https:\/\/pdt-rj.org.br\/index.php\/wp-json\/wp\/v2\/comments?post=19986"}],"version-history":[{"count":1,"href":"https:\/\/pdt-rj.org.br\/index.php\/wp-json\/wp\/v2\/posts\/19986\/revisions"}],"predecessor-version":[{"id":56593,"href":"https:\/\/pdt-rj.org.br\/index.php\/wp-json\/wp\/v2\/posts\/19986\/revisions\/56593"}],"wp:attachment":[{"href":"https:\/\/pdt-rj.org.br\/index.php\/wp-json\/wp\/v2\/media?parent=19986"}],"wp:term":[{"taxonomy":"category","embeddable":true,"href":"https:\/\/pdt-rj.org.br\/index.php\/wp-json\/wp\/v2\/categories?post=19986"},{"taxonomy":"post_tag","embeddable":true,"href":"https:\/\/pdt-rj.org.br\/index.php\/wp-json\/wp\/v2\/tags?post=19986"}],"curies":[{"name":"wp","href":"https:\/\/api.w.org\/{rel}","templated":true}]}}