{"id":19984,"date":"2009-09-09T00:00:00","date_gmt":"2009-09-09T03:00:00","guid":{"rendered":"http:\/\/www.malungo2.com.br\/pdt\/index.php\/js-pdt-esta-na-rede-2"},"modified":"2017-01-26T16:38:50","modified_gmt":"2017-01-26T18:38:50","slug":"js-12-esta-na-rede-2","status":"publish","type":"post","link":"https:\/\/pdt-rj.org.br\/index.php\/js-12-esta-na-rede-2\/","title":{"rendered":"JS PDT est\u00e1 na rede"},"content":{"rendered":"<p><IMG height=150 src=\"\/images\/jspdTrede.jpg\" width=200 align=left border=0><BR>A JS\/PDT acaba de lan\u00e7ar a sua pr\u00f3pria rede social de colabora\u00e7\u00e3o e relacionamentos [ http:\/\/jspdtbrasil.ning.com ] que oferece um espa\u00e7o virtual para troca de informa\u00e7\u00f5es, compartilhamento de id\u00e9ias e intera\u00e7\u00e3o entre os membros no ambiente virtual. A resposta foi r\u00e1pida: em menos de 24h mais de 100 jovens aderiram ao sistema e a grande maioria j\u00e1 interagiu de alguma forma. <BR><BR>A plataforma utilizada [www.ning.com] oferece sala de bate-papo, \u00e1lbum de fotos, blog, f\u00f3rum de discuss\u00e3o, cria\u00e7\u00e3o de grupos, alimentador de RSS, adicionar eventos, v\u00eddeos, m\u00fasicas. A palavra Ning \u00e9 de origem chinesa e significa paz. <BR><BR>Utilizando a intera\u00e7\u00e3o social e buscando conectar os filiados e proporcionar sua comunica\u00e7\u00e3o, a JS\/PDT avan\u00e7a em seu projeto de capilarizar-se no pa\u00eds e espera utilizar ferramentas gratu\u00edtas dispon\u00edveis na internet para divulgar o 14\u00ba Conjus &#8211; Congresso Nacional da JS\/PDT, que tamb\u00e9m conta com um blog exclusivo, que disponibiliza v\u00eddeos que servir\u00e3o como base de discuss\u00e3o: . O Congresso que debater\u00e1 os principais temas nacionais, ser\u00e1 realizado entre os dias 12 e 15 de novembro no estado de S\u00e3o Paulo. O lema ser\u00e1: EU VOU \u00c0 LUTA COM ESSA JUVENTUDE ! <BR><BR>&#8220;Com nosso esp\u00edrito de trabalho coletivo, com nossa criatividade e convic\u00e7\u00e3o na causa trabalhista conseguimos avan\u00e7ar mais do que imagin\u00e1vamos. Agora queremos inaugurar uma nova fase em nossa organiza\u00e7\u00e3o que permitir\u00e1 contribuirmos ainda mais com o partido&#8221;, avaliou o presidente nacional da JS\/PDT, Luiz Martins. <BR><\/p>\n<!-- AddThis Advanced Settings generic via filter on the_content --><!-- AddThis Share Buttons generic via filter on the_content -->","protected":false},"excerpt":{"rendered":"<p>A JS\/PDT acaba de lan\u00e7ar a sua pr\u00f3pria rede social de colabora\u00e7\u00e3o e relacionamentos [ http:\/\/jspdtbrasil.ning.com ] que oferece um espa\u00e7o virtual para troca de informa\u00e7\u00f5es, compartilhamento de id\u00e9ias e intera\u00e7\u00e3o entre os membros no ambiente virtual. A resposta foi r\u00e1pida: em menos de 24h mais de 100 jovens aderiram ao sistema e a grande&#8230;<!-- AddThis Advanced Settings generic via filter on wp_trim_excerpt --><!-- AddThis Share Buttons generic via filter on wp_trim_excerpt --><\/p>\n","protected":false},"author":17,"featured_media":0,"comment_status":"closed","ping_status":"closed","sticky":false,"template":"","format":"standard","meta":{"_monsterinsights_skip_tracking":false,"_monsterinsights_sitenote_active":false,"_monsterinsights_sitenote_note":"","_monsterinsights_sitenote_category":0,"_uf_show_specific_survey":0,"_uf_disable_surveys":false,"footnotes":""},"categories":[1586,1397],"tags":[],"class_list":["post-19984","post","type-post","status-publish","format-standard","hentry","category-juventude-socialista","category-movimentos"],"acf":[],"_links":{"self":[{"href":"https:\/\/pdt-rj.org.br\/index.php\/wp-json\/wp\/v2\/posts\/19984","targetHints":{"allow":["GET"]}}],"collection":[{"href":"https:\/\/pdt-rj.org.br\/index.php\/wp-json\/wp\/v2\/posts"}],"about":[{"href":"https:\/\/pdt-rj.org.br\/index.php\/wp-json\/wp\/v2\/types\/post"}],"author":[{"embeddable":true,"href":"https:\/\/pdt-rj.org.br\/index.php\/wp-json\/wp\/v2\/users\/17"}],"replies":[{"embeddable":true,"href":"https:\/\/pdt-rj.org.br\/index.php\/wp-json\/wp\/v2\/comments?post=19984"}],"version-history":[{"count":1,"href":"https:\/\/pdt-rj.org.br\/index.php\/wp-json\/wp\/v2\/posts\/19984\/revisions"}],"predecessor-version":[{"id":52573,"href":"https:\/\/pdt-rj.org.br\/index.php\/wp-json\/wp\/v2\/posts\/19984\/revisions\/52573"}],"wp:attachment":[{"href":"https:\/\/pdt-rj.org.br\/index.php\/wp-json\/wp\/v2\/media?parent=19984"}],"wp:term":[{"taxonomy":"category","embeddable":true,"href":"https:\/\/pdt-rj.org.br\/index.php\/wp-json\/wp\/v2\/categories?post=19984"},{"taxonomy":"post_tag","embeddable":true,"href":"https:\/\/pdt-rj.org.br\/index.php\/wp-json\/wp\/v2\/tags?post=19984"}],"curies":[{"name":"wp","href":"https:\/\/api.w.org\/{rel}","templated":true}]}}