{"id":19982,"date":"2009-09-08T00:00:00","date_gmt":"2009-09-08T00:00:00","guid":{"rendered":"http:\/\/www.malungo2.com.br\/pdt\/index.php\/pdt-lembra-30-anos-do-retorno-de-brizola-do-exilio"},"modified":"2017-10-26T09:08:30","modified_gmt":"2017-10-26T11:08:30","slug":"12-lembra-30-anos-do-retorno-de-brizola-do-exilio","status":"publish","type":"post","link":"https:\/\/pdt-rj.org.br\/index.php\/12-lembra-30-anos-do-retorno-de-brizola-do-exilio\/","title":{"rendered":"PDT lembra 30 anos do retorno de Brizola do ex\u00edlio"},"content":{"rendered":"<p><DIV><I>Ato pol\u00edtico reafirma confian\u00e7a na democracia<\/I>&nbsp; <\/DIV><br \/>\n<DIV>&nbsp;<\/DIV><br \/>\n<DIV>O PDT registrou em ato pol\u00edtico nesta-ter\u00e7a&nbsp;(8\/9) os 30 anos do retorno de Leonel Brizola do ex\u00edlio, ocorrido em 6 de setembro de 1979, em Foz do Igua\u00e7u. Com a presen\u00e7a do Ministro do Trabalho, Carlos Lupi, do ex-governador Alceu Collares e da soci\u00f3loga L\u00edcia Peres, uma das l\u00edderes do Movimento pela Anistia, o partido e a bancada na Assembleia Legislativa reafirmaram a import\u00e2ncia da defesa da democracia. \u0093N\u00e3o queremos mais anistia porque n\u00e3o queremos que nenhum brasileiro seja exilado\u0094, resumiu Carlos Lupi, que \u00e9 presidente nacional licenciado do PDT.<\/DIV><br \/>\n<DIV>&nbsp;<\/DIV><br \/>\n<DIV>O presidente estadual do PDT, Romildo Bolzan Jr., destacou a necessidade de resgatar essa mem\u00f3ria hist\u00f3rica e atuar no sentido de fortalecer as inst\u00e2ncias democr\u00e1ticas, \u0093para que nunca sejam amea\u00e7adas, como aconteceu com o golpe militar e com brasileiros dignos, como Brizola\u0094. <\/DIV><br \/>\n<DIV>&nbsp;<\/DIV><br \/>\n<DIV><B>Aten\u00e7\u00e3o internacional<\/B><\/DIV><br \/>\n<DIV><B><\/B>&nbsp;<\/DIV><br \/>\n<DIV>Em seu depoimento, o ministro do Trabalho, Carlos Lupi, revelou algumas confid\u00eancias de Brizola nos \u00faltimos 12 anos de conviv\u00eancia com o l\u00edder trabalhista. Como a convic\u00e7\u00e3o do ex-governador de que o processo da anistia se iniciou em 1977, quando foi com d. Neusa, em Montevid\u00e9o, at\u00e9 a embaixada americana pedir asilado aos Estados Unidos. Amea\u00e7ado de morte, Brizola resolveu testar a efic\u00e1cia da pol\u00edtica de direitos humanos de Jimmy Carter. \u0093E deu certo, ele escreveu de pr\u00f3prio punho o pedido de asilo pol\u00edtico e o fax foi recebido por Carter, na Casa Branca, que imediatamente autorizou\u0094, contou Lupi. Brizola estava convencido de que esse epis\u00f3dio deflagrou uma esp\u00e9cie de pr\u00e9-anistia, uma vez que deu visibilidade internacional a situa\u00e7\u00e3o que ele estava vivendo. De Nova Iorque, Brizola partiu para Lisboa, onde permaneceu at\u00e9 o retorno, em 1979. Lupi tamb\u00e9m revelou que Brizola reconhecia o gesto do presidente Jo\u00e3o Figueiredo, que numa conversa telef\u00f4nica antecipou que assinaria o ato de anistia. <\/DIV><br \/>\n<DIV>&nbsp;<\/DIV><br \/>\n<DIV>Brizola dizia que o ex\u00edlio fez dele um ap\u00e1trida, que era recebido com desconfian\u00e7a no pa\u00eds onde se encontrava e n\u00e3o podia retornar ao seu pr\u00f3prio pa\u00eds. \u0093A hist\u00f3ria de Brizola tem que servir de modelo para que nunca mais se repita\u0094, disse Lupi, para quem \u00e9 preciso apurar as circunst\u00e2ncia da morte de Jango no ex\u00edlio. \u0093Ele foi assassinado e at\u00e9 hoje isso n\u00e3o foi admitido\u0094, afirmou. <\/DIV><br \/>\n<DIV>&nbsp;<\/DIV><br \/>\n<DIV><B>Soberania nacional<\/B><\/DIV><br \/>\n<DIV>&nbsp;<\/DIV><br \/>\n<DIV>O ministro do Trabalho alertou que o pa\u00eds est\u00e1 vivendo um momento de reafirma\u00e7\u00e3o da sua soberania atrav\u00e9s do pr\u00e9-sal, \u0093\u00e9 a segunda conquista do Petr\u00f3lo \u00e9 Nosso\u0094, referindo-se a hist\u00f3rica campanha liderada por Get\u00falio Vargas que resultou na cria\u00e7\u00e3o da Petrobras. Pediu a aten\u00e7\u00e3o do PDT para esta quest\u00e3o, uma vez que a determina\u00e7\u00e3o do presidente Lula em garantir exclusividade para a Petrobras na explora\u00e7\u00e3o do pr\u00e9-sal est\u00e1 provocando as for\u00e7as conservadoras e seus interesses econ\u00f4micos. \u0093Temos que acompanhar esse processo e os interesses que est\u00e3o envolvidos, isso \u00e9 fundamental para o futuro das pr\u00f3ximas gera\u00e7\u00f5es\u0094, avisou. Segundo Lupi, o marco regulat\u00f3rio \u00e9 uma quest\u00e3o de soberania nacional. <\/DIV><br \/>\n<DIV>&nbsp;<\/DIV><br \/>\n<DIV><B>Refer\u00eancia do trabalhismo<\/B><\/DIV><br \/>\n<DIV><B><\/B>&nbsp;<\/DIV><br \/>\n<DIV>Autor da iniciativa, o deputado Gerson Burmann, que \u00e9 l\u00edder partid\u00e1rio da bancada do PDT, disse que \u00e9 preciso reavivar o simbolismo da volta de Brizola ao pa\u00eds. \u0093Ele voltou como a refer\u00eancia do trabalhismo, para dar continuidade ao projeto de Na\u00e7\u00e3o que a ditadura interrompeu\u0094, afirmou o deputado, que esteve em S\u00e3o Borja no hist\u00f3rico com\u00edcio de 7 de setembro de 1979, onde milhares de pessoas se reuniram para receber Leonel Brizola. A fam\u00edlia Burmann, em Iju\u00ed, sofreu persegui\u00e7\u00e3o dos militares durante a ditadura.<\/DIV><br \/>\n<DIV>&nbsp;<\/DIV><br \/>\n<DIV>Pela A\u00e7\u00e3o da Mulher Trabalhista se manifestou a dirigente nacional, Miguelina Vecchio, que lembrou mulheres como L\u00edcia Peres e Mila Cauduro, que lideraram a luta pela anistia no Rio Grande do Sul. Lembrou, tamb\u00e9m, de d. Neusa Brizola, pela resist\u00eancia ao lado do marido nos 15 longos anos de ex\u00edlio. <\/DIV><br \/>\n<DIV>&nbsp;<\/DIV><br \/>\n<DIV>A soci\u00f3loga L\u00edcia Peres fez um breve hist\u00f3rico da luta pela anistia, destacando a resist\u00eancia de alguns setores que n\u00e3o queriam a volta de todos os cassados. Ela e o marido, o jornalista e ex-prefeito de Porto Alegre Gl\u00eanio Peres, estiveram com Brizola no ex\u00edlio, em Lisboa, em 1976. Para Licia, Brizola foi um exemplo de pol\u00edtico comprometido com a inclus\u00e3o social. <\/DIV><br \/>\n<DIV>&nbsp;<\/DIV><br \/>\n<DIV>Durante mais de 30 minutos o ex-governador Alceu Collares fez uma an\u00e1lise da import\u00e2ncia do trabalhismo na constru\u00e7\u00e3o da identidade nacional, ressaltando que o PDT \u00e9 o herdeiro dessa hist\u00f3ria. Para Collares, \u0093Brizola \u00e9 a s\u00edntese do trabalhismo e dos seus fundamentos\u0094. Lembrou as obras deixadas por Get\u00falio Vargas, citou a coragem de Jango em assumir o compromisso com as reformas de base \u0096 \u0093que at\u00e9 hoje n\u00e3o foram realizadas\u0094 \u0096 e pediu aos dirigentes do PDT que assumam com mais vigor a defesa das escolas de tempo integral, \u0093para homenagear Brizola e reverenciar o homem p\u00fablico que mais investiu em educa\u00e7\u00e3o\u0094. Collares, ao governar o Rio Grande do Sul (1990\/1994), construiu 94 escolas de tempo integral. <\/DIV><br \/>\n<DIV>&nbsp;<\/DIV><br \/>\n<DIV>Diversos l\u00edderes trabalhistas que conviveram com Leonel Brizola prestaram depoimento no evento, especialmente aqueles que estiveram pr\u00f3ximos do l\u00edder trabalhista, como o ex-deputado Ney Ortiz Borges, que foi l\u00edder de Jango na C\u00e2mara Federal, o professor Ant\u00f4nio de P\u00e1dua Ferreira, que fundou o PTB com 1945 com Get\u00falio Vargas, o coronel Nehme, que foi chefe da Casa Civil no governo Brizola no Rio Grande do Sul, e diversas outras autoridades. O prefeito de Taquara, D\u00e9lcio Hugentobler, avisou que o munic\u00edpio est\u00e1 inaugurando uma escola de tempo integral. Em Alvorada tamb\u00e9m est\u00e1 sendo constru\u00eddo um CIEP que ter\u00e1 o nome de Leonel Brizola. <\/DIV><br \/>\n<DIV>&nbsp;<\/DIV><br \/>\n<DIV>O deputado Pompeo de Mattos declamou uma poesia de sua autoria sobre Brizola. <\/DIV><br \/>\n<DIV>&nbsp;<\/DIV><br \/>\n<DIV>Participaram do evento os deputados Adroaldo Loureiro, l\u00edder da bancada, Giovani Cherini, Gilmar Sossella, Gerson Burmann, Kalil Sehbe, o vice-prefeito de Porto Alegre, Jos\u00e9 Fortunati, o deputado Pompeo de Mattos e o deputado Ad\u00e3o Villaverde (PT), representando o presidente estadual do PT, Ol\u00edvio Dutra. <\/DIV><br \/>\n<DIV>&nbsp;<\/DIV><br \/>\n<DIV>O ato pol\u00edtico se encerrou com uma sauda\u00e7\u00e3o de parab\u00e9ns ao ex-governador Alceu Collares, que ontem (7) completou 82 anos. <\/DIV><br \/>\n<DIV>&nbsp;<\/DIV><br \/>\n<DIV><EM>Francis Maia (Ascom PDT\/RS)<\/EM><\/DIV><\/p>\n<!-- AddThis Advanced Settings generic via filter on the_content --><!-- AddThis Share Buttons generic via filter on the_content -->","protected":false},"excerpt":{"rendered":"<p>Ato pol\u00edtico reafirma confian\u00e7a na democracia&nbsp; &nbsp; O PDT registrou em ato pol\u00edtico nesta-ter\u00e7a&nbsp;(8\/9) os 30 anos do retorno de Leonel Brizola do ex\u00edlio, ocorrido em 6 de setembro de 1979, em Foz do Igua\u00e7u. Com a presen\u00e7a do Ministro do Trabalho, Carlos Lupi, do ex-governador Alceu Collares e da soci\u00f3loga L\u00edcia Peres, uma das&#8230;<!-- AddThis Advanced Settings generic via filter on wp_trim_excerpt --><!-- AddThis Share Buttons generic via filter on wp_trim_excerpt --><\/p>\n","protected":false},"author":17,"featured_media":0,"comment_status":"closed","ping_status":"open","sticky":false,"template":"","format":"standard","meta":{"_monsterinsights_skip_tracking":false,"_monsterinsights_sitenote_active":false,"_monsterinsights_sitenote_note":"","_monsterinsights_sitenote_category":0,"_uf_show_specific_survey":0,"_uf_disable_surveys":false,"footnotes":""},"categories":[976],"tags":[],"class_list":["post-19982","post","type-post","status-publish","format-standard","hentry","category-noticias-em-destaque"],"acf":[],"_links":{"self":[{"href":"https:\/\/pdt-rj.org.br\/index.php\/wp-json\/wp\/v2\/posts\/19982","targetHints":{"allow":["GET"]}}],"collection":[{"href":"https:\/\/pdt-rj.org.br\/index.php\/wp-json\/wp\/v2\/posts"}],"about":[{"href":"https:\/\/pdt-rj.org.br\/index.php\/wp-json\/wp\/v2\/types\/post"}],"author":[{"embeddable":true,"href":"https:\/\/pdt-rj.org.br\/index.php\/wp-json\/wp\/v2\/users\/17"}],"replies":[{"embeddable":true,"href":"https:\/\/pdt-rj.org.br\/index.php\/wp-json\/wp\/v2\/comments?post=19982"}],"version-history":[{"count":1,"href":"https:\/\/pdt-rj.org.br\/index.php\/wp-json\/wp\/v2\/posts\/19982\/revisions"}],"predecessor-version":[{"id":56597,"href":"https:\/\/pdt-rj.org.br\/index.php\/wp-json\/wp\/v2\/posts\/19982\/revisions\/56597"}],"wp:attachment":[{"href":"https:\/\/pdt-rj.org.br\/index.php\/wp-json\/wp\/v2\/media?parent=19982"}],"wp:term":[{"taxonomy":"category","embeddable":true,"href":"https:\/\/pdt-rj.org.br\/index.php\/wp-json\/wp\/v2\/categories?post=19982"},{"taxonomy":"post_tag","embeddable":true,"href":"https:\/\/pdt-rj.org.br\/index.php\/wp-json\/wp\/v2\/tags?post=19982"}],"curies":[{"name":"wp","href":"https:\/\/api.w.org\/{rel}","templated":true}]}}