{"id":19981,"date":"2009-09-09T00:00:00","date_gmt":"2009-09-09T00:00:00","guid":{"rendered":"http:\/\/www.malungo2.com.br\/pdt\/index.php\/pdt-inaugura-painel-historico-parlamentar-nesta-quarta-as-16h"},"modified":"2017-10-26T09:08:29","modified_gmt":"2017-10-26T11:08:29","slug":"12-inaugura-painel-historico-parlamentar-nesta-quarta-as-16h","status":"publish","type":"post","link":"https:\/\/pdt-rj.org.br\/index.php\/12-inaugura-painel-historico-parlamentar-nesta-quarta-as-16h\/","title":{"rendered":"PDT inaugura painel Hist\u00f3rico Parlamentar, nesta quarta, \u00e0s 16h"},"content":{"rendered":"<p>PDT inaugura painel Hist\u00f3rico Parlamentar, nesta quarta, \u00e0s 16h <BR><BR>O L\u00edder do PDT, deputado Dagoberto(MS) e a bancada do partido na C\u00e2mara inauguram nesta quarta-feira(09\/09), \u00e0s 16h, o Painel Hist\u00f3rico Parlamentar do PDT localizado na sala da Lideran\u00e7a. <BR><BR>Com cerca de 100 fotografias, o painel abrange momentos hist\u00f3ricos, como a Revolu\u00e7\u00e3o de 30, o suic\u00eddio de Vargas, a posse de Jango e o momento em que Brizola resgata a bandeira trabalhista e o seu projeto de educa\u00e7\u00e3o e nacionalismo. No plano parlamentar, o foco \u00e9 a a\u00e7\u00e3o de personalidades, como Doutel de Andrade, Neiva Moreira, Brand\u00e3o Monteiro, Matheus Schmidt, Miro Teixeira entre outros. <BR><BR>O painel corre em duas paredes numa l\u00e2mina de 70 cent\u00edmetros de altura sobre um fundo amarelo. A inaugura\u00e7\u00e3o ser\u00e1 \u00e0s 16 horas, no Gabinete do L\u00edder, com a presen\u00e7a do Presidente da C\u00e2mara, Michel Temer, lideran\u00e7as, parlamentares, autoridades, e militantes. <BR><\/p>\n<!-- AddThis Advanced Settings generic via filter on the_content --><!-- AddThis Share Buttons generic via filter on the_content -->","protected":false},"excerpt":{"rendered":"<p>PDT inaugura painel Hist\u00f3rico Parlamentar, nesta quarta, \u00e0s 16h O L\u00edder do PDT, deputado Dagoberto(MS) e a bancada do partido na C\u00e2mara inauguram nesta quarta-feira(09\/09), \u00e0s 16h, o Painel Hist\u00f3rico Parlamentar do PDT localizado na sala da Lideran\u00e7a. Com cerca de 100 fotografias, o painel abrange momentos hist\u00f3ricos, como a Revolu\u00e7\u00e3o de 30, o suic\u00eddio&#8230;<!-- AddThis Advanced Settings generic via filter on wp_trim_excerpt --><!-- AddThis Share Buttons generic via filter on wp_trim_excerpt --><\/p>\n","protected":false},"author":17,"featured_media":0,"comment_status":"closed","ping_status":"open","sticky":false,"template":"","format":"standard","meta":{"_monsterinsights_skip_tracking":false,"_monsterinsights_sitenote_active":false,"_monsterinsights_sitenote_note":"","_monsterinsights_sitenote_category":0,"_uf_show_specific_survey":0,"_uf_disable_surveys":false,"footnotes":""},"categories":[976],"tags":[],"class_list":["post-19981","post","type-post","status-publish","format-standard","hentry","category-noticias-em-destaque"],"acf":[],"_links":{"self":[{"href":"https:\/\/pdt-rj.org.br\/index.php\/wp-json\/wp\/v2\/posts\/19981","targetHints":{"allow":["GET"]}}],"collection":[{"href":"https:\/\/pdt-rj.org.br\/index.php\/wp-json\/wp\/v2\/posts"}],"about":[{"href":"https:\/\/pdt-rj.org.br\/index.php\/wp-json\/wp\/v2\/types\/post"}],"author":[{"embeddable":true,"href":"https:\/\/pdt-rj.org.br\/index.php\/wp-json\/wp\/v2\/users\/17"}],"replies":[{"embeddable":true,"href":"https:\/\/pdt-rj.org.br\/index.php\/wp-json\/wp\/v2\/comments?post=19981"}],"version-history":[{"count":1,"href":"https:\/\/pdt-rj.org.br\/index.php\/wp-json\/wp\/v2\/posts\/19981\/revisions"}],"predecessor-version":[{"id":56595,"href":"https:\/\/pdt-rj.org.br\/index.php\/wp-json\/wp\/v2\/posts\/19981\/revisions\/56595"}],"wp:attachment":[{"href":"https:\/\/pdt-rj.org.br\/index.php\/wp-json\/wp\/v2\/media?parent=19981"}],"wp:term":[{"taxonomy":"category","embeddable":true,"href":"https:\/\/pdt-rj.org.br\/index.php\/wp-json\/wp\/v2\/categories?post=19981"},{"taxonomy":"post_tag","embeddable":true,"href":"https:\/\/pdt-rj.org.br\/index.php\/wp-json\/wp\/v2\/tags?post=19981"}],"curies":[{"name":"wp","href":"https:\/\/api.w.org\/{rel}","templated":true}]}}