{"id":19917,"date":"2009-06-22T00:00:00","date_gmt":"2009-06-22T03:00:00","guid":{"rendered":"http:\/\/www.malungo2.com.br\/pdt\/index.php\/camara-homenageia-brizola-e-30-anos-da-carta-de-lisboa"},"modified":"2017-01-26T16:27:34","modified_gmt":"2017-01-26T18:27:34","slug":"camara-homenageia-brizola-e-30-anos-da-carta-de-lisboa","status":"publish","type":"post","link":"https:\/\/pdt-rj.org.br\/index.php\/camara-homenageia-brizola-e-30-anos-da-carta-de-lisboa\/","title":{"rendered":"C\u00e2mara homenageia Brizola e 30 anos da Carta de Lisboa"},"content":{"rendered":"<p><EM><STRONG>C\u00e2mara dos Deputados homenageia Leonel Brizola e os 30 anos da \u0093Carta de Lisboa\u0094 <BR><\/STRONG><BR><\/EM>Documento escrito durante o ex\u00edlio do ex-governador afirma os princ\u00edpios e tra\u00e7a o perfil ideol\u00f3gico do PDT <BR><BR>A C\u00e2mara dos Deputados realizou sess\u00e3o solene, nesta segunda-feira (22), em homenagem ao ex-governador Leonel de Moura Brizola, por ocasi\u00e3o da passagem do quinto anivers\u00e1rio de sua morte, ocorrida em 21 de junho de 2004, e para marcar os 30 anos da edi\u00e7\u00e3o da Carta de Lisboa \u0096 documento considerado a \u0093certid\u00e3o de nascimento\u0094 do PDT. O deputado Vieira da Cunha (PDT-RS), presidente nacional em exerc\u00edcio da sigla, e o deputado Brizola Neto (RJ). l\u00edder da bancada, foram os proponentes da solenidade. Conforme Vieira, o ex-governador dedicou a sua vida \u00e0 constru\u00e7\u00e3o de um partido para ser o instrumento de luta dos trabalhadores, dos pobres e oprimidos, para dar prioridade \u00e0 educa\u00e7\u00e3o e para lutar pela soberania nacional. \u0093N\u00e3o h\u00e1 homenagem maior que se possa fazer a ele do que ser fiel a essa causa\u0094, discursou. <BR><BR>Vieira da Cunha iniciou seu pronunciamento lembrando que recebeu a not\u00edcia da morte de Brizola quando estava em viagem oficial \u00e0 China, na condi\u00e7\u00e3o de presidente da Assembl\u00e9ia Legislativa do Rio Grande do Sul, integrando uma comitiva liderada pelo ent\u00e3o governador Germano Rigotto. Ele recordou que, ao tomar conhecimento da triste informa\u00e7\u00e3o, comunicou ao governador Rigotto que estava se desligando da delega\u00e7\u00e3o para voltar imediatamente ao Brasil, a fim de participar das cerim\u00f4nias f\u00fanebres. \u0093N\u00e3o teria chegado em tempo para o vel\u00f3rio, n\u00e3o fosse a multid\u00e3o que queria se despedir do governador Brizola no Rio de Janeiro, fato que postergou por um dia a chegada do corpo a Porto Alegre\u0094, relembrou Vieira. O pedetista assinalou que o Rio Grande do Sul tamb\u00e9m parou para se despedir do l\u00edder trabalhista. Enormes filas se formaram com pessoas de todos os lugares que queriam dizer adeus ao ex-governador. \u0093Ali, no sal\u00e3o nobre do Pal\u00e1cio Piratini, repousava para a eternidade o grande Leonel de Moura Brizola\u0094, exaltou&nbsp;<BR><BR>\u0093Certid\u00e3o de Nascimento\u0094 do PDT <BR><BR>Citando a vereadora de Porto Alegre Juliana Brizola (PDT), neta do ex-governador, Vieira afirmou que \u0093foi-se o mensageiro, mas ficou a mensagem\u0094. Segundo o deputado, Brizola partiu, mas os seus ensinamentos ficaram para todos que sonham com um pa\u00eds mais justo, fraterno e igualit\u00e1rio. Ele salientou que na Carta de Lisboa, que completou no \u00faltimo dia 17 de junho 30 anos, Brizola, ainda no ex\u00edlio, j\u00e1 declarava o seu firme prop\u00f3sito de construir um partido verdadeiramente nacional, popular e democr\u00e1tico. J\u00e1 em 1978, o documento afirmava os princ\u00edpios e desenhava o perfil ideol\u00f3gico da agremia\u00e7\u00e3o partid\u00e1ria que surgia para cumprir importante papel no cen\u00e1rio pol\u00edtico nacional \u0096 hoje com 25 deputados federais, cinco Senadores, 342 Prefeitos, 3.459 Vereadores e mais de um milh\u00e3o de filiados. \u0093Brizola dedicou a sua vida \u00e0 constru\u00e7\u00e3o de um partido para ser o instrumento de conquista de dignidade para os trabalhadores, os pobres e oprimidos, para dar prioridade absoluta \u00e0 educa\u00e7\u00e3o e para lutar pela soberania nacional. N\u00e3o h\u00e1 homenagem maior que se possa fazer a ele do que ser fiel a essa causa\u0094, sustentou Vieira.&nbsp;<BR><BR>Para Vieira, o momento de maior emo\u00e7\u00e3o foi quando o esquife de Brizola foi colocado num caminh\u00e3o dos Bombeiros sob o aplauso de uma multid\u00e3o que tomava conta da Pra\u00e7a da Matriz, debaixo de chuva, para deixar Porto Alegre em dire\u00e7\u00e3o a S\u00e3o Borja. \u0093A mesma pra\u00e7a que havia sido palco, em agosto de 1961, de um dos maiores movimentos c\u00edvico-populares da hist\u00f3ria do Brasil, despedia-se do seu grande l\u00edder\u0094, destacou Vieira, referindo-se ao Movimento da Legalidade, quando o jovem governador ga\u00facho, ent\u00e3o com apenas 39 anos de idade, mobilizou toda a na\u00e7\u00e3o em defesa da posse do vice-presidente da Rep\u00fablica, Jo\u00e3o Goulart, depois da ren\u00fancia de J\u00e2nio Quadros. \u0093Essa, realmente, \u00e9 uma das mais belas p\u00e1ginas da hist\u00f3ria do Brasil escrita por esses dois inesquec\u00edveis e grandes homens p\u00fablicos que foram Leonel de Moura Brizola e Jo\u00e3o Belchior Marques Goulart\u0094, enfatizou Vieira.<BR><BR>O presidente nacional do PDT ressaltou que al\u00e9m do Movimento da Legalidade, o Governo Leonel Brizola, no Rio Grande do Sul, foi marcado tamb\u00e9m pelo compromisso com a causa da educa\u00e7\u00e3o. Ele sublinhou que, em apenas quatro anos, o trabalhista construiu 6.302 escolas. De acordo com Vieira, se hoje o RS ostenta a posi\u00e7\u00e3o de um dos mais desenvolvidos estados da Federa\u00e7\u00e3o, o fato se deve, certamente, \u00e0quele fabuloso plano do final da d\u00e9cada de 50 que garantiu \u00e0s crian\u00e7as ga\u00fachas o acesso universal \u00e0 educa\u00e7\u00e3o p\u00fablica, gratuita e de qualidade. \u0093Ali\u00e1s, a educa\u00e7\u00e3o era a causa do nosso homenageado\u0094, refor\u00e7ou. Vieira acrescentou que, posteriormente, nas duas vezes em que Brizola governou o Rio de Janeiro, ergueu no estado mais de 500 CIEPs \u0096 Centros Integrados de Educa\u00e7\u00e3o P\u00fablica, a escola de turno integral idealizada por Darcy Ribeiro e projetada por Oscar Niemeyer. \u0093Aquela que tira a crian\u00e7a da rua, do caminho das drogas e do crime, resgatando-a socialmente, formando-a cidad\u00e3\u0094, completou.<BR><BR>Finalizando, o pedetista enfatizou as principais qualidades do l\u00edder trabalhista, que, para ele foram a maneira sincera de ser, o respeito pela coisa p\u00fablica, a coragem e a honradez, o amor pela P\u00e1tria, o esp\u00edrito revolucion\u00e1rio, a indigna\u00e7\u00e3o com a pobreza e a espolia\u00e7\u00e3o, e a firmeza de car\u00e1ter. Estas s\u00e3o, para Vieira, marcas de um incompar\u00e1vel homem p\u00fablico. \u0093Meu l\u00edder Leonel Brizola, que falta fazes! Que o teu exemplo de homem p\u00fablico honrado ilumine o cen\u00e1rio pol\u00edtico! \u00c9 o que todos n\u00f3s desejamos, para o bem do Brasil\u0094, concluiu.<BR><BR>Co-autor do requerimento para a realiza\u00e7\u00e3o da sess\u00e3o solene, o l\u00edder do PDT na C\u00e2mara, Brizola Neto (RJ), tamb\u00e9m enalteceu as virtudes de seu av\u00f4. \u0093Mais do que o deputado, talvez seja o neto que vem dar um pouco do seu testemunho dos anos em que tive a oportunidade, mais do que oportunidade, o privil\u00e9gio de conviver com esse brasileiro, que, cinco anos depois da sua morte, \u00e9 um exemplo a ser seguido por todos n\u00f3s\u0094. Conforme Brizola Neto, o ex-governador era um av\u00f4 generoso, com o cora\u00e7\u00e3o sempre aberto para acolher a sua fam\u00edlia. \u0093Mas era tamb\u00e9m um chefe duro e rigoroso. Um chefe que, acima de tudo, dava o seu exemplo\u0094, declarou o l\u00edder do PDT, lembrando do tempo em que trabalhou na administra\u00e7\u00e3o Brizola no RJ e quando chegava ap\u00f3s as 7h30, o ent\u00e3o governador j\u00e1 havia realizado muitas tarefas e o recebia dando \u0093boa tarde\u0094. Segundo Brizola Neto, seu av\u00f4 dedicou-se \u00e0 causa do povo brasileiro durante praticamente todos os dias da sua vida. \u0093Desde a hora em que acordava at\u00e9 a hora em que ia dormir pensava em como melhorar este pa\u00eds, em como garantir melhorias para o nosso povo\u0094, afirmou.&nbsp;<BR><BR><BR><STRONG>Saudade que reverencia a hist\u00f3ria e constr\u00f3i o futuro<\/STRONG> <BR><BR>O ministro do Trabalho e Emprego e presidente nacional licenciado do PDT, Carlos Lupi, disse que a solenidade era um momento dif\u00edcil para ele por se tratar de um evento marcado pela saudade, mas que serve tamb\u00e9m para reverenciar a hist\u00f3ria. \u0093E s\u00f3 tem saudade quem amou profundamente. Como n\u00f3s amamos profundamente Leonel Brizola, temos muita saudade dele. A saudade, que \u00e9 um sentimento forte que fica no cora\u00e7\u00e3o da gente, alimenta a hist\u00f3ria que constr\u00f3i o futuro\u0094, declarou. De acordo com Lupi, Brizola n\u00e3o suportava olhar para traz, era um homem de vanguarda. Para o ministro, a vida de Brizola se identifica com a de milh\u00f5es de brasileiros que querem justi\u00e7a social, direito \u00e0 dignidade, lutam para acabar com a mis\u00e9ria, com a fome, que n\u00e3o suportam mais ver tanta riqueza acumulada num pa\u00eds continental e com tanta pobreza. \u0093Aos 82 anos de idade, parecia um guri, andando pelo Brasil, questionando a tudo e a todos, n\u00e3o se submetendo jamais aos poderosos. Esse era o Brizola, questionador, corajoso, ousado. N\u00e3o temia nada nem ningu\u00e9m. \u00c9 esse o exemplo que temos que seguir, fazendo dele uma inspira\u00e7\u00e3o\u0094, exortou Lupi. <BR><BR>Al\u00e9m de Vieira, Lupi e Brizola Neto, falaram durante a sess\u00e3o solene o senador Cristovam Buarque (PDT-DF), os deputados Darc\u00edsio Perondi (PMDB-RS), Rodrigo Rollemberg (PSB-DF), Fl\u00e1vio Dino (PCdoB-MA) e Sebasti\u00e3o Bala Rocha (PDT-AP), e o jornalista Jos\u00e9 Maria Rabelo, signat\u00e1rio da Carta de Lisboa. Compareceram \u00e0 solenidade o secret\u00e1rio-geral nacional do PDT, Manoel Dias, o ex-deputado Jo\u00e3o Vicente Goulart \u0096 filho do ex-presidente Jo\u00e3o Goulart \u0096, o deputado estadual de Minas Gerais Sebasti\u00e3o Helv\u00e9cio (PDT), e o ex-deputado federal e ex-l\u00edder do Governo Jango na C\u00e2mara Ney Ortiz Borges. O plen\u00e1rio da Casa foi tomado por centenas de militantes da Juventude Socialista do PDT, bem como por integrantes e dirigentes do partido. <BR><BR>O ministro Carlos Lupi informou que o presidente Lu\u00eds In\u00e1cio Lula da Silva assinou ato outorgando a Leonel Brizola a Comenda Post Mortem da Ordem do M\u00e9rito do Trabalho Get\u00falio Vargas, a maior honraria do Minist\u00e9rio do Trabalho e Emprego.&nbsp; (Leonel Rocha)<BR><\/p>\n<!-- AddThis Advanced Settings generic via filter on the_content --><!-- AddThis Share Buttons generic via filter on the_content -->","protected":false},"excerpt":{"rendered":"<p>C\u00e2mara dos Deputados homenageia Leonel Brizola e os 30 anos da \u0093Carta de Lisboa\u0094 Documento escrito durante o ex\u00edlio do ex-governador afirma os princ\u00edpios e tra\u00e7a o perfil ideol\u00f3gico do PDT A C\u00e2mara dos Deputados realizou sess\u00e3o solene, nesta segunda-feira (22), em homenagem ao ex-governador Leonel de Moura Brizola, por ocasi\u00e3o da passagem do quinto&#8230;<!-- AddThis Advanced Settings generic via filter on wp_trim_excerpt --><!-- AddThis Share Buttons generic via filter on wp_trim_excerpt --><\/p>\n","protected":false},"author":17,"featured_media":0,"comment_status":"closed","ping_status":"closed","sticky":false,"template":"","format":"standard","meta":{"_monsterinsights_skip_tracking":false,"_monsterinsights_sitenote_active":false,"_monsterinsights_sitenote_note":"","_monsterinsights_sitenote_category":0,"_uf_show_specific_survey":0,"_uf_disable_surveys":false,"footnotes":""},"categories":[1459,1401],"tags":[],"class_list":["post-19917","post","type-post","status-publish","format-standard","hentry","category-congresso","category-nacional"],"acf":[],"_links":{"self":[{"href":"https:\/\/pdt-rj.org.br\/index.php\/wp-json\/wp\/v2\/posts\/19917","targetHints":{"allow":["GET"]}}],"collection":[{"href":"https:\/\/pdt-rj.org.br\/index.php\/wp-json\/wp\/v2\/posts"}],"about":[{"href":"https:\/\/pdt-rj.org.br\/index.php\/wp-json\/wp\/v2\/types\/post"}],"author":[{"embeddable":true,"href":"https:\/\/pdt-rj.org.br\/index.php\/wp-json\/wp\/v2\/users\/17"}],"replies":[{"embeddable":true,"href":"https:\/\/pdt-rj.org.br\/index.php\/wp-json\/wp\/v2\/comments?post=19917"}],"version-history":[{"count":1,"href":"https:\/\/pdt-rj.org.br\/index.php\/wp-json\/wp\/v2\/posts\/19917\/revisions"}],"predecessor-version":[{"id":52555,"href":"https:\/\/pdt-rj.org.br\/index.php\/wp-json\/wp\/v2\/posts\/19917\/revisions\/52555"}],"wp:attachment":[{"href":"https:\/\/pdt-rj.org.br\/index.php\/wp-json\/wp\/v2\/media?parent=19917"}],"wp:term":[{"taxonomy":"category","embeddable":true,"href":"https:\/\/pdt-rj.org.br\/index.php\/wp-json\/wp\/v2\/categories?post=19917"},{"taxonomy":"post_tag","embeddable":true,"href":"https:\/\/pdt-rj.org.br\/index.php\/wp-json\/wp\/v2\/tags?post=19917"}],"curies":[{"name":"wp","href":"https:\/\/api.w.org\/{rel}","templated":true}]}}