{"id":19911,"date":"2009-06-17T00:00:00","date_gmt":"2009-06-17T00:00:00","guid":{"rendered":"http:\/\/www.malungo2.com.br\/pdt\/index.php\/ha-cinco-anos-o-brasil-perdia-leonel-de-moura-brizola"},"modified":"2017-10-26T09:08:36","modified_gmt":"2017-10-26T11:08:36","slug":"ha-cinco-anos-o-brasil-perdia-leonel-de-moura-brizola","status":"publish","type":"post","link":"https:\/\/pdt-rj.org.br\/index.php\/ha-cinco-anos-o-brasil-perdia-leonel-de-moura-brizola\/","title":{"rendered":"H\u00e1 cinco anos o Brasil perdia Leonel de Moura Brizola"},"content":{"rendered":"<p><DIV>O 5\u00ba anivers\u00e1rio da morte de Brizola, neste domingo (21\/6), ser\u00e1 lembrado em diversos pontos do Brasil. Em S\u00e3o Borja, ber\u00e7o do Trabalhismo, terra de Get\u00falio Vargas e Jo\u00e3o Goulart, onde Brizola descansa no cemit\u00e9rio Jardim da Paz, a Juventude do PDT\/RS, presidida por Juliana Brizola, promove encontro dias 20 e 21 na C\u00e2mara Municipal para discutir os rumos do partido cinco anos depois da morte de Brizola.<\/DIV><br \/>\n<DIV>&nbsp;<\/DIV><br \/>\n<DIV>A programa\u00e7\u00e3o do encontro estadual da JS-PDT inclui vig\u00edlia no cemit\u00e9rio de S\u00e3o Borja, domingo, para depositar flores&nbsp; no t\u00famulo de Brizola, de sua mulher Neusa e do presidente Jo\u00e3o Goulart. Tamb\u00e9m s\u00e3o esperados em S\u00e3o Borja para homenagem a Brizola dirigentes nacionais e estaduais do PDT, entre eles Vieira da Cunha, Carlos Lupi, Manoel Dias, Romildo Bolzan, Matheus Schmidt e outros. As celebra\u00e7\u00f5es prosseguem na segunda-feira, dia 22, em Bras\u00edlia e tamb\u00e9m nos estados.<\/DIV><br \/>\n<DIV>&nbsp;<\/DIV><br \/>\n<DIV>Em Bras\u00edlia, a partir das 10 da manh\u00e3 na segunda, haver\u00e1 sess\u00e3o solene no plen\u00e1rio da C\u00e2mara pelos 30 anos da Carta de Lisboa e pela morte de Brizola. \u00c0 tarde, \u00e0s 14 horas, se re\u00fane na sede nacional do PDT, atr\u00e1s do anexo do Itamaraty, o Diret\u00f3rio Nacional do partido. A pauta prev\u00ea discuss\u00f5es sobre a reforma pol\u00edtica e, tamb\u00e9m, assuntos gerais. <\/DIV><br \/>\n<DIV>&nbsp;<\/DIV><br \/>\n<DIV>Ainda na 2\u00aa. Feira, \u00e0s 11 horas da manh\u00e3, o PDT do Rio de Janeiro celebra missa pelo 5\u00ba anivers\u00e1rio da morte de Brizola na Igreja de S\u00e3o Benedito dos Homens Pretos, na rua Uruguaiana, esquina com rua do Ros\u00e1rio, no Centro.<\/DIV><\/p>\n<!-- AddThis Advanced Settings generic via filter on the_content --><!-- AddThis Share Buttons generic via filter on the_content -->","protected":false},"excerpt":{"rendered":"<p>O 5\u00ba anivers\u00e1rio da morte de Brizola, neste domingo (21\/6), ser\u00e1 lembrado em diversos pontos do Brasil. Em S\u00e3o Borja, ber\u00e7o do Trabalhismo, terra de Get\u00falio Vargas e Jo\u00e3o Goulart, onde Brizola descansa no cemit\u00e9rio Jardim da Paz, a Juventude do PDT\/RS, presidida por Juliana Brizola, promove encontro dias 20 e 21 na C\u00e2mara Municipal&#8230;<!-- AddThis Advanced Settings generic via filter on wp_trim_excerpt --><!-- AddThis Share Buttons generic via filter on wp_trim_excerpt --><\/p>\n","protected":false},"author":17,"featured_media":0,"comment_status":"closed","ping_status":"open","sticky":false,"template":"","format":"standard","meta":{"_monsterinsights_skip_tracking":false,"_monsterinsights_sitenote_active":false,"_monsterinsights_sitenote_note":"","_monsterinsights_sitenote_category":0,"_uf_show_specific_survey":0,"_uf_disable_surveys":false,"footnotes":""},"categories":[976],"tags":[],"class_list":["post-19911","post","type-post","status-publish","format-standard","hentry","category-noticias-em-destaque"],"acf":[],"_links":{"self":[{"href":"https:\/\/pdt-rj.org.br\/index.php\/wp-json\/wp\/v2\/posts\/19911","targetHints":{"allow":["GET"]}}],"collection":[{"href":"https:\/\/pdt-rj.org.br\/index.php\/wp-json\/wp\/v2\/posts"}],"about":[{"href":"https:\/\/pdt-rj.org.br\/index.php\/wp-json\/wp\/v2\/types\/post"}],"author":[{"embeddable":true,"href":"https:\/\/pdt-rj.org.br\/index.php\/wp-json\/wp\/v2\/users\/17"}],"replies":[{"embeddable":true,"href":"https:\/\/pdt-rj.org.br\/index.php\/wp-json\/wp\/v2\/comments?post=19911"}],"version-history":[{"count":1,"href":"https:\/\/pdt-rj.org.br\/index.php\/wp-json\/wp\/v2\/posts\/19911\/revisions"}],"predecessor-version":[{"id":56660,"href":"https:\/\/pdt-rj.org.br\/index.php\/wp-json\/wp\/v2\/posts\/19911\/revisions\/56660"}],"wp:attachment":[{"href":"https:\/\/pdt-rj.org.br\/index.php\/wp-json\/wp\/v2\/media?parent=19911"}],"wp:term":[{"taxonomy":"category","embeddable":true,"href":"https:\/\/pdt-rj.org.br\/index.php\/wp-json\/wp\/v2\/categories?post=19911"},{"taxonomy":"post_tag","embeddable":true,"href":"https:\/\/pdt-rj.org.br\/index.php\/wp-json\/wp\/v2\/tags?post=19911"}],"curies":[{"name":"wp","href":"https:\/\/api.w.org\/{rel}","templated":true}]}}