{"id":19910,"date":"2009-06-21T00:00:00","date_gmt":"2009-06-21T00:00:00","guid":{"rendered":"http:\/\/www.malungo2.com.br\/pdt\/index.php\/familia-e-pdt-nacional-fazem-ato-em-sao-borja"},"modified":"2017-10-26T09:08:36","modified_gmt":"2017-10-26T11:08:36","slug":"familia-e-12-nacional-fazem-ato-em-sao-borja","status":"publish","type":"post","link":"https:\/\/pdt-rj.org.br\/index.php\/familia-e-12-nacional-fazem-ato-em-sao-borja\/","title":{"rendered":"Fam\u00edlia e PDT nacional fazem ato em S\u00e3o Borja"},"content":{"rendered":"<p><DIV><IMG height=150 src=\"\/images\/sborja.perto.jpg\" width=200 align=left border=0>Uma r\u00e1pida e singela cerim\u00f4nia no cemit\u00e9rio Jardim da Paz, em S\u00e3o Borja, marcou no in\u00edcio da tarde deste domingo (21\/6) o quinto anivers\u00e1rio da morte de Leonel Brizola com a presen\u00e7a dos principais dirigentes nacionais do PDT, integrantes da fam\u00edlia, parlamentares; e do prefeito de S\u00e3o Borja, vereadores e dirigentes locais do partido \u0096 al\u00e9m de dezenas de jovens que participaram do encontro da juventude do PDT-RS realizado no dia anterior, na C\u00e2mara Municipal.<\/DIV><br \/>\n<DIV>&nbsp;<\/DIV><br \/>\n<DIV>O ato foi aberto pelo presidente nacional em exerc\u00edcio, deputado Vieira da Cunha, que explicou aos presentes que devido a mudan\u00e7as no tempo, a comitiva que se deslocara de avi\u00e3o de Porto Alegre, teria que retornar logo em seguida \u00e0 capital devido a possibilidade da chuva n\u00e3o permitir o retorno a Porto Alegre e a necessidade de viajar, ainda no domingo, para Bras\u00edlia.<\/DIV><br \/>\n<DIV>&nbsp;<\/DIV><br \/>\n<DIV>Nesta segunda se realizam na capital duas grandes homenagens a Brizola: sess\u00e3o solene na C\u00e2mara Federal, a partir das 10 horas da manh\u00e3 e a partir das 14 horas, na sede nacional do PDT, reuni\u00e3o do Diret\u00f3rio Nacional para discutir a reforma pol\u00edtica e outros assuntos. <\/DIV><br \/>\n<DIV>&nbsp;<\/DIV><br \/>\n<DIV>Em S\u00e3o Borja, al\u00e9m dos jovens, estiveram no Jardim da Paz Jo\u00e3o Ot\u00e1vio Brizola, filho do fundador do PDT, o casal Danilo e Yone Groff, ele signat\u00e1rio da Carta Lisboa, como lembrou Vieira da Cunha, que dirigiu o ato. Tamb\u00e9m compareceram Christopher Goulart, neto de Jango, o deputado federal Pompeo de Mattos, o deputado estadual Gerson Burmann (PDT) e v\u00e1rias lideran\u00e7as do PDT ga\u00facho. Al\u00e9m dos netos Juliana, Carlos Daudt Brizola e Leonel Brizola Neto.<\/DIV><br \/>\n<DIV><IMG height=188 src=\"\/images\/sborja.bandeira.jpg\" width=250 align=right border=0><\/DIV><br \/>\n<DIV>O primeiro orador convocado por Vieira foi o presidente do PDT de S. Borja, Hugo Rubin Pereira, que entre outros pontos destacou que Brizola , al\u00e9m de homem integro, \u0093foi exemplo de defensor dos pobres que permanece at\u00e9 hoje vivo na mem\u00f3ria do povo brasileiro\u0094. O&nbsp; prefeito Mariovane Weis agradeceu a presen\u00e7a de tantos brasileiros ilustres na sua cidade que se tornou referencia para os trabalhistas de todo o pa\u00eds por terem nascido l\u00e1 Get\u00falio Vargas, Jo\u00e3o Goulart e Brizola ter escolhido S\u00e3o Borja n\u00e1o s\u00f3 pelo seu significado pol\u00edtico, mas tamb\u00e9m para ficar perto de sua Neusa. <\/DIV><br \/>\n<DIV>&nbsp;<\/DIV><br \/>\n<DIV>O deputado federal Brizola Neto, l\u00edder do PDT na C\u00e2mara Federal, foi elogiado por Vieira por sua iniciativa de defender, no Congresso, uma nova regulamenta\u00e7\u00e3o para o setor petr\u00f3leo para que a riqueza das megajazidas do pr\u00e9-sal fique no Brasil.&nbsp; Assunto tamb\u00e9m presente na fala de Juliana Brizola. Brizola Neto ressaltou que &nbsp;\u0093A grande aus\u00eancia que sentimos com a morte de Brizola \u00e9 que talvez tenha se calado a \u00faltima grande voz nacionalista deste pa\u00eds\u0094, assinalou, destacando a necessidade de dar continuidade as lutas nacionalistas de seu av\u00f4.<\/DIV><br \/>\n<DIV>&nbsp;<\/DIV><br \/>\n<DIV>Juliana saudou aos presentes e reportou o encontro que a Juventude do PDT-RS realizou no dia anterior para discutir os rumos do partido. Ela agradeceu a acolhida e principalmente aos jovens que vieram de todas as partes do Rio Grande do Sul para participar do evento. Ela considerou o encontro um sucesso tamb\u00e9m pelo fato da juventude ter fechado posi\u00e7\u00e3o em defesa das jazidas de petr\u00f3leo e de v\u00e1rios outros pontos discutidos ao longo da reuni\u00e3o. Ela elogiou, como Brizola Neto, a atua\u00e7\u00e3o de Lupi &nbsp;no Minist\u00e9rio do Trabalho em defesa dos direitos dos trabalhadores.Vieira da Cunha tamb\u00e9m elogiou a postura de Lupi \u00e0 frente do MTE.<\/DIV><br \/>\n<DIV>&nbsp;<\/DIV><br \/>\n<DIV><IMG height=188 src=\"\/images\/sborja.rosadepe.jpg\" width=250 align=left border=0>O deputado ga\u00facho Adroaldo Loureiro, l\u00edder do partido na assembl\u00e9ia legislativa, saudou a data e o motivo de todos estarem ali para homenagear Brizola. Elogiou tamb\u00e9m o encontro da juventude do PDT em S\u00e3o Borja pela import\u00e2ncia das discuss\u00f5es travadas. \u0093Voc\u00eas tem a responsabilidade de dar continuidade \u00e0 luta de Brizola por um Brasil melhor\u0094, assinalou. <\/DIV><br \/>\n<DIV>&nbsp;<\/DIV><br \/>\n<DIV>\u00daltimo orador, o ministro Carlos Lupi, presidente licenciado do PDT, destacou que todos estavam ali para fazer o que Brizola sempre fez em vida, homenagear aos grandes nomes do PDT porque o partido tem hist\u00f3ria e tem orgulho de seus lideres. Lupi observou que a rosa que colocou no tumulo de Brizola continuava ali, de p\u00e9, entre os retratos de Jango e Brizola, porque \u0093essa rosa vermelha que ele trouxe do ex\u00edlio e que simboliza os ideais de nosso partido estar\u00e1 sempre de p\u00e9\u0094. Lupi destacou tamb\u00e9m que Brizola onde estar\u00e1 \u0093iluminando o nosso caminho mas tamb\u00e9m nos fiscalizando para que seu legado pol\u00edtico, como essa rosa vermelha que depositei h\u00e1 pouco em sua homenagem, continue de p\u00e9\u0094.<\/DIV><br \/>\n<DIV>&nbsp;<\/DIV><br \/>\n<DIV>As homenagens a Leonel Brizola em S\u00e3o Borja inclu\u00edram uma sess\u00e3o solene da C\u00e2mara de Vereadores local com a presen\u00e7a de todos os vereadores do PDT, do prefeito Mariovane e tamb\u00e9m de v\u00e1rias autoridades locais e estaduais, iniciada \u00e0s 10 da manh\u00e3 e encerrada ao meio dia, ap\u00f3s palestra sobre os rumos do PDT proferida por Afonso Motta \u0096 seguido de deslocamento at\u00e9 o aeroporto para receber as autoridades, antes da cerim\u00f4nia no Jardim da Paz. (Osvaldo Maneschy)<\/DIV><br \/>\n<DIV>&nbsp;<\/DIV><\/p>\n<!-- AddThis Advanced Settings generic via filter on the_content --><!-- AddThis Share Buttons generic via filter on the_content -->","protected":false},"excerpt":{"rendered":"<p>Uma r\u00e1pida e singela cerim\u00f4nia no cemit\u00e9rio Jardim da Paz, em S\u00e3o Borja, marcou no in\u00edcio da tarde deste domingo (21\/6) o quinto anivers\u00e1rio da morte de Leonel Brizola com a presen\u00e7a dos principais dirigentes nacionais do PDT, integrantes da fam\u00edlia, parlamentares; e do prefeito de S\u00e3o Borja, vereadores e dirigentes locais do partido \u0096&#8230;<!-- AddThis Advanced Settings generic via filter on wp_trim_excerpt --><!-- AddThis Share Buttons generic via filter on wp_trim_excerpt --><\/p>\n","protected":false},"author":17,"featured_media":0,"comment_status":"closed","ping_status":"open","sticky":false,"template":"","format":"standard","meta":{"_monsterinsights_skip_tracking":false,"_monsterinsights_sitenote_active":false,"_monsterinsights_sitenote_note":"","_monsterinsights_sitenote_category":0,"_uf_show_specific_survey":0,"_uf_disable_surveys":false,"footnotes":""},"categories":[976],"tags":[],"class_list":["post-19910","post","type-post","status-publish","format-standard","hentry","category-noticias-em-destaque"],"acf":[],"_links":{"self":[{"href":"https:\/\/pdt-rj.org.br\/index.php\/wp-json\/wp\/v2\/posts\/19910","targetHints":{"allow":["GET"]}}],"collection":[{"href":"https:\/\/pdt-rj.org.br\/index.php\/wp-json\/wp\/v2\/posts"}],"about":[{"href":"https:\/\/pdt-rj.org.br\/index.php\/wp-json\/wp\/v2\/types\/post"}],"author":[{"embeddable":true,"href":"https:\/\/pdt-rj.org.br\/index.php\/wp-json\/wp\/v2\/users\/17"}],"replies":[{"embeddable":true,"href":"https:\/\/pdt-rj.org.br\/index.php\/wp-json\/wp\/v2\/comments?post=19910"}],"version-history":[{"count":1,"href":"https:\/\/pdt-rj.org.br\/index.php\/wp-json\/wp\/v2\/posts\/19910\/revisions"}],"predecessor-version":[{"id":56656,"href":"https:\/\/pdt-rj.org.br\/index.php\/wp-json\/wp\/v2\/posts\/19910\/revisions\/56656"}],"wp:attachment":[{"href":"https:\/\/pdt-rj.org.br\/index.php\/wp-json\/wp\/v2\/media?parent=19910"}],"wp:term":[{"taxonomy":"category","embeddable":true,"href":"https:\/\/pdt-rj.org.br\/index.php\/wp-json\/wp\/v2\/categories?post=19910"},{"taxonomy":"post_tag","embeddable":true,"href":"https:\/\/pdt-rj.org.br\/index.php\/wp-json\/wp\/v2\/tags?post=19910"}],"curies":[{"name":"wp","href":"https:\/\/api.w.org\/{rel}","templated":true}]}}