{"id":19908,"date":"2009-06-16T00:00:00","date_gmt":"2009-06-16T00:00:00","guid":{"rendered":"http:\/\/www.malungo2.com.br\/pdt\/index.php\/brasil-apoia-documento-da-oit-sobre-trabalho-decente"},"modified":"2017-10-26T09:08:37","modified_gmt":"2017-10-26T11:08:37","slug":"brasil-apoia-documento-da-oit-sobre-trabalho-decente","status":"publish","type":"post","link":"https:\/\/pdt-rj.org.br\/index.php\/brasil-apoia-documento-da-oit-sobre-trabalho-decente\/","title":{"rendered":"Brasil apoia documento da OIT sobre trabalho decente"},"content":{"rendered":"<p><P><STRONG><EM>Brasil assina documento da OIT em apoio ao Trabalho Decente&nbsp;&nbsp;<BR><\/EM><\/STRONG><BR><IMG height=150 src=\"\/images\/lupi_lula_somavia_OIT1.jpg\" width=200 align=left border=0>Ministro Lupi e presidente Lula reafirmam compromissos com agenda em prol dos trabalhadores. Diretor-geral da Organiza\u00e7\u00e3o Internacional do Trabalho elogia medidas do Governo brasileiro no combate \u00e0 crise financeira mundial<BR>Genebra, 15\/06\/2009 &#8211; O ministro do Trabalho e Emprego, Carlos Lupi, o presidente Lula e o diretor-geral da Organiza\u00e7\u00e3o Internacional do Trabalho, Juan Somavia, assinaram na manh\u00e3 desta segunda-feira, em Genebra, documento reafirmando o compromisso do Brasil em apoiar a agenda do Trabalho Decente apresentado pelo organismo internacional &#8211; bra\u00e7o trabalhista das Na\u00e7\u00f5es Unidas. (<STRONG>Foto de Max Monjardim<\/STRONG>)&nbsp;<BR><BR>Antes da assinatura do documento, Lupi e o presidente Lula, acompanhados de outros ministros brasileiros, participaram de reuni\u00e3o com lideran\u00e7as sindicalistas internacionais, que elogiaram a forma como o governo brasileiro vem agindo diante da crise internacional.<BR>&nbsp;<BR>O documento assinado pela manh\u00e3 destaca os avan\u00e7os do governo na perspectiva de complementar a agenda do Trabalho Decente defendida pela OIT. Um dos pontos principais do texto cita os recordes de gera\u00e7\u00e3o de empregos formais alcan\u00e7ados pelo Brasil nos \u00faltimos seis anos &#8211; que j\u00e1 atingiu a marca dos 10 milh\u00f5es. Outro ponto de destaque do documento faz refer\u00eancia ao grupo m\u00f3vel de combate ao trabalho escravo do Minist\u00e9rio do Trabalho e Emprego, que nos \u00faltimos anos resgatou mais de 33 mil trabalhadores em situa\u00e7\u00e3o an\u00e1loga \u00e0 de escravo.<BR>&nbsp;<BR>&#8220;Isso demonstra o compromisso do Brasil com dissemina\u00e7\u00e3o de uma agenda positiva no campo trabalhista. S\u00e3o tripartites todas as grandes decis\u00f5es tomadas hoje pelo Governo brasileiro e que mexem de alguma forma com o cotidiano dos trabalhadores brasileiros &#8211; seja interna ou externamente. Ou seja, nenhum dos lados deixa de ser ouvido antes da decis\u00e3o final&#8221;, afirmou Lupi.<\/P><br \/>\n<P>O diretor-geral da OIT, Juan Somavia, elogiou a atua\u00e7\u00e3o do governo brasileiro diante da crise internacional, afirmando que as r\u00e1pidas a\u00e7\u00f5es fizeram com que o Brasil fosse um dos \u00faltimos pa\u00edses a sentir os efeitos da crise e o primeiro a mostrar sinais de recupera\u00e7\u00e3o. Na opini\u00e3o do diretor-geral da OIT, os esfor\u00e7os do governo brasileiro em colocar a gera\u00e7\u00e3o de emprego e a qualifica\u00e7\u00e3o profissional no centro das pol\u00edticas econ\u00f4micas \u00e9 acertada, j\u00e1 que ampliam os investimentos p\u00fablicos e mant\u00e9m o mercado interno aquecido, gerando emprego e renda para o Brasil.<\/P><br \/>\n<P>Confer\u00eancia &#8211; A 98\u00aa Confer\u00eancia Internacional do Trabalho acontece no Pal\u00e1cio das Na\u00e7\u00f5es, sede da Organiza\u00e7\u00e3o das Na\u00e7\u00f5es Unidas, em Genebra. Promovido pela Organiza\u00e7\u00e3o Internacional do Trabalho (OIT), o evento tem como ponto alto a C\u00fapula do Trabalho, que re\u00fane ministros do Trabalho em agendas espec\u00edficas sobre o tema, com destaque para o combate \u00e0 crise econ\u00f4mica mundial.<BR><BR>O ministro brasileiro da pasta, Carlos Lupi, foi o principal orador da abertura da confer\u00eancia, e presidiu reuni\u00e3o de&nbsp; representantes de pa\u00edses da Am\u00e9rica Latina e Caribe, onde foram discutidas a\u00e7\u00f5es conjuntas de combate a crise e a melhora nas rela\u00e7\u00f5es trabalhistas da regi\u00e3o.<\/P><\/p>\n<!-- AddThis Advanced Settings generic via filter on the_content --><!-- AddThis Share Buttons generic via filter on the_content -->","protected":false},"excerpt":{"rendered":"<p>Brasil assina documento da OIT em apoio ao Trabalho Decente&nbsp;&nbsp;Ministro Lupi e presidente Lula reafirmam compromissos com agenda em prol dos trabalhadores. Diretor-geral da Organiza\u00e7\u00e3o Internacional do Trabalho elogia medidas do Governo brasileiro no combate \u00e0 crise financeira mundialGenebra, 15\/06\/2009 &#8211; O ministro do Trabalho e Emprego, Carlos Lupi, o presidente Lula e o diretor-geral&#8230;<!-- AddThis Advanced Settings generic via filter on wp_trim_excerpt --><!-- AddThis Share Buttons generic via filter on wp_trim_excerpt --><\/p>\n","protected":false},"author":17,"featured_media":0,"comment_status":"closed","ping_status":"open","sticky":false,"template":"","format":"standard","meta":{"_monsterinsights_skip_tracking":false,"_monsterinsights_sitenote_active":false,"_monsterinsights_sitenote_note":"","_monsterinsights_sitenote_category":0,"_uf_show_specific_survey":0,"_uf_disable_surveys":false,"footnotes":""},"categories":[976],"tags":[],"class_list":["post-19908","post","type-post","status-publish","format-standard","hentry","category-noticias-em-destaque"],"acf":[],"_links":{"self":[{"href":"https:\/\/pdt-rj.org.br\/index.php\/wp-json\/wp\/v2\/posts\/19908","targetHints":{"allow":["GET"]}}],"collection":[{"href":"https:\/\/pdt-rj.org.br\/index.php\/wp-json\/wp\/v2\/posts"}],"about":[{"href":"https:\/\/pdt-rj.org.br\/index.php\/wp-json\/wp\/v2\/types\/post"}],"author":[{"embeddable":true,"href":"https:\/\/pdt-rj.org.br\/index.php\/wp-json\/wp\/v2\/users\/17"}],"replies":[{"embeddable":true,"href":"https:\/\/pdt-rj.org.br\/index.php\/wp-json\/wp\/v2\/comments?post=19908"}],"version-history":[{"count":1,"href":"https:\/\/pdt-rj.org.br\/index.php\/wp-json\/wp\/v2\/posts\/19908\/revisions"}],"predecessor-version":[{"id":56665,"href":"https:\/\/pdt-rj.org.br\/index.php\/wp-json\/wp\/v2\/posts\/19908\/revisions\/56665"}],"wp:attachment":[{"href":"https:\/\/pdt-rj.org.br\/index.php\/wp-json\/wp\/v2\/media?parent=19908"}],"wp:term":[{"taxonomy":"category","embeddable":true,"href":"https:\/\/pdt-rj.org.br\/index.php\/wp-json\/wp\/v2\/categories?post=19908"},{"taxonomy":"post_tag","embeddable":true,"href":"https:\/\/pdt-rj.org.br\/index.php\/wp-json\/wp\/v2\/tags?post=19908"}],"curies":[{"name":"wp","href":"https:\/\/api.w.org\/{rel}","templated":true}]}}