{"id":19890,"date":"2009-05-21T00:00:00","date_gmt":"2009-05-21T00:00:00","guid":{"rendered":"http:\/\/www.malungo2.com.br\/pdt\/index.php\/passeata-no-rio-defende-petrobras-e-condena-cpi"},"modified":"2017-10-26T09:08:38","modified_gmt":"2017-10-26T11:08:38","slug":"passeata-no-rio-defende-petrobras-e-condena-cpi","status":"publish","type":"post","link":"https:\/\/pdt-rj.org.br\/index.php\/passeata-no-rio-defende-petrobras-e-condena-cpi\/","title":{"rendered":"Passeata no Rio defende Petrobras e condena CPI"},"content":{"rendered":"<div><img decoding=\"async\" height=170 src=\"\/images\/petrobras.passeata.rio.jpg\" width=220 align=left border=0>Uma passeata pelo Centro do Rio de Janeiro em defesa da Petrobras e contra a CPI dos partidos de direita para investigar a estatal reuniu nesta quinta (21\/5) em torno de 3 mil pessoas que sa\u00edram da Candel\u00e1ria em dire\u00e7\u00e3o \u00e0 Avenida Chile, onde fica a sede da estatal. Jo\u00e3o Antonio de Moraes, da Federa\u00e7\u00e3o dos Petroleiros (FUP), uma das entidades organizadoras da passeata, afirmou que a CPI\u0093\u00e9 fruto do lobby das multinacionais para ficarem com nosso petr\u00f3leo\u0094.<\/div>\n<div>&nbsp;<\/div>\n<div>Moraes defendeu a necessidade de um novo marco regulat\u00f3rio para a explora\u00e7\u00e3o de petr\u00f3leo do Brasil devido a legisla\u00e7\u00e3o entreguista criada na gest\u00e3o de Fernando Henrique Cardoso. \u0093A atual lei do petr\u00f3leo n\u00e3o garante o controle do povo sobre essa riqueza e as recentes descobertas do pr\u00e9-sal s\u00f3 refor\u00e7am essa necessidade\u0094, afirmou.<\/div>\n<div>&nbsp;<\/div>\n<div>Os manifestantes usavam um adesivo com a frase; \u0093Parar a Petrobr\u00e1s \u00e9 parar o Brasil!\u0094 e terminaram o ato p\u00fablico com um abra\u00e7o simb\u00f3lico ao pr\u00e9dio da Petrobr\u00e1s. Do alto de um caminh\u00e3o de som, ao longo do trajeto, sindicalistas gritaram o slogan: \u0093Sai seu tucano, sai ladr\u00e3o. Larga a Petrobr\u00e1s, que \u00e9 patrim\u00f4nio da Na\u00e7\u00e3o\u0094.<\/div>\n<div>&nbsp;<\/div>\n<div>O prefeito de Nova Igua\u00e7u, Lindberg Farias, um dos manifestantes, ex-deputado federal e ex-l\u00edder dos \u0093caras pintadas\u0094contra Collor, atacou o PSDB: \u0093Sabemos o que foram os oito anos de governo FHC. \u00c9 preciso que se diga que essa crise financeira \u00e9 fruto da pol\u00edtica neoliberal deles. E agora querem atingir a empresa s\u00edmbolo de orgulho do pa\u00eds. N\u00e3o vamos tolerar que ningu\u00e9m jogue lama na Petrobr\u00e1s, vamos ocupar as ruas do Brasil\u0094.<\/div>\n<!-- AddThis Advanced Settings generic via filter on the_content --><!-- AddThis Share Buttons generic via filter on the_content -->","protected":false},"excerpt":{"rendered":"<p>Uma passeata pelo Centro do Rio de Janeiro em defesa da Petrobras e contra a CPI dos partidos de direita para investigar a estatal reuniu nesta quinta (21\/5) em torno de 3 mil pessoas que sa\u00edram da Candel\u00e1ria em dire\u00e7\u00e3o \u00e0 Avenida Chile, onde fica a sede da estatal. Jo\u00e3o Antonio de Moraes, da Federa\u00e7\u00e3o&#8230;<!-- AddThis Advanced Settings generic via filter on wp_trim_excerpt --><!-- AddThis Share Buttons generic via filter on wp_trim_excerpt --><\/p>\n","protected":false},"author":17,"featured_media":0,"comment_status":"closed","ping_status":"open","sticky":false,"template":"","format":"standard","meta":{"_monsterinsights_skip_tracking":false,"_monsterinsights_sitenote_active":false,"_monsterinsights_sitenote_note":"","_monsterinsights_sitenote_category":0,"_uf_show_specific_survey":0,"_uf_disable_surveys":false,"footnotes":""},"categories":[976],"tags":[],"class_list":["post-19890","post","type-post","status-publish","format-standard","hentry","category-noticias-em-destaque"],"acf":[],"_links":{"self":[{"href":"https:\/\/pdt-rj.org.br\/index.php\/wp-json\/wp\/v2\/posts\/19890","targetHints":{"allow":["GET"]}}],"collection":[{"href":"https:\/\/pdt-rj.org.br\/index.php\/wp-json\/wp\/v2\/posts"}],"about":[{"href":"https:\/\/pdt-rj.org.br\/index.php\/wp-json\/wp\/v2\/types\/post"}],"author":[{"embeddable":true,"href":"https:\/\/pdt-rj.org.br\/index.php\/wp-json\/wp\/v2\/users\/17"}],"replies":[{"embeddable":true,"href":"https:\/\/pdt-rj.org.br\/index.php\/wp-json\/wp\/v2\/comments?post=19890"}],"version-history":[{"count":1,"href":"https:\/\/pdt-rj.org.br\/index.php\/wp-json\/wp\/v2\/posts\/19890\/revisions"}],"predecessor-version":[{"id":56675,"href":"https:\/\/pdt-rj.org.br\/index.php\/wp-json\/wp\/v2\/posts\/19890\/revisions\/56675"}],"wp:attachment":[{"href":"https:\/\/pdt-rj.org.br\/index.php\/wp-json\/wp\/v2\/media?parent=19890"}],"wp:term":[{"taxonomy":"category","embeddable":true,"href":"https:\/\/pdt-rj.org.br\/index.php\/wp-json\/wp\/v2\/categories?post=19890"},{"taxonomy":"post_tag","embeddable":true,"href":"https:\/\/pdt-rj.org.br\/index.php\/wp-json\/wp\/v2\/tags?post=19890"}],"curies":[{"name":"wp","href":"https:\/\/api.w.org\/{rel}","templated":true}]}}