{"id":19888,"date":"2009-05-18T00:00:00","date_gmt":"2009-05-18T00:00:00","guid":{"rendered":"http:\/\/www.malungo2.com.br\/pdt\/index.php\/pdt-discute-pre-sal-e-nova-lei-do-petroleo-hoje-na-camara"},"modified":"2017-10-26T09:08:38","modified_gmt":"2017-10-26T11:08:38","slug":"12-discute-pre-sal-e-nova-lei-do-petroleo-hoje-na-camara","status":"publish","type":"post","link":"https:\/\/pdt-rj.org.br\/index.php\/12-discute-pre-sal-e-nova-lei-do-petroleo-hoje-na-camara\/","title":{"rendered":"PDT discute Pr\u00e9-Sal e nova Lei do Petr\u00f3leo hoje na C\u00e2mara"},"content":{"rendered":"<p><strong>PDT promove debate na C\u00e2mara&nbsp; sobre Pr\u00e9-Sal e nova lei do Petr\u00f3leo<br \/>&nbsp;<br \/><\/strong><img decoding=\"async\" height=120 src=\"\/images\/petrobras_g2.jpg\" width=200 align=left border=0>A import\u00e2ncia das megajazidas do pr\u00e9-sal para o futuro do Brasil e a urgente necessidade de um novo marco regulat\u00f3rio de petr\u00f3leo para o pa\u00eds ser\u00e3o os dois temas centrais do semin\u00e1rio que o Partido Democr\u00e1tico Trabalhista (PDT), atrav\u00e9s da Funda\u00e7\u00e3o Leonel Brizola \u0096 Alberto Pasqualini e da Lideran\u00e7a do PDT na C\u00e2mara, realiza hoje,&nbsp; quarta-feira, 27 de maio, das 9h da manh\u00e3 \u00e0 13 horas, no audit\u00f3rio da TV C\u00e2mara em Bras\u00edlia, no Anexo I do pr\u00e9dio da C\u00e2mara dos Deputados.<br \/>&nbsp;<br \/>O debate&nbsp;faz parte do ciclo \u0093Vis\u00e3o Trabalhista\u0094 iniciado em abril pelo PDT e desta vez reunir\u00e1 como debatedores o presidente da Associa\u00e7\u00e3o dos Engenheiros da Petrobr\u00e1s (Aepet), Fernando Siqueira; o engenheiro, professor e ex-diretor da Petrobr\u00e1s Ildo Sauer, do Instituto de Eletrot\u00e9cnica e Energia da USP; o engenheiro Paulo Metri, ex-integrante da Ag\u00eancia Nacional de Petr\u00f3leo (ANP); o ge\u00f3logo exploracionista Jo\u00e3o Victor Campos, descobridor do Campo de Majnoon, no Iraque e de importantes jazidas na Bacia de Campos; o consultor&nbsp;Paulo Cesar Ribeiro Lima, da \u00e1rea de Minas e Energia da C\u00e2mara,&nbsp; e o deputado Brizola Neto, L\u00edder do PDT na C\u00e2mara, que falar\u00e1 sobre \u0093Petr\u00f3leo e Soberania Nacional\u0094.<br \/>&nbsp;<br \/>As palestras ser\u00e3o de 25 minutos e ao final delas est\u00e1 previsto um debate de aproximadamente uma hora antes do encerramento com as considera\u00e7\u00f5es finais de sete minutos de cada um dos palestrantes. O evento, com entrada livre, come\u00e7ar\u00e1 impreterivelmente \u00e0s 9 da manh\u00e3 do dia 27, encerrando-se \u00e0s 13 horas.&nbsp;<\/p>\n<p>PROGRAMA DO SEMIN\u00c1RIO<\/p>\n<div>&nbsp;<\/div>\n<div><b>\u0093O PR\u00c9-SAL \u00c9 NOSSO\u0094<\/b><\/div>\n<div>Audit\u00f3rio da TV C\u00e2mara, Anexo I da C\u00e2mara dos Deputados<\/div>\n<div>HOR\u00c1RIO: das 9:00 \u00e0s 13:00 horas<\/div>\n<div>&nbsp;<\/div>\n<div>Realizado pela Lideran\u00e7a do PDT na&nbsp;C\u00e2mara dos Deputados Federais e pela&nbsp;<\/div>\n<div>Funda\u00e7\u00e3o Leonel Brizola&nbsp;\u0096 Alberto Pasqualini.<\/div>\n<div>&nbsp;<\/div>\n<div>&nbsp;<\/div>\n<div>DEBATEDORES:<\/div>\n<div>&nbsp;<\/div>\n<div>09:00 &#8211; Deputado Federal Brizola Neto \u0096 L\u00edder do PDT na C\u00e2mara dos Deputados<\/div>\n<div><b>O Petr\u00f3leo e a Soberania Nacional<\/b><\/div>\n<div>&nbsp;<\/div>\n<div>09:25 &#8211; Ge\u00f3logo Jo\u00e3o Victor Campos &#8211; Ge\u00f3logo Exploracionista (especialidade voltada para a descobertas de campos de petr\u00f3leo)<\/div>\n<div><b>Decifrando o Pr\u00e9-Sal; \u00fanica forma\u00e7\u00e3o geol\u00f3gica no mundo<\/b><\/div>\n<div>&nbsp;<\/div>\n<div>09:50 &#8211; Engenheiro Fernando Siqueira &#8211; Presidente da Associa\u00e7\u00e3o dos Engenheiros da Petrobras-AEPET. <\/div>\n<div><b>O Pr\u00e9-Sal e a sua import\u00e2ncia para o desenvolvimento sustent\u00e1vel do Brasil <\/b><\/div>\n<div>&nbsp;<\/div>\n<div>10:15 &#8211; Doutor Ildo Luis Sauer \u0096 Professor Titular do Instituto de Eletrot\u00e9cnica e Energia da USP e &nbsp;&nbsp;Coordenador do Programa de P\u00f3s Gradua\u00e7\u00e3o em Energia da USP<\/div>\n<div><b>A Apropria\u00e7\u00e3o Social da Energia e o Pr\u00e9-Sal no Brasil<\/b><\/div>\n<div>&nbsp;<\/div>\n<div>10:40 &#8211; Engenheiro Paulo Metri \u0096 Membro da 1\u00aa Gest\u00e3o da Agencia Nacional de Petr\u00f3leo (ANP)<\/div>\n<div><b>Leil\u00f5es da ANP e Marco Regulat\u00f3rio<\/b><\/div>\n<div>&nbsp;<\/div>\n<div>11:05 \u0096 Consultor Legislativo Paulo Cesar Ribeiro Lima \u0096 C\u00e2mara dos Deputados<\/div>\n<div><b>Marco regulat\u00f3rio<\/b><\/div>\n<div>&nbsp;<\/div>\n<div>11:30 \u0096 DEBATE<\/div>\n<div>&nbsp;<\/div>\n<div>12:15 \u0096 Considera\u00e7\u00f5es finais dos debatedores<\/div>\n<div>&nbsp;<\/div>\n<!-- AddThis Advanced Settings generic via filter on the_content --><!-- AddThis Share Buttons generic via filter on the_content -->","protected":false},"excerpt":{"rendered":"<p>PDT promove debate na C\u00e2mara&nbsp; sobre Pr\u00e9-Sal e nova lei do Petr\u00f3leo&nbsp;A import\u00e2ncia das megajazidas do pr\u00e9-sal para o futuro do Brasil e a urgente necessidade de um novo marco regulat\u00f3rio de petr\u00f3leo para o pa\u00eds ser\u00e3o os dois temas centrais do semin\u00e1rio que o Partido Democr\u00e1tico Trabalhista (PDT), atrav\u00e9s da Funda\u00e7\u00e3o Leonel Brizola \u0096&#8230;<!-- AddThis Advanced Settings generic via filter on wp_trim_excerpt --><!-- AddThis Share Buttons generic via filter on wp_trim_excerpt --><\/p>\n","protected":false},"author":17,"featured_media":0,"comment_status":"closed","ping_status":"open","sticky":false,"template":"","format":"standard","meta":{"_monsterinsights_skip_tracking":false,"_monsterinsights_sitenote_active":false,"_monsterinsights_sitenote_note":"","_monsterinsights_sitenote_category":0,"_uf_show_specific_survey":0,"_uf_disable_surveys":false,"footnotes":""},"categories":[976],"tags":[],"class_list":["post-19888","post","type-post","status-publish","format-standard","hentry","category-noticias-em-destaque"],"acf":[],"_links":{"self":[{"href":"https:\/\/pdt-rj.org.br\/index.php\/wp-json\/wp\/v2\/posts\/19888","targetHints":{"allow":["GET"]}}],"collection":[{"href":"https:\/\/pdt-rj.org.br\/index.php\/wp-json\/wp\/v2\/posts"}],"about":[{"href":"https:\/\/pdt-rj.org.br\/index.php\/wp-json\/wp\/v2\/types\/post"}],"author":[{"embeddable":true,"href":"https:\/\/pdt-rj.org.br\/index.php\/wp-json\/wp\/v2\/users\/17"}],"replies":[{"embeddable":true,"href":"https:\/\/pdt-rj.org.br\/index.php\/wp-json\/wp\/v2\/comments?post=19888"}],"version-history":[{"count":1,"href":"https:\/\/pdt-rj.org.br\/index.php\/wp-json\/wp\/v2\/posts\/19888\/revisions"}],"predecessor-version":[{"id":56680,"href":"https:\/\/pdt-rj.org.br\/index.php\/wp-json\/wp\/v2\/posts\/19888\/revisions\/56680"}],"wp:attachment":[{"href":"https:\/\/pdt-rj.org.br\/index.php\/wp-json\/wp\/v2\/media?parent=19888"}],"wp:term":[{"taxonomy":"category","embeddable":true,"href":"https:\/\/pdt-rj.org.br\/index.php\/wp-json\/wp\/v2\/categories?post=19888"},{"taxonomy":"post_tag","embeddable":true,"href":"https:\/\/pdt-rj.org.br\/index.php\/wp-json\/wp\/v2\/tags?post=19888"}],"curies":[{"name":"wp","href":"https:\/\/api.w.org\/{rel}","templated":true}]}}