{"id":19884,"date":"2009-05-14T00:00:00","date_gmt":"2009-05-14T00:00:00","guid":{"rendered":"http:\/\/www.malungo2.com.br\/pdt\/index.php\/partidos-e-centrais-sindicais-fecham-prioridades-para-pauta"},"modified":"2017-10-26T09:08:39","modified_gmt":"2017-10-26T11:08:39","slug":"partidos-e-centrais-sindicais-fecham-prioridades-para-pauta","status":"publish","type":"post","link":"https:\/\/pdt-rj.org.br\/index.php\/partidos-e-centrais-sindicais-fecham-prioridades-para-pauta\/","title":{"rendered":"Partidos e centrais sindicais fecham prioridades para pauta"},"content":{"rendered":"<p>Bras\u00edlia, 14 de maio de 2009 &#8211; Representantes do PDT, PT, PSB, PCdoB e PV reuniram-se esta manh\u00e3 na C\u00e2mara com dirigentes das principais centrais sindicais do Pa\u00eds \u0096 For\u00e7a Sindical, CUT, Nova Central e UGT \u0096&nbsp;e definiram uma pauta priorit\u00e1ria de projetos a serem colocados em vota\u00e7\u00e3o na C\u00e2mara dos Deputados. Redu\u00e7\u00e3o da jornada de trabalho (PEC 231\/95 e PL ), PEC do trabalho escravo (PEC 438\/01), Conven\u00e7\u00e3o 151 da OIT (PDC 795\/08, que trata da negocia\u00e7\u00e3o coletiva no servi\u00e7o p\u00fablico), a extin\u00e7\u00e3o do fator previdenci\u00e1rio (PL 3299\/08) e pol\u00edtica de reajuste do sal\u00e1rio m\u00ednimo (PLP 1\/ far\u00e3o parte da lista que os deputados e dirigentes sindicais apresentar\u00e3o na pr\u00f3xima quinta-feira (21) ao presidente da C\u00e2mara, Michel Temer. <\/p>\n<p>No encontro, deputados e sindicalistas concordaram com a necessidade de ajustar pontos das propostas que tratam da pol\u00edtica de recomposi\u00e7\u00e3o do sal\u00e1rio m\u00ednimo e do fator previdenci\u00e1rio antes do encontro com Temer, marcado para as 11 horas na Presid\u00eancia. Ficou acertado que o grupo ir\u00e1 se reunir com os relatores das mat\u00e9rias entre ter\u00e7a e quarta-feira para consolidar uma posi\u00e7\u00e3o \u00fanica. <\/p>\n<p>Segundo o l\u00edder do PDT, deputado Brizola Neto (RJ), embora deputados desses partidos j\u00e1 atuem de forma articulada nas vota\u00e7\u00f5es do Congresso, essa reuni\u00e3o abre um f\u00f3rum importante para a constru\u00e7\u00e3o de consensos entre parlamentares e movimentos sociais comprometidos com as causas trabalhistas. \u0093Essas reuni\u00f5es agora ser\u00e3o peri\u00f3dicas a fim de consolidar a converg\u00eancia de nossas propostas\u0094, garantiu Brizola Neto. <\/p>\n<p>Consolida\u00e7\u00e3o das leis <\/p>\n<p>O l\u00edder do PT, deputado C\u00e2ndido Vaccarezza (SP), pediu que fosse inclu\u00eddo na lista o projeto de atualiza\u00e7\u00e3o da consolida\u00e7\u00e3o das leis trabalhistas (PL 1987\/07). O presidente da For\u00e7a Sindical, deputado Paulo Pereira da Silva (PDT-SP), sugeriu que Vaccarezza, que \u00e9 o autor dessa mat\u00e9ria, se reunisse com dirigentes sindicais para negociar o apoio das centrais ao texto elaborado no Grupo de Consolida\u00e7\u00e3o das Leis. <\/p>\n<p>A representante da CUT, Denise Mota Dau, alertou para a necessidade de o grupo ficar atento \u00e0 vota\u00e7\u00e3o dos projetos que regulamentam a terceiriza\u00e7\u00e3o e as cooperativas de trabalho, pois segundo ela, da forma como foram redigidos tornam prec\u00e1rias as rela\u00e7\u00f5es de trabalho. Por sugest\u00e3o do diretor-t\u00e9cnico do Diap, Ant\u00f4nio Queiroz, o grupo pedir\u00e1 ao presidente Lula que vete o dispositivo da MP 449 que criou o Conselho do Contribuinte. <\/p>\n<!-- AddThis Advanced Settings generic via filter on the_content --><!-- AddThis Share Buttons generic via filter on the_content -->","protected":false},"excerpt":{"rendered":"<p>Bras\u00edlia, 14 de maio de 2009 &#8211; Representantes do PDT, PT, PSB, PCdoB e PV reuniram-se esta manh\u00e3 na C\u00e2mara com dirigentes das principais centrais sindicais do Pa\u00eds \u0096 For\u00e7a Sindical, CUT, Nova Central e UGT \u0096&nbsp;e definiram uma pauta priorit\u00e1ria de projetos a serem colocados em vota\u00e7\u00e3o na C\u00e2mara dos Deputados. Redu\u00e7\u00e3o da jornada&#8230;<!-- AddThis Advanced Settings generic via filter on wp_trim_excerpt --><!-- AddThis Share Buttons generic via filter on wp_trim_excerpt --><\/p>\n","protected":false},"author":17,"featured_media":0,"comment_status":"closed","ping_status":"open","sticky":false,"template":"","format":"standard","meta":{"_monsterinsights_skip_tracking":false,"_monsterinsights_sitenote_active":false,"_monsterinsights_sitenote_note":"","_monsterinsights_sitenote_category":0,"_uf_show_specific_survey":0,"_uf_disable_surveys":false,"footnotes":""},"categories":[976],"tags":[],"class_list":["post-19884","post","type-post","status-publish","format-standard","hentry","category-noticias-em-destaque"],"acf":[],"_links":{"self":[{"href":"https:\/\/pdt-rj.org.br\/index.php\/wp-json\/wp\/v2\/posts\/19884","targetHints":{"allow":["GET"]}}],"collection":[{"href":"https:\/\/pdt-rj.org.br\/index.php\/wp-json\/wp\/v2\/posts"}],"about":[{"href":"https:\/\/pdt-rj.org.br\/index.php\/wp-json\/wp\/v2\/types\/post"}],"author":[{"embeddable":true,"href":"https:\/\/pdt-rj.org.br\/index.php\/wp-json\/wp\/v2\/users\/17"}],"replies":[{"embeddable":true,"href":"https:\/\/pdt-rj.org.br\/index.php\/wp-json\/wp\/v2\/comments?post=19884"}],"version-history":[{"count":1,"href":"https:\/\/pdt-rj.org.br\/index.php\/wp-json\/wp\/v2\/posts\/19884\/revisions"}],"predecessor-version":[{"id":56683,"href":"https:\/\/pdt-rj.org.br\/index.php\/wp-json\/wp\/v2\/posts\/19884\/revisions\/56683"}],"wp:attachment":[{"href":"https:\/\/pdt-rj.org.br\/index.php\/wp-json\/wp\/v2\/media?parent=19884"}],"wp:term":[{"taxonomy":"category","embeddable":true,"href":"https:\/\/pdt-rj.org.br\/index.php\/wp-json\/wp\/v2\/categories?post=19884"},{"taxonomy":"post_tag","embeddable":true,"href":"https:\/\/pdt-rj.org.br\/index.php\/wp-json\/wp\/v2\/tags?post=19884"}],"curies":[{"name":"wp","href":"https:\/\/api.w.org\/{rel}","templated":true}]}}