{"id":19881,"date":"2009-05-12T00:00:00","date_gmt":"2009-05-12T00:00:00","guid":{"rendered":"http:\/\/www.malungo2.com.br\/pdt\/index.php\/delegacao-do-pc-chines-visita-brasil-a-convite-do-pdt"},"modified":"2017-10-26T09:08:39","modified_gmt":"2017-10-26T11:08:39","slug":"delegacao-do-pc-chines-visita-brasil-a-convite-do-12","status":"publish","type":"post","link":"https:\/\/pdt-rj.org.br\/index.php\/delegacao-do-pc-chines-visita-brasil-a-convite-do-12\/","title":{"rendered":"Delega\u00e7\u00e3o do PC chin\u00eas visita Brasil a convite do PDT"},"content":{"rendered":"<p><font class=text><\/p>\n<p><img decoding=\"async\" height=126 src=\"\/images\/pcchina.jpg\" width=300 align=left border=0>A convite da dire\u00e7\u00e3o nacional do PDT, uma delega\u00e7\u00e3o da China chefiada pelo Secret\u00e1rio-Geral do PC para a Regi\u00e3o Aut\u00f4noma do Tibete, Zhang Qingli, esteve no Brasil esta semana percorrendo as cidades de Rio de Janeiro, Foz do Igua\u00e7u e Bras\u00edlia. Na \u00faltima ter\u00e7a Zhang e comitiva cumpriram agenda em Bras\u00edlia acompanhados pelo Presidente nacional em exerc\u00edcio do PDT, Deputado Vieira da Cunha (RS), e pelo Secret\u00e1rio-Geral do partido, Manoel Dias. <\/p>\n<p>A delega\u00e7\u00e3o chinesa se reuniu com o presidente da C\u00e2mara dos Deputados, Michel Temer, e tamb\u00e9m com o ministro do Trabalho e Emprego, al\u00e9m de presidente licenciado do PDT, Carlos Lupi. &nbsp;No encontro com Lupi, &nbsp;Zhang Qingli, tamb\u00e9m integrante do Comit\u00ea Central do Partido Comunista da Rep\u00fablica Popular da China, destacou o \u00f3timo entrosamento entre o PC chin\u00eas e o PDT, ao longo da hist\u00f3ria. \u0093No seu tempo, Leonel Brizola pavimentou o caminho do nosso interc\u00e2mbio e os senhores, como seus fi\u00e9is seguidores, hoje d\u00e3o prosseguimento \u00e0s excelentes rela\u00e7\u00f5es que mantemos\u0094, disse Zhang , dirigindo-se a Lupi, a Vieira da Cunha e a Manoel Dias.<\/p>\n<p><img decoding=\"async\" height=153 src=\"\/images\/zhang.lupi.bsb.jpg\" width=200 align=left border=0>&nbsp;A comitiva chegou ao Rio de Janeiro no s\u00e1bado; &nbsp;domingo seguiu para Foz do Igua\u00e7u e na segunda pela manh\u00e3 chegou a Bras\u00edlia, sendo saudada \u00e0 noite com um jantar pelo Secret\u00e1rio de Rela\u00e7\u00f5es Internacionais do PDT, Senador Cristovam Buarque (PDT-DF).&nbsp;Na ter\u00e7a a delega\u00e7\u00e3o participou, logo de manh\u00e3, da reuni\u00e3o na Comiss\u00e3o de Rela\u00e7\u00f5es Exteriores e de Defesa Nacional da C\u00e2mara, com os Deputados Vieira da Cunha, Aldo Rebelo (PCdoB-SP), Dami\u00e3o Feliciano (PDT-PB), Wiliam Woo (PSDB-SP) e Cl\u00e1udio Cajado (DEM-BA). <\/p>\n<p>\u00c0 tarde, os chineses se reuniram com o presidente da C\u00e2mara Michel Temer e visitaram a Lideran\u00e7a do PDT, sendo recebidos pelo L\u00edder do PDT na C\u00e2mara, Deputado Brizola Neto (RJ), acompanhado dos &nbsp;deputados Arnaldo Viana (RJ) e Dagoberto (MS). &nbsp;A agenda da ter\u00e7a se encerrou com o encontro, no Minist\u00e9rio do Trabalho, com o ministro Lupi \u0096 reuni\u00e3o que teve tamb\u00e9m a presen\u00e7a de Marcelo Panela, tesoureiro nacional do PDT.<img decoding=\"async\" height=140 src=\"\/images\/zhang.edialeda.jpg\" width=250 align=right border=0><\/p>\n<p>Al\u00e9m de Qingli, integravam a delega\u00e7\u00e3o chinesa Ge Sang Ci Ren, vice-diretor do comit\u00ea do Congresso do Povo da Regi\u00e3o Aut\u00f4noma do Tibete e &nbsp;diretor da Comiss\u00e3o de Trabalho da Assembl\u00e9ia do Povo da cidade tibetana de Xigaze; &nbsp;Shu Qiming, diretor do gabinete de Estudo do Comit\u00ea Regional do PCC do Tibete; &nbsp;&nbsp;Wang Yulin, diretor-geral para Am\u00e9rica Latina e Caribe do Departamento de Rela\u00e7\u00f5es Exteriores do Comit\u00ea Central do PCC; e Chen Xiao Ling, diretora de divis\u00e3o do mesmo departamento.<\/p>\n<p><strong><img decoding=\"async\" height=172 src=\"\/images\/zhang.maneschy.jpg\" width=250 align=left border=0>Rio e Foz do Igua\u00e7u<\/strong> &#8211; Via Franckfurt, na Alemanha, a delega\u00e7\u00e3o chinesa chegou ao Brasil no s\u00e1bado (9\/5) por volta do meio dia, no Aeroporto Santos Dumont, depois de perder uma conex\u00e3o em S\u00e3o Paulo devido ao atraso na sa\u00edda da Alemanha \u0096 fato que prejudicou em parte a programa\u00e7\u00e3o. A chegada estava prevista para as 7h30m da manh\u00e3 de s\u00e1bado no Aeroporto Tom Jobim, mas foi transferida para o Santos Dumont, por volta do meio dia.<\/p>\n<p>&nbsp;A programa\u00e7\u00e3o original inclu\u00eda, al\u00e9m da visita ao Corcovado e ao P\u00e3o de A\u00e7\u00facar, e almo\u00e7o na resid\u00eancia do C\u00f4nsul da China no Rio de Janeiro, Li Baojun, no Leblon; &nbsp;uma visita a Niter\u00f3i no &nbsp;Caminho Niemeyer, ao Museu de Arte Contempor\u00e2nea (MAC) e ao Parque da Cidade; fechando com um show na Plataforma, a noite.<\/p>\n<p>Devido ao atraso, a ida a Niter\u00f3i foi cancelada. &nbsp;Manoel Dias recebeu a delega\u00e7\u00e3o no Santos Dumont, juntamente com Fernando Barbosa e os visitantes, ap\u00f3s almo\u00e7arem, foram para o hotel de onde sa\u00edram logo em seguida para o passeio no Rio. Manoel os acompanhou ao Corcovado e ao P\u00e3o de A\u00e7\u00facar, juntamente com a secret\u00e1ria nacional do Movimento Negro do PDT, Edialeda Salgado do Nascimento, e Osvaldo Maneschy, da executiva nacional da Funda\u00e7\u00e3o Leonel Brizola \u0096 Alberto Pasqualini. <\/p>\n<p>A delega\u00e7\u00e3o seguiu para Foz do Igua\u00e7u no domingo de manh\u00e3&nbsp;e ao chegar em Foz foi recebida por Jean Carlos Gomes, da Secretaria Municipal de Turismo, e pela consulesa da China em S\u00e3o Paulo, Gu Yunfen. A comitiva se hospedou no&nbsp;&nbsp;Bourbon e de l\u00e1 seguiu para um restaurante chin\u00eas local, seguindo depois do almo\u00e7o para o Parque Nacional das Cataratas do Igua\u00e7u. <img decoding=\"async\" height=225 src=\"\/images\/zhang.catarata.chineses.jpg\" width=300 align=right border=0><\/p>\n<p>Descontra\u00eddos e impactados com a beleza natural, embora a estiagem tenha reduzido a um ter\u00e7o o volume de \u00e1gua das cataratas, os chineses se misturaram aos turistas \u0096 procedentes de todos os lugares do mundo \u0096 tirando muitas fotos.&nbsp;&nbsp;Eles n\u00e3o foram a Hidroel\u00e9trica de Itaipu, devido ao tempo ex\u00edguo, mas visitaram rapidamente o marco das tr\u00eas fronteiras \u0096 Brasil, Argentina e Paraguai \u0096 na conflu\u00eancia do rio Igua\u00e7u com o Paran\u00e1; seguindo para o hotel, parando em uma loja de souvenirs no caminho. <\/p>\n<p>\u00c1 noite a delega\u00e7\u00e3o se deslocou para a Churrascaria B\u00fafalo Branco, onde foi &nbsp;recepcionada pelo secret\u00e1rio de Rela\u00e7\u00f5es Internacionais de Foz do Igua\u00e7u, Sergio Lobato, em nome do prefeito &nbsp;Paulo Mac Donald Ghisi, do PDT; que &nbsp;n\u00e3o pode comparecer devido a problemas m\u00e9dicos de sua mulher.O Secret\u00e1rio de Planejamento Urbano de Foz do Igua\u00e7u, W\u00e1dis Benvenuti, tamb\u00e9m compareceu ao jantar. &nbsp;<\/p>\n<p>A comitiva chinesa deixou Foz do Igua\u00e7u na segunda-feira no v\u00f4o das 6 horas da manh\u00e3, seguindo para Bras\u00edlia, com escala em Curitiba. Os chineses desembarcaram na capital por volta das 10h30m da manh\u00e3. <\/p>\n<p><\/font><em>Fotos: Renato Fernandes Alves e Osvaldo Maneschy<\/em><\/p>\n<!-- AddThis Advanced Settings generic via filter on the_content --><!-- AddThis Share Buttons generic via filter on the_content -->","protected":false},"excerpt":{"rendered":"<p>A convite da dire\u00e7\u00e3o nacional do PDT, uma delega\u00e7\u00e3o da China chefiada pelo Secret\u00e1rio-Geral do PC para a Regi\u00e3o Aut\u00f4noma do Tibete, Zhang Qingli, esteve no Brasil esta semana percorrendo as cidades de Rio de Janeiro, Foz do Igua\u00e7u e Bras\u00edlia. Na \u00faltima ter\u00e7a Zhang e comitiva cumpriram agenda em Bras\u00edlia acompanhados pelo Presidente nacional&#8230;<!-- AddThis Advanced Settings generic via filter on wp_trim_excerpt --><!-- AddThis Share Buttons generic via filter on wp_trim_excerpt --><\/p>\n","protected":false},"author":17,"featured_media":0,"comment_status":"closed","ping_status":"open","sticky":false,"template":"","format":"standard","meta":{"_monsterinsights_skip_tracking":false,"_monsterinsights_sitenote_active":false,"_monsterinsights_sitenote_note":"","_monsterinsights_sitenote_category":0,"_uf_show_specific_survey":0,"_uf_disable_surveys":false,"footnotes":""},"categories":[976],"tags":[],"class_list":["post-19881","post","type-post","status-publish","format-standard","hentry","category-noticias-em-destaque"],"acf":[],"_links":{"self":[{"href":"https:\/\/pdt-rj.org.br\/index.php\/wp-json\/wp\/v2\/posts\/19881","targetHints":{"allow":["GET"]}}],"collection":[{"href":"https:\/\/pdt-rj.org.br\/index.php\/wp-json\/wp\/v2\/posts"}],"about":[{"href":"https:\/\/pdt-rj.org.br\/index.php\/wp-json\/wp\/v2\/types\/post"}],"author":[{"embeddable":true,"href":"https:\/\/pdt-rj.org.br\/index.php\/wp-json\/wp\/v2\/users\/17"}],"replies":[{"embeddable":true,"href":"https:\/\/pdt-rj.org.br\/index.php\/wp-json\/wp\/v2\/comments?post=19881"}],"version-history":[{"count":1,"href":"https:\/\/pdt-rj.org.br\/index.php\/wp-json\/wp\/v2\/posts\/19881\/revisions"}],"predecessor-version":[{"id":56684,"href":"https:\/\/pdt-rj.org.br\/index.php\/wp-json\/wp\/v2\/posts\/19881\/revisions\/56684"}],"wp:attachment":[{"href":"https:\/\/pdt-rj.org.br\/index.php\/wp-json\/wp\/v2\/media?parent=19881"}],"wp:term":[{"taxonomy":"category","embeddable":true,"href":"https:\/\/pdt-rj.org.br\/index.php\/wp-json\/wp\/v2\/categories?post=19881"},{"taxonomy":"post_tag","embeddable":true,"href":"https:\/\/pdt-rj.org.br\/index.php\/wp-json\/wp\/v2\/tags?post=19881"}],"curies":[{"name":"wp","href":"https:\/\/api.w.org\/{rel}","templated":true}]}}