{"id":19880,"date":"2009-05-08T00:00:00","date_gmt":"2009-05-08T03:00:00","guid":{"rendered":"http:\/\/www.malungo2.com.br\/pdt\/index.php\/tv-ulb-mostra-manifestacao-contra-gilmar-mendes-em-brasilia"},"modified":"2017-01-26T16:28:46","modified_gmt":"2017-01-26T18:28:46","slug":"tv-ulb-mostra-manifestacao-contra-gilmar-mendes-em-brasilia","status":"publish","type":"post","link":"https:\/\/pdt-rj.org.br\/index.php\/tv-ulb-mostra-manifestacao-contra-gilmar-mendes-em-brasilia\/","title":{"rendered":"TV ULB mostra manifesta\u00e7\u00e3o contra Gilmar Mendes em Bras\u00edlia"},"content":{"rendered":"<table cellSpacing=0 cellPadding=0 width=\"100%\" border=0>\n<tbody>\n<tr>\n<td class=subtitulo_azul>\n<p>TV ULB no ar: manifesta\u00e7\u00e3o pede sa\u00edda de Gilmar Mendes do STF<\/p>\n<\/td>\n<\/tr>\n<tr>\n<p>&nbsp;<\/p>\n<tr>\n<td class=subtitulo_azul height=20>\n<p>&nbsp;<\/p>\n<\/td>\n<\/tr>\n<tr>\n<td vAlign=top align=justify colSpan=2>\n<table cellSpacing=0 cellPadding=0 align=right border=0>\n<tbody>\n<tr>\n<td>\n<table cellSpacing=0 cellPadding=0 width=320 align=right border=0>\n<tbody>\n<tr>\n<td width=20>\n<p>&nbsp;<\/p>\n<\/td>\n<td class=font_creditos align=right>\n<p>&nbsp;<\/p>\n<\/td>\n<\/tr>\n<tr>\n<td>\n<p>&nbsp;<\/p>\n<\/td>\n<td>\n<p>&nbsp;<\/p>\n<\/td>\n<\/tr>\n<tr>\n<td height=5>\n<p>&nbsp;<\/p>\n<\/td>\n<\/tr>\n<tr>\n<td>\n<p>&nbsp;<\/p>\n<\/td>\n<td class=font_legenda align=left>\n<p align=left>&nbsp;<\/p>\n<\/td>\n<\/tr>\n<\/tr>\n<tr>\n<td height=10>\n<p>&nbsp;<\/p>\n<\/td>\n<\/tr>\n<tr>\n<p>&nbsp;<\/p>\n<\/tr>\n<\/tbody>\n<\/table>\n<\/td>\n<\/tr>\n<\/tbody>\n<\/table>\n<p>A TV ULB exibe no pr\u00f3ximo s\u00e1bado, dia 9 de maio, \u00e0s 15h (hor\u00e1rio de MS) a \u00faltima aula do curso Hist\u00f3ria do Trabalhismo e as aulas de \u00c9tica e Pol\u00edtica e Forma\u00e7\u00e3o de N\u00facleos de Base.<\/p>\n<p>No jornalismo do Canal ULB, voc\u00ea vai conhecer Wilson Picler, o novo deputado federal do PDT, que assume a vaga deixada pela elei\u00e7\u00e3o de Barbosa Neto para prefeito de Londrina, no Paran\u00e1. Voc\u00ea vai ficar por dentro tamb\u00e9m da manifesta\u00e7\u00e3o que Juventude Socialista do PDT participou na \u00faltima quarta-feira, em frente do Supremo Tribunal Federal, pela sa\u00edda de Gilmar Mendes da presid\u00eancia do STF. O deputado Miro Teixeira ainda comenta a a\u00e7\u00e3o ajuizada pelo PDT que garantiu a revoga\u00e7\u00e3o da Lei de Imprensa.<\/p>\n<p>E no final do programa, a primeira parte de um document\u00e1rio que conta a hist\u00f3ria de 17 ex-militares, perseguidos pelo golpe de 64, que subiram as encostas do&nbsp; Pico da Bandeira, em Capara\u00f3, Minas Gerais. Eles perseguiam o sonho ing\u00eanuo e corajoso de organizar uma resist\u00eancia armada ao regime ditatorial nos anos 60.<\/p>\n<p>Bom programa para voc\u00ea.<\/p>\n<\/td>\n<\/tr>\n<\/tbody>\n<\/table>\n<!-- AddThis Advanced Settings generic via filter on the_content --><!-- AddThis Share Buttons generic via filter on the_content -->","protected":false},"excerpt":{"rendered":"<p>TV ULB no ar: manifesta\u00e7\u00e3o pede sa\u00edda de Gilmar Mendes do STF &nbsp; &nbsp; &nbsp; &nbsp; &nbsp; &nbsp; &nbsp; &nbsp; &nbsp; &nbsp; &nbsp; A TV ULB exibe no pr\u00f3ximo s\u00e1bado, dia 9 de maio, \u00e0s 15h (hor\u00e1rio de MS) a \u00faltima aula do curso Hist\u00f3ria do Trabalhismo e as aulas de \u00c9tica e Pol\u00edtica e&#8230;<!-- AddThis Advanced Settings generic via filter on wp_trim_excerpt --><!-- AddThis Share Buttons generic via filter on wp_trim_excerpt --><\/p>\n","protected":false},"author":17,"featured_media":0,"comment_status":"closed","ping_status":"closed","sticky":false,"template":"","format":"standard","meta":{"_monsterinsights_skip_tracking":false,"_monsterinsights_sitenote_active":false,"_monsterinsights_sitenote_note":"","_monsterinsights_sitenote_category":0,"_uf_show_specific_survey":0,"_uf_disable_surveys":false,"footnotes":""},"categories":[1401],"tags":[],"class_list":["post-19880","post","type-post","status-publish","format-standard","hentry","category-nacional"],"acf":[],"_links":{"self":[{"href":"https:\/\/pdt-rj.org.br\/index.php\/wp-json\/wp\/v2\/posts\/19880","targetHints":{"allow":["GET"]}}],"collection":[{"href":"https:\/\/pdt-rj.org.br\/index.php\/wp-json\/wp\/v2\/posts"}],"about":[{"href":"https:\/\/pdt-rj.org.br\/index.php\/wp-json\/wp\/v2\/types\/post"}],"author":[{"embeddable":true,"href":"https:\/\/pdt-rj.org.br\/index.php\/wp-json\/wp\/v2\/users\/17"}],"replies":[{"embeddable":true,"href":"https:\/\/pdt-rj.org.br\/index.php\/wp-json\/wp\/v2\/comments?post=19880"}],"version-history":[{"count":1,"href":"https:\/\/pdt-rj.org.br\/index.php\/wp-json\/wp\/v2\/posts\/19880\/revisions"}],"predecessor-version":[{"id":52558,"href":"https:\/\/pdt-rj.org.br\/index.php\/wp-json\/wp\/v2\/posts\/19880\/revisions\/52558"}],"wp:attachment":[{"href":"https:\/\/pdt-rj.org.br\/index.php\/wp-json\/wp\/v2\/media?parent=19880"}],"wp:term":[{"taxonomy":"category","embeddable":true,"href":"https:\/\/pdt-rj.org.br\/index.php\/wp-json\/wp\/v2\/categories?post=19880"},{"taxonomy":"post_tag","embeddable":true,"href":"https:\/\/pdt-rj.org.br\/index.php\/wp-json\/wp\/v2\/tags?post=19880"}],"curies":[{"name":"wp","href":"https:\/\/api.w.org\/{rel}","templated":true}]}}