{"id":19878,"date":"2009-05-08T00:00:00","date_gmt":"2009-05-08T03:00:00","guid":{"rendered":"http:\/\/www.malungo2.com.br\/pdt\/index.php\/tv-ulb-exibe-curso-de-historia-do-trabalhismo-dia-905"},"modified":"2017-01-26T16:28:00","modified_gmt":"2017-01-26T18:28:00","slug":"tv-ulb-exibe-curso-de-historia-do-trabalhismo-dia-905","status":"publish","type":"post","link":"https:\/\/pdt-rj.org.br\/index.php\/tv-ulb-exibe-curso-de-historia-do-trabalhismo-dia-905\/","title":{"rendered":"TV ULB exibe curso de Hist\u00f3ria do Trabalhismo dia 9\/05"},"content":{"rendered":"<p>A TV ULB exibe no pr\u00f3ximo s\u00e1bado, dia 9 de maio, a \u00faltima aula do curso de Hist\u00f3ria do Trabalhismo e as aulas de \u00c9tica e Pol\u00edtica e forma\u00e7\u00e3o de N\u00facleos de Base.<\/p>\n<p>No jornalismo do Canal&nbsp; ULB, voc\u00ea vai conhecer Wilson Picler, o novo deputado do PDT, que assume a vaga deixada por Barbosa Neto prefeito eleito de Londrina, no Paran\u00e1.&nbsp;Voc\u00ea vai ficar por dentro tamb\u00e9m da manifesta\u00e7\u00e3o que a&nbsp;Juventude Socialista do PDT participou na \u00faltima quarta-feira, em frente ao Supremo Tribunal Federal, pela sa\u00edda de Gilmar Mendes da Presid\u00eancia do STF.&nbsp;<\/p>\n<p>O deputado Miro Teixeira ainda comenta a a\u00e7\u00e3o ajuizada pelo PDT que&nbsp;garantiu a revoga\u00e7\u00e3o da Lei de Imprensa.<br \/>E no final do programa, a primeira parte de um document\u00e1rio que conta a hist\u00f3ria de 17&nbsp;ex-militares. perseguidos pelo&nbsp;golep de 64, que subiram as enconstas do Pico da Bandeira, em Capara\u00f3, Minas Gerais. eles perseguiam o sonho ing\u00eanuo e corajoso de organizar uma resist\u00eancia armada ao regime ditatorial nos anos 60.<\/p>\n<p>&nbsp;<\/p>\n<!-- AddThis Advanced Settings generic via filter on the_content --><!-- AddThis Share Buttons generic via filter on the_content -->","protected":false},"excerpt":{"rendered":"<p>A TV ULB exibe no pr\u00f3ximo s\u00e1bado, dia 9 de maio, a \u00faltima aula do curso de Hist\u00f3ria do Trabalhismo e as aulas de \u00c9tica e Pol\u00edtica e forma\u00e7\u00e3o de N\u00facleos de Base. No jornalismo do Canal&nbsp; ULB, voc\u00ea vai conhecer Wilson Picler, o novo deputado do PDT, que assume a vaga deixada por Barbosa&#8230;<!-- AddThis Advanced Settings generic via filter on wp_trim_excerpt --><!-- AddThis Share Buttons generic via filter on wp_trim_excerpt --><\/p>\n","protected":false},"author":17,"featured_media":0,"comment_status":"closed","ping_status":"closed","sticky":false,"template":"","format":"standard","meta":{"_monsterinsights_skip_tracking":false,"_monsterinsights_sitenote_active":false,"_monsterinsights_sitenote_note":"","_monsterinsights_sitenote_category":0,"_uf_show_specific_survey":0,"_uf_disable_surveys":false,"footnotes":""},"categories":[1401],"tags":[],"class_list":["post-19878","post","type-post","status-publish","format-standard","hentry","category-nacional"],"acf":[],"_links":{"self":[{"href":"https:\/\/pdt-rj.org.br\/index.php\/wp-json\/wp\/v2\/posts\/19878","targetHints":{"allow":["GET"]}}],"collection":[{"href":"https:\/\/pdt-rj.org.br\/index.php\/wp-json\/wp\/v2\/posts"}],"about":[{"href":"https:\/\/pdt-rj.org.br\/index.php\/wp-json\/wp\/v2\/types\/post"}],"author":[{"embeddable":true,"href":"https:\/\/pdt-rj.org.br\/index.php\/wp-json\/wp\/v2\/users\/17"}],"replies":[{"embeddable":true,"href":"https:\/\/pdt-rj.org.br\/index.php\/wp-json\/wp\/v2\/comments?post=19878"}],"version-history":[{"count":1,"href":"https:\/\/pdt-rj.org.br\/index.php\/wp-json\/wp\/v2\/posts\/19878\/revisions"}],"predecessor-version":[{"id":52556,"href":"https:\/\/pdt-rj.org.br\/index.php\/wp-json\/wp\/v2\/posts\/19878\/revisions\/52556"}],"wp:attachment":[{"href":"https:\/\/pdt-rj.org.br\/index.php\/wp-json\/wp\/v2\/media?parent=19878"}],"wp:term":[{"taxonomy":"category","embeddable":true,"href":"https:\/\/pdt-rj.org.br\/index.php\/wp-json\/wp\/v2\/categories?post=19878"},{"taxonomy":"post_tag","embeddable":true,"href":"https:\/\/pdt-rj.org.br\/index.php\/wp-json\/wp\/v2\/tags?post=19878"}],"curies":[{"name":"wp","href":"https:\/\/api.w.org\/{rel}","templated":true}]}}