{"id":19871,"date":"2009-05-07T00:00:00","date_gmt":"2009-05-07T00:00:00","guid":{"rendered":"http:\/\/www.malungo2.com.br\/pdt\/index.php\/lider-classifica-como-crime-derrubada-do-memorial"},"modified":"2017-10-26T09:08:39","modified_gmt":"2017-10-26T11:08:39","slug":"lider-classifica-como-crime-derrubada-do-memorial","status":"publish","type":"post","link":"https:\/\/pdt-rj.org.br\/index.php\/lider-classifica-como-crime-derrubada-do-memorial\/","title":{"rendered":"L\u00edder classifica como &quot;crime&quot; derrubada do Memorial"},"content":{"rendered":"<p><em>No plen\u00e1rio, Brizola Neto informou:<br \/><\/em><br \/>Sr. Presidente, para uma r\u00e1pida comunica\u00e7\u00e3o. Estive falando com o Dr. Oscar Niemeyer, g\u00eanio da arquitetura, orgulho brasileiro e de todo o mundo. O Dr. Oscar Niemeyer manifestou-me a sua indigna\u00e7\u00e3o com a atitude pequena e mesquinha do Governador do Rio de Janeiro S\u00e9rgio Cabral, que destruiu obra iniciada com recursos p\u00fablicos e uma obra assinada pelo Dr. Oscar Niemeyer, que seria o Memorial Leonel Brizola, um verdadeiro crime contra o patrim\u00f4nio hist\u00f3rico e cultural da cidade do Rio de Janeiro, al\u00e9m de ser um verdadeiro crime contra o patrim\u00f4nio pol\u00edtico do Governador que deixou o maior legado para o Estado do Rio de Janeiro, sem falar nos mais de 2 milh\u00f5es de reais de recursos p\u00fablicos consumidos com o in\u00edcio da obra e da afronta que \u00e9 se colocar no ch\u00e3o uma obra que \u00e9 um verdadeiro patrim\u00f4nio cultural, uma obra assinada pelo g\u00eanio da arquitetura, o Dr. Oscar Niemeyer.<\/p>\n<!-- AddThis Advanced Settings generic via filter on the_content --><!-- AddThis Share Buttons generic via filter on the_content -->","protected":false},"excerpt":{"rendered":"<p>No plen\u00e1rio, Brizola Neto informou:Sr. Presidente, para uma r\u00e1pida comunica\u00e7\u00e3o. Estive falando com o Dr. Oscar Niemeyer, g\u00eanio da arquitetura, orgulho brasileiro e de todo o mundo. O Dr. Oscar Niemeyer manifestou-me a sua indigna\u00e7\u00e3o com a atitude pequena e mesquinha do Governador do Rio de Janeiro S\u00e9rgio Cabral, que destruiu obra iniciada com recursos&#8230;<!-- AddThis Advanced Settings generic via filter on wp_trim_excerpt --><!-- AddThis Share Buttons generic via filter on wp_trim_excerpt --><\/p>\n","protected":false},"author":17,"featured_media":0,"comment_status":"closed","ping_status":"open","sticky":false,"template":"","format":"standard","meta":{"_monsterinsights_skip_tracking":false,"_monsterinsights_sitenote_active":false,"_monsterinsights_sitenote_note":"","_monsterinsights_sitenote_category":0,"_uf_show_specific_survey":0,"_uf_disable_surveys":false,"footnotes":""},"categories":[976],"tags":[],"class_list":["post-19871","post","type-post","status-publish","format-standard","hentry","category-noticias-em-destaque"],"acf":[],"_links":{"self":[{"href":"https:\/\/pdt-rj.org.br\/index.php\/wp-json\/wp\/v2\/posts\/19871","targetHints":{"allow":["GET"]}}],"collection":[{"href":"https:\/\/pdt-rj.org.br\/index.php\/wp-json\/wp\/v2\/posts"}],"about":[{"href":"https:\/\/pdt-rj.org.br\/index.php\/wp-json\/wp\/v2\/types\/post"}],"author":[{"embeddable":true,"href":"https:\/\/pdt-rj.org.br\/index.php\/wp-json\/wp\/v2\/users\/17"}],"replies":[{"embeddable":true,"href":"https:\/\/pdt-rj.org.br\/index.php\/wp-json\/wp\/v2\/comments?post=19871"}],"version-history":[{"count":1,"href":"https:\/\/pdt-rj.org.br\/index.php\/wp-json\/wp\/v2\/posts\/19871\/revisions"}],"predecessor-version":[{"id":56686,"href":"https:\/\/pdt-rj.org.br\/index.php\/wp-json\/wp\/v2\/posts\/19871\/revisions\/56686"}],"wp:attachment":[{"href":"https:\/\/pdt-rj.org.br\/index.php\/wp-json\/wp\/v2\/media?parent=19871"}],"wp:term":[{"taxonomy":"category","embeddable":true,"href":"https:\/\/pdt-rj.org.br\/index.php\/wp-json\/wp\/v2\/categories?post=19871"},{"taxonomy":"post_tag","embeddable":true,"href":"https:\/\/pdt-rj.org.br\/index.php\/wp-json\/wp\/v2\/tags?post=19871"}],"curies":[{"name":"wp","href":"https:\/\/api.w.org\/{rel}","templated":true}]}}