{"id":19870,"date":"2009-05-04T00:00:00","date_gmt":"2009-05-04T00:00:00","guid":{"rendered":"http:\/\/www.malungo2.com.br\/pdt\/index.php\/governo-do-rio-manda-derrubar-memorial-leonel-brizola"},"modified":"2017-10-26T09:08:40","modified_gmt":"2017-10-26T11:08:40","slug":"governo-do-rio-manda-derrubar-memorial-leonel-brizola","status":"publish","type":"post","link":"https:\/\/pdt-rj.org.br\/index.php\/governo-do-rio-manda-derrubar-memorial-leonel-brizola\/","title":{"rendered":"Governo do Rio manda derrubar Memorial Leonel Brizola"},"content":{"rendered":"<p><font class=text><\/p>\n<p><img decoding=\"async\" height=149 src=\"\/images\/memorial.brizola.demolicao..jpg\" width=250 align=left border=0>O Memorial Leonel Brizola, projetado por Oscar Niemeyer e cujas obras foram paralisadas em 2006 ap\u00f3s consumirem &nbsp;R$ 1,9 milh\u00e3o dos R$ 3,6 milh\u00f5es previstos para a sua constru\u00e7\u00e3o na Avenida Presidente Vargas n \u00ba 3.364 \u0096 no Centro do Rio de Janeiro \u0096 foi abaixo (<strong>foto<\/strong>) por determina\u00e7\u00e3o do governo do Rio de Janeiro. &nbsp;Do projeto, s\u00f3 estava pronta a imensa base de concreto que agora foi arrancada por determina\u00e7\u00e3o das autoridades fluminenses.<\/p>\n<p>O chefe do Gabinete Civil do governador S\u00e9rgio Cabral (PMDB), R\u00e9gis Fichtner, explicou que no lugar do Memorial Leonel Brizola, que estava sendo constru\u00eddo em terreno diante da sede da Prefeitura carioca, ser\u00e1 erguida uma esta\u00e7\u00e3o de metr\u00f4. Fichitner se justificou: \u0093N\u00e3o dava para mudar a linha do metr\u00f4 de local, mas o memorial pode ir para outro lugar\u0094.<\/p>\n<p>S\u00f3 que n\u00e3o disse que lugar pode ser esse, nem garantiu que seja inten\u00e7\u00e3o do governador S\u00e9rgio Cabral &nbsp;\u0096 que Brizola definia como a \u0093nova cara da direita\u0094 do Rio de Janeiro \u0096 levar adiante a id\u00e9ia da homenagem do memorial, obra iniciada no governo de Rosinha Garotinho. &nbsp;<\/p>\n<p>Considerado o maior arquiteto brasileiro de todos os tempos, Niemeyer ainda n\u00e3o se pronunciou sobre o fato. O arquiteto premiado \u00e9 respons\u00e1vel pelos projetos de &nbsp;duas das principais &nbsp;obras do governo Brizola: o Ciep e o Samb\u00f3dromo.<\/p>\n<p>Indignado com a demoli\u00e7\u00e3o, o L\u00edder do PDT na C\u00e2mara, deputado Brizola Neto, disse:<\/p>\n<p>&#8212; O governo do Estado est\u00e1 mostrando que desperdi\u00e7a dinheiro p\u00fablico ao demolir um projeto iniciado por ele mesmo h\u00e1 tr\u00eas anos. &nbsp;Al\u00e9m de ser um crime contra o patrim\u00f4nio cultural &nbsp;demolir uma obra assinada por Oscar Niemeyer.<\/p>\n<p>Segundo o projeto, o Memorial ficar\u00e1 em espelho d\u0092\u00e1gua que vai separar o monumento da rua. No subsolo ser\u00e3o guardados documentos pessoais do fundador do PDT e tamb\u00e9m est\u00e3o previstas sala de exposi\u00e7\u00f5es e audit\u00f3rio para 300 pessoas, al\u00e9m de uma grande \u00e1rea para guardar arquivos sobre Brizola, cujo busto se destacar\u00e1 no Memorial.<br \/><img decoding=\"async\" height=129 src=\"\/images\/leonel.brizola.hospitalbz.jpg\" width=200 align=right border=0><br \/><strong><em>Intoler\u00e2ncia<\/em><\/strong> &#8211; Desde a morte de Brizola \u00e9 a segunda iniciativa que demonstra a intoler\u00e2ncia de&nbsp;pol\u00edticos fluminenses menores em rela\u00e7\u00e3o aos dois governos de Brizola no Estado. Em dezembro de 2004 o ent\u00e3o prefeito de B\u00fazios, Mirinho Braga (PDT), inaugurou o hospital municipal Leonel Brizola (<strong>foto<\/strong>) mas&nbsp;seu sucessor, Tuninho Branco (PMDB), decidiu mudar&nbsp;o nome do hospital para Rodolfo Periss\u00e9.<\/p>\n<p>Na &#8220;solenidade&#8221; de mudan\u00e7a de nome do hospital, no in\u00edcio de 2005, poucos meses depois&nbsp;da morte de Brizola em junho de 2004, Tuninho Branco entre outros ataques a mem\u00f3ria de Brizola, disse que ele jamais fez algo&nbsp;pela Regi\u00e3o dos Lagos, e tamb\u00e9m pelo Rio de Janeiro e, por isso, n\u00e3o merecia ter&nbsp;seu nome no hospital.&nbsp;O ato, na ocasi\u00e3o, deixou indignados os pedetistas locais.<\/p>\n<p>Tuninho, candidato a reelei\u00e7\u00e3o em outubro passado,&nbsp;foi um dos pouqu\u00edssimos&nbsp;prefeitos fluminenses a n\u00e3o se reeleger.&nbsp;Na campanha eleitoral o ministro Carlos Lupi, do Trabalho e Emprego, esteve no munic\u00edpio de B\u00fazios para dar o seu apoio ao ent\u00e3o candidato a prefeito do PDT, Mirinho Braga &#8211; que tentava retornar \u00e0 chefia do executivo municipal. No com\u00edcio que fechou a carreata,&nbsp;discursando,&nbsp;Lupi pediu a Mirinho que &#8211; se eleito fosse &#8211; voltasse a por o nome de Brizola no hospital local.&nbsp;Mirinho ganhou a elei\u00e7\u00e3o,&nbsp;esmagando eleitoralmente Tuninho Branco.<\/p>\n<p><\/font><\/p>\n<p>Ascom PDT\/O Globo\/OM<\/p>\n<!-- AddThis Advanced Settings generic via filter on the_content --><!-- AddThis Share Buttons generic via filter on the_content -->","protected":false},"excerpt":{"rendered":"<p>O Memorial Leonel Brizola, projetado por Oscar Niemeyer e cujas obras foram paralisadas em 2006 ap\u00f3s consumirem &nbsp;R$ 1,9 milh\u00e3o dos R$ 3,6 milh\u00f5es previstos para a sua constru\u00e7\u00e3o na Avenida Presidente Vargas n \u00ba 3.364 \u0096 no Centro do Rio de Janeiro \u0096 foi abaixo (foto) por determina\u00e7\u00e3o do governo do Rio de Janeiro&#8230;.<!-- AddThis Advanced Settings generic via filter on wp_trim_excerpt --><!-- AddThis Share Buttons generic via filter on wp_trim_excerpt --><\/p>\n","protected":false},"author":17,"featured_media":0,"comment_status":"closed","ping_status":"open","sticky":false,"template":"","format":"standard","meta":{"_monsterinsights_skip_tracking":false,"_monsterinsights_sitenote_active":false,"_monsterinsights_sitenote_note":"","_monsterinsights_sitenote_category":0,"_uf_show_specific_survey":0,"_uf_disable_surveys":false,"footnotes":""},"categories":[976],"tags":[],"class_list":["post-19870","post","type-post","status-publish","format-standard","hentry","category-noticias-em-destaque"],"acf":[],"_links":{"self":[{"href":"https:\/\/pdt-rj.org.br\/index.php\/wp-json\/wp\/v2\/posts\/19870","targetHints":{"allow":["GET"]}}],"collection":[{"href":"https:\/\/pdt-rj.org.br\/index.php\/wp-json\/wp\/v2\/posts"}],"about":[{"href":"https:\/\/pdt-rj.org.br\/index.php\/wp-json\/wp\/v2\/types\/post"}],"author":[{"embeddable":true,"href":"https:\/\/pdt-rj.org.br\/index.php\/wp-json\/wp\/v2\/users\/17"}],"replies":[{"embeddable":true,"href":"https:\/\/pdt-rj.org.br\/index.php\/wp-json\/wp\/v2\/comments?post=19870"}],"version-history":[{"count":1,"href":"https:\/\/pdt-rj.org.br\/index.php\/wp-json\/wp\/v2\/posts\/19870\/revisions"}],"predecessor-version":[{"id":56692,"href":"https:\/\/pdt-rj.org.br\/index.php\/wp-json\/wp\/v2\/posts\/19870\/revisions\/56692"}],"wp:attachment":[{"href":"https:\/\/pdt-rj.org.br\/index.php\/wp-json\/wp\/v2\/media?parent=19870"}],"wp:term":[{"taxonomy":"category","embeddable":true,"href":"https:\/\/pdt-rj.org.br\/index.php\/wp-json\/wp\/v2\/categories?post=19870"},{"taxonomy":"post_tag","embeddable":true,"href":"https:\/\/pdt-rj.org.br\/index.php\/wp-json\/wp\/v2\/tags?post=19870"}],"curies":[{"name":"wp","href":"https:\/\/api.w.org\/{rel}","templated":true}]}}