{"id":19869,"date":"2009-05-04T00:00:00","date_gmt":"2009-05-04T00:00:00","guid":{"rendered":"http:\/\/www.malungo2.com.br\/pdt\/index.php\/lupi-e-hora-de-acreditar-no-brasil"},"modified":"2017-10-26T09:08:40","modified_gmt":"2017-10-26T11:08:40","slug":"lupi-e-hora-de-acreditar-no-brasil","status":"publish","type":"post","link":"https:\/\/pdt-rj.org.br\/index.php\/lupi-e-hora-de-acreditar-no-brasil\/","title":{"rendered":"Lupi: &quot;\u00c9 hora de acreditar no Brasil&quot;"},"content":{"rendered":"<p><img decoding=\"async\" height=150 src=\"\/images\/1maio.2009..jpg\" width=200 align=left border=0>\u0093<font class=text>\u00c9 hora de acreditar no Brasil e n\u00e3o de demitir porque a crise \u00e9 fruto do ego\u00edsmo do sistema financeiro internacional e n\u00e3o pode ser paga pelos trabalhadores\u0094, afirmou o Ministro Carlos Lupi, do Trabalho, discursando para 1,5 milh\u00e3o de pessoas na festa do 1\u00ba de Maio organizada pela For\u00e7a Sindical no campo de Bagatelle, em S\u00e3o Paulo, ao criticar setores &nbsp;\u0096 as &nbsp;ind\u00fastrias automobil\u00edstica e aeron\u00e1utica \u0096 por promoverem demiss\u00f5es t\u00e3o logo a crise chegou ao Brasil.<\/p>\n<p>No 1\u00ba de Maio, al\u00e9m de pronunciamento em rede nacional de televis\u00e3o no lugar do presidente Lula, Lupi falou diretamente com os trabalhadores em pelo menos dois grandes eventos que reuniram centenas de milhares de trabalhadores, o da For\u00e7a Sindical em S\u00e3o Paulo, e o do pr\u00f3prio Minist\u00e9rio do Trabalho e Emprego (MTE), com apoio das secretarias municipal e estadual de Trabalho, na Quinta da Boa Vista, no Rio de Janeiro.&nbsp;&nbsp;<strong>(Foto do show na Quinta, no RJ)<\/strong><\/p>\n<p>A festa na Quinta da Boa Vista, que reuniu este ano mais de 100 mil pessoas ao longo do dia e teve como ponto alto grande show de m\u00fasica popular a cargo de Beth Carvalho e seus convidados \u0096 Dona Ivone de Lara, Monarco, Diogo Nogueira, Arlindo Cruz e Dominguinhos do Est\u00e1cio; &nbsp;tamb\u00e9m foi palco da entrega da Medalha Get\u00falio Vargas, a mais alta condecora\u00e7\u00e3o do MTE, a cantora Beth Carvalho \u0096 homenagem compartilhada com os presidentes de seis das centrais sindicais do pa\u00eds: CUT, For\u00e7a Sindical, CGTB, NCST, UGT e CTTB.<\/p>\n<p>Em S\u00e3o Paulo, antes de falar \u00e0 multid\u00e3o, em entrevista, Lupi declarou: \u0093N\u00e3o pode haver oportunismo na crise, n\u00e3o adianta alguns quererem se aproveitar para ganhar dinheiro porque ningu\u00e9m consegue vencer achando que n\u00e3o vai dar certo\u0094. Ao reiterar que o Brasil ser\u00e1 um dos primeiros pa\u00edses do mundo a sair da crise, argumentou que tudo leva a crer que j\u00e1 agora em abril a cria\u00e7\u00e3o de empregos formais deve zerar as mais de 100 mil vagas fechadas em janeiro.<\/p>\n<p>\u0093 A melhoria j\u00e1 pode ser notada em v\u00e1rios setores, o que puxa a gera\u00e7\u00e3o de empregos com carteira assinada\u0094, assinalou, acrescentando que a redu\u00e7\u00e3o dos juros tamb\u00e9m tem contribu\u00eddo para a melhoria geral da economia. \u0093Hoje at\u00e9 o <img decoding=\"async\" height=188 src=\"\/images\/1maio.2009.2..jpg\" width=250 align=right border=0>Meirelles (Henrique Meirelles, presidente do Banco Central) defende a queda dos juros &#8211; o que \u00e9 uma grande evolu\u00e7\u00e3o\u0094, comentou.<\/p>\n<p>Lupi confirmou que o governo analisa novas medidas de incentivo a setores da economia com maior dificuldade de reagir, como os frigor\u00edficos que produzem carne bovina e de frango. No dia anterior, no Rio, ao inaugurar a p\u00e1gina do FGTS na internet \u0096 onde trabalhadores e empres\u00e1rios poder\u00e3o recolher todas as informa\u00e7\u00f5es que necessitarem sobre o fundo, aumentando a transpar\u00eancia &#8211; &nbsp;Lupi revelou que o governo federal estuda a amplia\u00e7\u00e3o da parcela que os trabalhadores poder\u00e3o utilizar no fundo de investimento do FGTS, o FI-FGTS, &nbsp;de 10% para 30%. (<strong>Na foto \u00e0 direita, o palco montado na Quinta da Boa Vista<\/strong>)<\/p>\n<p>&nbsp;\u0093O projeto ser\u00e1 definido pelo Conselho Curador do FGTS em sua pr\u00f3xima reuni\u00e3o (dia 19\/5) e vai ser apresentado ao presidente Luiz In\u00e1cio Lula da Silva at\u00e9 o fim do m\u00eas\u0094, explicou. &nbsp;O projeto permitir\u00e1 que cada trabalhador se torne cotista do FI-FGTS, recebendo remunera\u00e7\u00e3o de pelo menos 6% ao ano mais TR, j\u00e1 que pelas regras atuais do FGTS, o rendimento \u00e9 de apenas 3% ao n\u00e3o, mais TR, que em abril \u00faltimo rendeu 0,4%.<\/p>\n<p><\/font><\/p>\n<!-- AddThis Advanced Settings generic via filter on the_content --><!-- AddThis Share Buttons generic via filter on the_content -->","protected":false},"excerpt":{"rendered":"<p>\u0093\u00c9 hora de acreditar no Brasil e n\u00e3o de demitir porque a crise \u00e9 fruto do ego\u00edsmo do sistema financeiro internacional e n\u00e3o pode ser paga pelos trabalhadores\u0094, afirmou o Ministro Carlos Lupi, do Trabalho, discursando para 1,5 milh\u00e3o de pessoas na festa do 1\u00ba de Maio organizada pela For\u00e7a Sindical no campo de Bagatelle,&#8230;<!-- AddThis Advanced Settings generic via filter on wp_trim_excerpt --><!-- AddThis Share Buttons generic via filter on wp_trim_excerpt --><\/p>\n","protected":false},"author":17,"featured_media":0,"comment_status":"closed","ping_status":"open","sticky":false,"template":"","format":"standard","meta":{"_monsterinsights_skip_tracking":false,"_monsterinsights_sitenote_active":false,"_monsterinsights_sitenote_note":"","_monsterinsights_sitenote_category":0,"_uf_show_specific_survey":0,"_uf_disable_surveys":false,"footnotes":""},"categories":[976],"tags":[],"class_list":["post-19869","post","type-post","status-publish","format-standard","hentry","category-noticias-em-destaque"],"acf":[],"_links":{"self":[{"href":"https:\/\/pdt-rj.org.br\/index.php\/wp-json\/wp\/v2\/posts\/19869","targetHints":{"allow":["GET"]}}],"collection":[{"href":"https:\/\/pdt-rj.org.br\/index.php\/wp-json\/wp\/v2\/posts"}],"about":[{"href":"https:\/\/pdt-rj.org.br\/index.php\/wp-json\/wp\/v2\/types\/post"}],"author":[{"embeddable":true,"href":"https:\/\/pdt-rj.org.br\/index.php\/wp-json\/wp\/v2\/users\/17"}],"replies":[{"embeddable":true,"href":"https:\/\/pdt-rj.org.br\/index.php\/wp-json\/wp\/v2\/comments?post=19869"}],"version-history":[{"count":1,"href":"https:\/\/pdt-rj.org.br\/index.php\/wp-json\/wp\/v2\/posts\/19869\/revisions"}],"predecessor-version":[{"id":56694,"href":"https:\/\/pdt-rj.org.br\/index.php\/wp-json\/wp\/v2\/posts\/19869\/revisions\/56694"}],"wp:attachment":[{"href":"https:\/\/pdt-rj.org.br\/index.php\/wp-json\/wp\/v2\/media?parent=19869"}],"wp:term":[{"taxonomy":"category","embeddable":true,"href":"https:\/\/pdt-rj.org.br\/index.php\/wp-json\/wp\/v2\/categories?post=19869"},{"taxonomy":"post_tag","embeddable":true,"href":"https:\/\/pdt-rj.org.br\/index.php\/wp-json\/wp\/v2\/tags?post=19869"}],"curies":[{"name":"wp","href":"https:\/\/api.w.org\/{rel}","templated":true}]}}