{"id":19866,"date":"2009-04-29T00:00:00","date_gmt":"2009-04-29T00:00:00","guid":{"rendered":"http:\/\/www.malungo2.com.br\/pdt\/index.php\/pdt-apresenta-reivindicacoes-ao-tse"},"modified":"2017-10-26T09:08:40","modified_gmt":"2017-10-26T11:08:40","slug":"12-apresenta-reivindicacoes-ao-tse","status":"publish","type":"post","link":"https:\/\/pdt-rj.org.br\/index.php\/12-apresenta-reivindicacoes-ao-tse\/","title":{"rendered":"PDT apresenta reivindica\u00e7\u00f5es ao TSE"},"content":{"rendered":"<p>Amilcar Brunazo Filho, representante do PDT junto ao Tribunal Superior Eleitoral, informou nesta quarta-feira(29) ao l\u00edder do partido na C\u00e2mara, deputado Brizola Neto(RJ), que entregou ao ministro do TSE, Carlos Ayres Brito, uma lista de reivindica\u00e7\u00f5es, visando melhorar o sistema eletr\u00f4nico eleitoral. <\/p>\n<p>Uma das reivindica\u00e7\u00f5es \u00e9 a cria\u00e7\u00e3o de um grupo de trabalho multidisciplinar independente, para elaborar propostas sobre a confer\u00eancia do resultado eleitoral e o novo modelo de urnas eletr\u00f4nicas, inclusive sobre a forma de libera\u00e7\u00e3o do voto nas urnas. <\/p>\n<p>Outro ponto defendido no documento \u00e9 a convoca\u00e7\u00e3o de uma mesa de debates com a participa\u00e7\u00e3o de ministros do TSE, representantes t\u00e9cnicos dos partidos e o secret\u00e1rio de tecnologia da informa\u00e7\u00e3o. Para Amilcar \u00e9 importante a participa\u00e7\u00e3o dos partidos em todo o processo eleitoral, o que n\u00e3o ocorre, j\u00e1 que as decis\u00f5es s\u00e3o tomadas pelo TSE, de forma \u0093unilateral\u0094. Segundo Brizola Neto o tribunal s\u00f3 permite a suposta participa\u00e7\u00e3o das legendas pr\u00f3ximo ao per\u00edodo eleitoral. \u0093Eles fazem um teatro \u00e0s v\u00e9speras das elei\u00e7\u00f5es\u0094, disse. <\/p>\n<p>Quanto \u00e0s reivindica\u00e7\u00f5es do partido apresentadas ao TSE, Brunazo informou que o ministro ir\u00e1 analisar cada ponto e que se mostrou favor\u00e1vel \u00e0 cria\u00e7\u00e3o do grupo multidisciplinar. <\/p>\n<p>A an\u00e1lise de um projeto que trata sobre lei eleitoral foi outro assunto tratado com o l\u00edder pedetista. Amilcar comunicou que foi enviada \u00e0 C\u00e2mara uma proposta, elaborada em conjunto pelo TSE e OAB, que trata sobre a reforma da lei eleitoral. O engenheiro pediu ajuda ao deputado Brizola Neto para obter informa\u00e7\u00f5es sobre a mat\u00e9ria. O parlamentar ficou de conversar com o presidente da Casa, Michel Temer sobre o assunto e lembrou que essa discuss\u00e3o pode ser \u0093facilmente\u0094 confundida com a reforma pol\u00edtica. <\/p>\n<!-- AddThis Advanced Settings generic via filter on the_content --><!-- AddThis Share Buttons generic via filter on the_content -->","protected":false},"excerpt":{"rendered":"<p>Amilcar Brunazo Filho, representante do PDT junto ao Tribunal Superior Eleitoral, informou nesta quarta-feira(29) ao l\u00edder do partido na C\u00e2mara, deputado Brizola Neto(RJ), que entregou ao ministro do TSE, Carlos Ayres Brito, uma lista de reivindica\u00e7\u00f5es, visando melhorar o sistema eletr\u00f4nico eleitoral. Uma das reivindica\u00e7\u00f5es \u00e9 a cria\u00e7\u00e3o de um grupo de trabalho multidisciplinar independente,&#8230;<!-- AddThis Advanced Settings generic via filter on wp_trim_excerpt --><!-- AddThis Share Buttons generic via filter on wp_trim_excerpt --><\/p>\n","protected":false},"author":17,"featured_media":0,"comment_status":"closed","ping_status":"open","sticky":false,"template":"","format":"standard","meta":{"_monsterinsights_skip_tracking":false,"_monsterinsights_sitenote_active":false,"_monsterinsights_sitenote_note":"","_monsterinsights_sitenote_category":0,"_uf_show_specific_survey":0,"_uf_disable_surveys":false,"footnotes":""},"categories":[976],"tags":[],"class_list":["post-19866","post","type-post","status-publish","format-standard","hentry","category-noticias-em-destaque"],"acf":[],"_links":{"self":[{"href":"https:\/\/pdt-rj.org.br\/index.php\/wp-json\/wp\/v2\/posts\/19866","targetHints":{"allow":["GET"]}}],"collection":[{"href":"https:\/\/pdt-rj.org.br\/index.php\/wp-json\/wp\/v2\/posts"}],"about":[{"href":"https:\/\/pdt-rj.org.br\/index.php\/wp-json\/wp\/v2\/types\/post"}],"author":[{"embeddable":true,"href":"https:\/\/pdt-rj.org.br\/index.php\/wp-json\/wp\/v2\/users\/17"}],"replies":[{"embeddable":true,"href":"https:\/\/pdt-rj.org.br\/index.php\/wp-json\/wp\/v2\/comments?post=19866"}],"version-history":[{"count":1,"href":"https:\/\/pdt-rj.org.br\/index.php\/wp-json\/wp\/v2\/posts\/19866\/revisions"}],"predecessor-version":[{"id":56697,"href":"https:\/\/pdt-rj.org.br\/index.php\/wp-json\/wp\/v2\/posts\/19866\/revisions\/56697"}],"wp:attachment":[{"href":"https:\/\/pdt-rj.org.br\/index.php\/wp-json\/wp\/v2\/media?parent=19866"}],"wp:term":[{"taxonomy":"category","embeddable":true,"href":"https:\/\/pdt-rj.org.br\/index.php\/wp-json\/wp\/v2\/categories?post=19866"},{"taxonomy":"post_tag","embeddable":true,"href":"https:\/\/pdt-rj.org.br\/index.php\/wp-json\/wp\/v2\/tags?post=19866"}],"curies":[{"name":"wp","href":"https:\/\/api.w.org\/{rel}","templated":true}]}}