{"id":19860,"date":"2009-04-22T00:00:00","date_gmt":"2009-04-22T00:00:00","guid":{"rendered":"http:\/\/www.malungo2.com.br\/pdt\/index.php\/pdt-traca-metas-no-mt-e-ms"},"modified":"2017-10-26T09:08:41","modified_gmt":"2017-10-26T11:08:41","slug":"12-traca-metas-no-mt-e-ms","status":"publish","type":"post","link":"https:\/\/pdt-rj.org.br\/index.php\/12-traca-metas-no-mt-e-ms\/","title":{"rendered":"PDT  tra\u00e7a metas no MT e MS"},"content":{"rendered":"<p><span lang=PT-BR><\/p>\n<p>O secret\u00e1rio nacional do PDT, Manoel Dias, est\u00e1 empenhado em preparar o partido para as elei\u00e7\u00f5es de 2010. Para isso est\u00e1 percorrendo todo o Pa\u00eds em visita aos estados, fazendo reuni\u00f5es de planejamento estrat\u00e9gico com a inten\u00e7\u00e3o de organizar e fortalecer a sigla para o pr\u00f3ximo pleito. &#8220;Nossa meta \u00e9 eleger 50 deputados federais em todo o pa\u00eds&#8221;, declarou. <\/p>\n<p>No dia 16 de abril, Dias esteve em Cuiab\u00e1(MT) para um encontro que reuniu importantes lideran\u00e7as da regi\u00e3o. No dia 17, foi a vez de Campo Grande (MS), onde foi realizado o III Encontro Estadual do partido e que&nbsp;contou com a participa\u00e7\u00e3o de cerca de 300 militantes entre prefeitos, vereadores, presidentes municipais, deputados e membros da Executiva estadual.&nbsp;<\/p>\n<p>Nesses encontros foram estabelecidas metas e prazos para o cumprimento do calend\u00e1rio nacional. Nele est\u00e3o previstas diretrizes para a organiza\u00e7\u00e3o partid\u00e1ria, o fortalecimento dos n\u00facleos de base e a implanta\u00e7\u00e3o das telessalas da Universidade Aberta Leonel Brizola. O objetivo \u00e9 preparar os quadros do partido e lan\u00e7ar, se poss\u00edvel, candidatos para todos os cargos: deputado, senador, governador e,&nbsp;at\u00e9, presidente da Rep\u00fablica. <\/p>\n<p><\/span><\/p>\n<!-- AddThis Advanced Settings generic via filter on the_content --><!-- AddThis Share Buttons generic via filter on the_content -->","protected":false},"excerpt":{"rendered":"<p>O secret\u00e1rio nacional do PDT, Manoel Dias, est\u00e1 empenhado em preparar o partido para as elei\u00e7\u00f5es de 2010. Para isso est\u00e1 percorrendo todo o Pa\u00eds em visita aos estados, fazendo reuni\u00f5es de planejamento estrat\u00e9gico com a inten\u00e7\u00e3o de organizar e fortalecer a sigla para o pr\u00f3ximo pleito. &#8220;Nossa meta \u00e9 eleger 50 deputados federais em&#8230;<!-- AddThis Advanced Settings generic via filter on wp_trim_excerpt --><!-- AddThis Share Buttons generic via filter on wp_trim_excerpt --><\/p>\n","protected":false},"author":17,"featured_media":0,"comment_status":"closed","ping_status":"open","sticky":false,"template":"","format":"standard","meta":{"_monsterinsights_skip_tracking":false,"_monsterinsights_sitenote_active":false,"_monsterinsights_sitenote_note":"","_monsterinsights_sitenote_category":0,"_uf_show_specific_survey":0,"_uf_disable_surveys":false,"footnotes":""},"categories":[976],"tags":[],"class_list":["post-19860","post","type-post","status-publish","format-standard","hentry","category-noticias-em-destaque"],"acf":[],"_links":{"self":[{"href":"https:\/\/pdt-rj.org.br\/index.php\/wp-json\/wp\/v2\/posts\/19860","targetHints":{"allow":["GET"]}}],"collection":[{"href":"https:\/\/pdt-rj.org.br\/index.php\/wp-json\/wp\/v2\/posts"}],"about":[{"href":"https:\/\/pdt-rj.org.br\/index.php\/wp-json\/wp\/v2\/types\/post"}],"author":[{"embeddable":true,"href":"https:\/\/pdt-rj.org.br\/index.php\/wp-json\/wp\/v2\/users\/17"}],"replies":[{"embeddable":true,"href":"https:\/\/pdt-rj.org.br\/index.php\/wp-json\/wp\/v2\/comments?post=19860"}],"version-history":[{"count":1,"href":"https:\/\/pdt-rj.org.br\/index.php\/wp-json\/wp\/v2\/posts\/19860\/revisions"}],"predecessor-version":[{"id":56704,"href":"https:\/\/pdt-rj.org.br\/index.php\/wp-json\/wp\/v2\/posts\/19860\/revisions\/56704"}],"wp:attachment":[{"href":"https:\/\/pdt-rj.org.br\/index.php\/wp-json\/wp\/v2\/media?parent=19860"}],"wp:term":[{"taxonomy":"category","embeddable":true,"href":"https:\/\/pdt-rj.org.br\/index.php\/wp-json\/wp\/v2\/categories?post=19860"},{"taxonomy":"post_tag","embeddable":true,"href":"https:\/\/pdt-rj.org.br\/index.php\/wp-json\/wp\/v2\/tags?post=19860"}],"curies":[{"name":"wp","href":"https:\/\/api.w.org\/{rel}","templated":true}]}}