{"id":19858,"date":"2009-04-22T00:00:00","date_gmt":"2009-04-22T00:00:00","guid":{"rendered":"http:\/\/www.malungo2.com.br\/pdt\/index.php\/relacoes-exteriores-elege-damiao-feliciano-1o-vice-presidente"},"modified":"2017-10-26T09:08:41","modified_gmt":"2017-10-26T11:08:41","slug":"relacoes-exteriores-elege-damiao-feliciano-1o-vice-presidente","status":"publish","type":"post","link":"https:\/\/pdt-rj.org.br\/index.php\/relacoes-exteriores-elege-damiao-feliciano-1o-vice-presidente\/","title":{"rendered":"Rela\u00e7\u00f5es Exteriores elege Dami\u00e3o Feliciano 1\u00ba vice-presidente"},"content":{"rendered":"<p>A Comiss\u00e3o de Rela\u00e7\u00f5es Exteriores e Defesa Nacional elegeu hoje o deputado Dami\u00e3o Feliciano (PDT-PB) como 1\u00ba vice-presidente. O parlamentar substitui Jo\u00e3o Hermann Neto, que morreu no \u00faltimo dia 12 em um acidente na piscina de sua fazenda, no munic\u00edpio de Presidente Alves (SP)<\/p>\n<!-- AddThis Advanced Settings generic via filter on the_content --><!-- AddThis Share Buttons generic via filter on the_content -->","protected":false},"excerpt":{"rendered":"<p>A Comiss\u00e3o de Rela\u00e7\u00f5es Exteriores e Defesa Nacional elegeu hoje o deputado Dami\u00e3o Feliciano (PDT-PB) como 1\u00ba vice-presidente. O parlamentar substitui Jo\u00e3o Hermann Neto, que morreu no \u00faltimo dia 12 em um acidente na piscina de sua fazenda, no munic\u00edpio de Presidente Alves (SP)<!-- AddThis Advanced Settings generic via filter on wp_trim_excerpt --><!-- AddThis Share Buttons generic via filter on wp_trim_excerpt --><\/p>\n","protected":false},"author":17,"featured_media":0,"comment_status":"closed","ping_status":"open","sticky":false,"template":"","format":"standard","meta":{"_monsterinsights_skip_tracking":false,"_monsterinsights_sitenote_active":false,"_monsterinsights_sitenote_note":"","_monsterinsights_sitenote_category":0,"_uf_show_specific_survey":0,"_uf_disable_surveys":false,"footnotes":""},"categories":[976],"tags":[],"class_list":["post-19858","post","type-post","status-publish","format-standard","hentry","category-noticias-em-destaque"],"acf":[],"_links":{"self":[{"href":"https:\/\/pdt-rj.org.br\/index.php\/wp-json\/wp\/v2\/posts\/19858","targetHints":{"allow":["GET"]}}],"collection":[{"href":"https:\/\/pdt-rj.org.br\/index.php\/wp-json\/wp\/v2\/posts"}],"about":[{"href":"https:\/\/pdt-rj.org.br\/index.php\/wp-json\/wp\/v2\/types\/post"}],"author":[{"embeddable":true,"href":"https:\/\/pdt-rj.org.br\/index.php\/wp-json\/wp\/v2\/users\/17"}],"replies":[{"embeddable":true,"href":"https:\/\/pdt-rj.org.br\/index.php\/wp-json\/wp\/v2\/comments?post=19858"}],"version-history":[{"count":1,"href":"https:\/\/pdt-rj.org.br\/index.php\/wp-json\/wp\/v2\/posts\/19858\/revisions"}],"predecessor-version":[{"id":56702,"href":"https:\/\/pdt-rj.org.br\/index.php\/wp-json\/wp\/v2\/posts\/19858\/revisions\/56702"}],"wp:attachment":[{"href":"https:\/\/pdt-rj.org.br\/index.php\/wp-json\/wp\/v2\/media?parent=19858"}],"wp:term":[{"taxonomy":"category","embeddable":true,"href":"https:\/\/pdt-rj.org.br\/index.php\/wp-json\/wp\/v2\/categories?post=19858"},{"taxonomy":"post_tag","embeddable":true,"href":"https:\/\/pdt-rj.org.br\/index.php\/wp-json\/wp\/v2\/tags?post=19858"}],"curies":[{"name":"wp","href":"https:\/\/api.w.org\/{rel}","templated":true}]}}