{"id":19853,"date":"2009-04-17T00:00:00","date_gmt":"2009-04-17T00:00:00","guid":{"rendered":"http:\/\/www.malungo2.com.br\/pdt\/index.php\/ato-repercute-no-pais-daqui-so-sairemos-pela-forca"},"modified":"2017-10-26T09:08:42","modified_gmt":"2017-10-26T11:08:42","slug":"ato-repercute-no-pais-daqui-so-sairemos-pela-forca","status":"publish","type":"post","link":"https:\/\/pdt-rj.org.br\/index.php\/ato-repercute-no-pais-daqui-so-sairemos-pela-forca\/","title":{"rendered":"Ato repercute no pa\u00eds: &quot;Daqui s\u00f3 sairemos pela for\u00e7a&quot;"},"content":{"rendered":"<p><font class=text><\/p>\n<p>Em entrevista a Folha Online nesta sexta (17\/4), Jackson Lago afirmou: &#8220;Daqui s\u00f3 sairemos pela for\u00e7a. Eu permanecerei no pal\u00e1cio at\u00e9 o STF julgar as a\u00e7\u00f5es que temos l\u00e1 ou at\u00e9 a Assembl\u00e9ia Legislativa cumprir a Constitui\u00e7\u00e3o do Maranh\u00e3o, que repete a Constitui\u00e7\u00e3o Nacional, que diz que, havendo vac\u00e2ncia no cargo de governador na \u00faltima metade do governo, a Assembl\u00e9ia deve fazer uma elei\u00e7\u00e3o indireta e escolher algu\u00e9m para completar o mandato&#8221;, disse Lago. O governador acrescentou que &#8220;se a Assembl\u00e9ia resolver dar posse a quem perdeu a elei\u00e7\u00e3o, eu permanecerei resistindo aqui no pal\u00e1cio&#8221;.<\/p>\n<p>A Folha Online destaca que Jackson Lago disse que permanecer\u00e1 no local at\u00e9 que o STF (Supremo Tribunal Federal) se posicione sobre sua cassa\u00e7\u00e3o ou que a Assembl\u00e9ia Legislativa cumpra a Constitui\u00e7\u00e3o Federal e convoque novas elei\u00e7\u00f5es. &nbsp;Lago n\u00e3o concorda com a decis\u00e3o do TSE (Tribunal Superior Eleitoral), que ontem cassou o seu mandato e de seu vice, Luiz Carlos Porto (PPS), e mandou que a senadora Roseana Sarney assumisse imediatamente o cargo.<\/p>\n<p>\u00c0 Folha Online hoje pela manh\u00e3, Lago disse que decis\u00e3o do TSE contraria a vontade do povo. &#8220;Entendemos que n\u00e3o podemos ser c\u00famplices do desrespeito da vontade da maioria da popula\u00e7\u00e3o. Nos resta resistirmos no pal\u00e1cio para que a popula\u00e7\u00e3o reflita sobre o que est\u00e3o fazendo com o Estado. [&#8230;] Estou defendendo a Constitui\u00e7\u00e3o, que jurei respeitar e defender&#8221;, disse ele por telefone.<\/p>\n<p>Segundo assessores, Lago est\u00e1 na parte residencial do Pal\u00e1cio dos Le\u00f5es acompanhado da fam\u00edlia, assessores e pol\u00edticos. Segundo sua assessoria, cerca de 1.000 pessoas est\u00e3o &#8220;pacificamente&#8221; dentro da sede do governo em apoio ao governador cassado. A Pol\u00edcia Militar acompanha a manifesta\u00e7\u00e3o e ainda n\u00e3o foi registrada nenhuma ocorr\u00eancia.<\/p>\n<p>Os principais portais de not\u00edcias do pa\u00eds est\u00e3o repercutindo a decis\u00e3o de Lago (PDT) e de cerca de mil pessoas, segundo a assessoria, em n\u00e3o deixar o Pal\u00e1cio dos Le\u00f5es, antes dos recursos contra a cassa\u00e7\u00e3o sejam julgados pelo STF (Supremo Tribunal Federal).<\/p>\n<p>O G1, site de not\u00edcias da Globo, destacou em manchete: \u0093Roseana toma posse e Lago se nega a sair da sede do governo\u0094; \u0093Roseana toma posse no Maranh\u00e3o; Lago diz que s\u00f3 sair\u00e1 \u00e0 for\u00e7a da sede do governo\u0094, destaca a Folha Online. O Uol publica: \u0093Jackson Lago diz que s\u00f3 sair\u00e1 de pal\u00e1cio &#8220;pela for\u00e7a&#8221;; o portal do Correio Brasiliense tamb\u00e9m repercute o assunto. \u0093Roseana assume, mas Lago se recusa a deixar Pal\u00e1cio\u0094, publica o Correioweb. O portal do Estad\u00e3o destaca: \u0093Roseana assume, mas Lago recusa-se a deixar Pal\u00e1cio no Maranh\u00e3o; militantes do PDT ocupam a sede do governo\u0094.<\/p>\n<p><a href=\"http:\/\/pdt12.locaweb.com.br\/primeirapagina.asp?id=952\" target=_blank><strong>Pal\u00e1cio dos Le\u00f5es centraliza a resist\u00eancia<\/strong><\/a><\/p>\n<p><\/font><\/p>\n<!-- AddThis Advanced Settings generic via filter on the_content --><!-- AddThis Share Buttons generic via filter on the_content -->","protected":false},"excerpt":{"rendered":"<p>Em entrevista a Folha Online nesta sexta (17\/4), Jackson Lago afirmou: &#8220;Daqui s\u00f3 sairemos pela for\u00e7a. Eu permanecerei no pal\u00e1cio at\u00e9 o STF julgar as a\u00e7\u00f5es que temos l\u00e1 ou at\u00e9 a Assembl\u00e9ia Legislativa cumprir a Constitui\u00e7\u00e3o do Maranh\u00e3o, que repete a Constitui\u00e7\u00e3o Nacional, que diz que, havendo vac\u00e2ncia no cargo de governador na \u00faltima&#8230;<!-- AddThis Advanced Settings generic via filter on wp_trim_excerpt --><!-- AddThis Share Buttons generic via filter on wp_trim_excerpt --><\/p>\n","protected":false},"author":17,"featured_media":0,"comment_status":"closed","ping_status":"open","sticky":false,"template":"","format":"standard","meta":{"_monsterinsights_skip_tracking":false,"_monsterinsights_sitenote_active":false,"_monsterinsights_sitenote_note":"","_monsterinsights_sitenote_category":0,"_uf_show_specific_survey":0,"_uf_disable_surveys":false,"footnotes":""},"categories":[976],"tags":[],"class_list":["post-19853","post","type-post","status-publish","format-standard","hentry","category-noticias-em-destaque"],"acf":[],"_links":{"self":[{"href":"https:\/\/pdt-rj.org.br\/index.php\/wp-json\/wp\/v2\/posts\/19853","targetHints":{"allow":["GET"]}}],"collection":[{"href":"https:\/\/pdt-rj.org.br\/index.php\/wp-json\/wp\/v2\/posts"}],"about":[{"href":"https:\/\/pdt-rj.org.br\/index.php\/wp-json\/wp\/v2\/types\/post"}],"author":[{"embeddable":true,"href":"https:\/\/pdt-rj.org.br\/index.php\/wp-json\/wp\/v2\/users\/17"}],"replies":[{"embeddable":true,"href":"https:\/\/pdt-rj.org.br\/index.php\/wp-json\/wp\/v2\/comments?post=19853"}],"version-history":[{"count":1,"href":"https:\/\/pdt-rj.org.br\/index.php\/wp-json\/wp\/v2\/posts\/19853\/revisions"}],"predecessor-version":[{"id":56714,"href":"https:\/\/pdt-rj.org.br\/index.php\/wp-json\/wp\/v2\/posts\/19853\/revisions\/56714"}],"wp:attachment":[{"href":"https:\/\/pdt-rj.org.br\/index.php\/wp-json\/wp\/v2\/media?parent=19853"}],"wp:term":[{"taxonomy":"category","embeddable":true,"href":"https:\/\/pdt-rj.org.br\/index.php\/wp-json\/wp\/v2\/categories?post=19853"},{"taxonomy":"post_tag","embeddable":true,"href":"https:\/\/pdt-rj.org.br\/index.php\/wp-json\/wp\/v2\/tags?post=19853"}],"curies":[{"name":"wp","href":"https:\/\/api.w.org\/{rel}","templated":true}]}}