{"id":19845,"date":"2009-04-16T00:00:00","date_gmt":"2009-04-16T00:00:00","guid":{"rendered":"http:\/\/www.malungo2.com.br\/pdt\/index.php\/novas-filiacoes-reforcam-o-partido-em-roraima"},"modified":"2017-10-26T09:08:42","modified_gmt":"2017-10-26T11:08:42","slug":"novas-filiacoes-reforcam-o-partido-em-roraima","status":"publish","type":"post","link":"https:\/\/pdt-rj.org.br\/index.php\/novas-filiacoes-reforcam-o-partido-em-roraima\/","title":{"rendered":"Novas filia\u00e7\u00f5es refor\u00e7am o partido em Roraima"},"content":{"rendered":"<div><strong>PDT fala em lan\u00e7ar candidato ao governo<\/strong><\/div>\n<div>&nbsp;<\/div>\n<div><em>Nomes conhecidos da pol\u00edtica local assinaram ficha de filia\u00e7\u00e3o visando 2010 <\/em><\/div>\n<div>&nbsp;<\/div>\n<div><em><strong>&nbsp;Por Elissan Paulo Rodrigues<\/strong><\/em><\/div>\n<div>&nbsp;<\/div>\n<div>A c\u00fapula regional do Partido Democr\u00e1tico Trabalhista (PDT) se reuniu na manh\u00e3 desta segundaa-feira (13\/4) no Hotel Aipana, na capital de Roraima, para uma campanha de filia\u00e7\u00e3o com vistas \u00e0s elei\u00e7\u00f5es de 2010. A meta do partido \u00e9 lan\u00e7ar candidato ao Governo do Estado e tamb\u00e9m ao Senado segundo informa\u00e7\u00e3o confirmada pelo secret\u00e1rio-geral nacional do PDT, Manoel Dias, que veio a Boa Vista para o evento.&nbsp; <\/div>\n<div>&nbsp;<\/div>\n<div>Manoel Dias est\u00e1 percorrendo todo o Pa\u00eds em visita aos estados fazendo reuni\u00f5es de planejamento estrat\u00e9gico de organiza\u00e7\u00e3o da sigla para o pr\u00f3ximo pleito. \u0093Nossa meta \u00e9 eleger 50 deputados federais em todo o pa\u00eds\u0094, anunciou.<\/div>\n<div>&nbsp;<\/div>\n<div>Dias afirmou que em Roraima foram filiadas lideran\u00e7as representativas em v\u00e1rias \u00e1reas. \u0093Algumas at\u00e9 j\u00e1 fizeram parte do PDT, nos enchem de orgulho e \u00e9 a certeza de que o partido em Roraima ser\u00e1 a grande alternativa nas pr\u00f3ximas elei\u00e7\u00f5es\u0094, assegurou.<\/div>\n<div>&nbsp;<\/div>\n<div>Conforme o secret\u00e1rio, outros nomes cotados para a filia\u00e7\u00e3o est\u00e3o em processo de desfilia\u00e7\u00e3o de outras siglas. \u0093Estabeleceremos o PDT como grande partido n\u00e3o s\u00f3 pela quantidade, mas tamb\u00e9m pela qualidade\u0094, salientou Dias.<\/div>\n<div>&nbsp;<\/div>\n<div>O vereador Telm\u00e1rio Mota (PDT) disse que com a filia\u00e7\u00e3o em massa de pol\u00edticos conhecidos o partido se fortalece. \u0093O PDT j\u00e1 chegou a definir elei\u00e7\u00f5es por duas vezes no Estado e quem quiser ganhar o pr\u00f3ximo pleito ter\u00e1 que conversar com o partido\u0094, assinalou.<\/div>\n<div>&nbsp;<\/div>\n<div>No evento, figuras conhecidas da pol\u00edtica roraimense, como o ex-deputado Airton Cascavel Soligo, o ex-prefeito J\u00falio Martins, o ex-deputado Airton Dias, o ex-deputado Alceste Madeira e o \u00faltimo presidente da C\u00e2mara dos Vereadores de Boa Vista, Marcelo Carvalho, se filiaram \u00e0 sigla.<\/div>\n<!-- AddThis Advanced Settings generic via filter on the_content --><!-- AddThis Share Buttons generic via filter on the_content -->","protected":false},"excerpt":{"rendered":"<p>PDT fala em lan\u00e7ar candidato ao governo &nbsp; Nomes conhecidos da pol\u00edtica local assinaram ficha de filia\u00e7\u00e3o visando 2010 &nbsp; &nbsp;Por Elissan Paulo Rodrigues &nbsp; A c\u00fapula regional do Partido Democr\u00e1tico Trabalhista (PDT) se reuniu na manh\u00e3 desta segundaa-feira (13\/4) no Hotel Aipana, na capital de Roraima, para uma campanha de filia\u00e7\u00e3o com vistas \u00e0s&#8230;<!-- AddThis Advanced Settings generic via filter on wp_trim_excerpt --><!-- AddThis Share Buttons generic via filter on wp_trim_excerpt --><\/p>\n","protected":false},"author":17,"featured_media":0,"comment_status":"closed","ping_status":"open","sticky":false,"template":"","format":"standard","meta":{"_monsterinsights_skip_tracking":false,"_monsterinsights_sitenote_active":false,"_monsterinsights_sitenote_note":"","_monsterinsights_sitenote_category":0,"_uf_show_specific_survey":0,"_uf_disable_surveys":false,"footnotes":""},"categories":[976],"tags":[],"class_list":["post-19845","post","type-post","status-publish","format-standard","hentry","category-noticias-em-destaque"],"acf":[],"_links":{"self":[{"href":"https:\/\/pdt-rj.org.br\/index.php\/wp-json\/wp\/v2\/posts\/19845","targetHints":{"allow":["GET"]}}],"collection":[{"href":"https:\/\/pdt-rj.org.br\/index.php\/wp-json\/wp\/v2\/posts"}],"about":[{"href":"https:\/\/pdt-rj.org.br\/index.php\/wp-json\/wp\/v2\/types\/post"}],"author":[{"embeddable":true,"href":"https:\/\/pdt-rj.org.br\/index.php\/wp-json\/wp\/v2\/users\/17"}],"replies":[{"embeddable":true,"href":"https:\/\/pdt-rj.org.br\/index.php\/wp-json\/wp\/v2\/comments?post=19845"}],"version-history":[{"count":1,"href":"https:\/\/pdt-rj.org.br\/index.php\/wp-json\/wp\/v2\/posts\/19845\/revisions"}],"predecessor-version":[{"id":56715,"href":"https:\/\/pdt-rj.org.br\/index.php\/wp-json\/wp\/v2\/posts\/19845\/revisions\/56715"}],"wp:attachment":[{"href":"https:\/\/pdt-rj.org.br\/index.php\/wp-json\/wp\/v2\/media?parent=19845"}],"wp:term":[{"taxonomy":"category","embeddable":true,"href":"https:\/\/pdt-rj.org.br\/index.php\/wp-json\/wp\/v2\/categories?post=19845"},{"taxonomy":"post_tag","embeddable":true,"href":"https:\/\/pdt-rj.org.br\/index.php\/wp-json\/wp\/v2\/tags?post=19845"}],"curies":[{"name":"wp","href":"https:\/\/api.w.org\/{rel}","templated":true}]}}