{"id":19844,"date":"2009-04-15T00:00:00","date_gmt":"2009-04-15T00:00:00","guid":{"rendered":"http:\/\/www.malungo2.com.br\/pdt\/index.php\/pdt-repudia-atos-no-rio-de-janeiro"},"modified":"2017-10-26T09:08:42","modified_gmt":"2017-10-26T11:08:42","slug":"12-repudia-atos-no-rio-de-janeiro","status":"publish","type":"post","link":"https:\/\/pdt-rj.org.br\/index.php\/12-repudia-atos-no-rio-de-janeiro\/","title":{"rendered":"PDT rep\u00fadia atos no Rio de Janeiro"},"content":{"rendered":"<p>NOTA LIDERAN\u00c7A DO PDT <\/p>\n<p>Em nome da bancada do Partido Democr\u00e1tico Trabalhista, manifesto a minha mais profunda indigna\u00e7\u00e3o contra a agress\u00e3o covarde sofrida pelos usu\u00e1rios do sistema de transporte ferrovi\u00e1rio hoje de manh\u00e3 na Rio de Janeiro. <\/p>\n<p>As cenas chocantes em que passageiros s\u00e3o literalmente chicoteados e chutados pelos funcion\u00e1rios do cons\u00f3rcio Supervia s\u00e3o estarrecedoras. As imagens mostradas em rede nacional pelas emissoras de tv s\u00e3o, na verdade, o testemunho de uma humilha\u00e7\u00e3o reiterada que vem sendo imposta aos trabalhadores cariocas que usam antiga Central do Brasil para seguir diariamente de casa para o trabalho. <\/p>\n<p>O estado de conserva\u00e7\u00e3o de composi\u00e7\u00f5es, esta\u00e7\u00f5es e linhas administradas pela Supervia hoje n\u00e3o evoluiu em nada desde os tempos da Rede Ferrovi\u00e1ria Federal. <\/p>\n<p>Entendemos que a empresa, que det\u00e9m a concess\u00e3o por cinq\u00fcenta anos, e o Governo do Estado do Rio devem ser responsabilizados pelo caos que se instalou no sistema de transporte ferrovi\u00e1rio. Lembramos que em 2007 oito passageiros morreram e 101 ficaram feridos num acidente envolvendo duas m\u00e1quinas. <\/p>\n<p>A Supervia deve ser penalizada com a cassa\u00e7\u00e3o da concess\u00e3o por falta de cumprimento do contrato que previa o investimento de US$250 milh\u00f5es na moderniza\u00e7\u00e3o e amplia\u00e7\u00e3o do servi\u00e7o. <\/p>\n<p>Deputado Federal Brizola Neto (PDT-RJ) <br \/>L\u00edder do PDT na C\u00e2mara dos Deputados<\/p>\n<!-- AddThis Advanced Settings generic via filter on the_content --><!-- AddThis Share Buttons generic via filter on the_content -->","protected":false},"excerpt":{"rendered":"<p>NOTA LIDERAN\u00c7A DO PDT Em nome da bancada do Partido Democr\u00e1tico Trabalhista, manifesto a minha mais profunda indigna\u00e7\u00e3o contra a agress\u00e3o covarde sofrida pelos usu\u00e1rios do sistema de transporte ferrovi\u00e1rio hoje de manh\u00e3 na Rio de Janeiro. As cenas chocantes em que passageiros s\u00e3o literalmente chicoteados e chutados pelos funcion\u00e1rios do cons\u00f3rcio Supervia s\u00e3o estarrecedoras&#8230;.<!-- AddThis Advanced Settings generic via filter on wp_trim_excerpt --><!-- AddThis Share Buttons generic via filter on wp_trim_excerpt --><\/p>\n","protected":false},"author":17,"featured_media":0,"comment_status":"closed","ping_status":"open","sticky":false,"template":"","format":"standard","meta":{"_monsterinsights_skip_tracking":false,"_monsterinsights_sitenote_active":false,"_monsterinsights_sitenote_note":"","_monsterinsights_sitenote_category":0,"_uf_show_specific_survey":0,"_uf_disable_surveys":false,"footnotes":""},"categories":[976],"tags":[],"class_list":["post-19844","post","type-post","status-publish","format-standard","hentry","category-noticias-em-destaque"],"acf":[],"_links":{"self":[{"href":"https:\/\/pdt-rj.org.br\/index.php\/wp-json\/wp\/v2\/posts\/19844","targetHints":{"allow":["GET"]}}],"collection":[{"href":"https:\/\/pdt-rj.org.br\/index.php\/wp-json\/wp\/v2\/posts"}],"about":[{"href":"https:\/\/pdt-rj.org.br\/index.php\/wp-json\/wp\/v2\/types\/post"}],"author":[{"embeddable":true,"href":"https:\/\/pdt-rj.org.br\/index.php\/wp-json\/wp\/v2\/users\/17"}],"replies":[{"embeddable":true,"href":"https:\/\/pdt-rj.org.br\/index.php\/wp-json\/wp\/v2\/comments?post=19844"}],"version-history":[{"count":1,"href":"https:\/\/pdt-rj.org.br\/index.php\/wp-json\/wp\/v2\/posts\/19844\/revisions"}],"predecessor-version":[{"id":56716,"href":"https:\/\/pdt-rj.org.br\/index.php\/wp-json\/wp\/v2\/posts\/19844\/revisions\/56716"}],"wp:attachment":[{"href":"https:\/\/pdt-rj.org.br\/index.php\/wp-json\/wp\/v2\/media?parent=19844"}],"wp:term":[{"taxonomy":"category","embeddable":true,"href":"https:\/\/pdt-rj.org.br\/index.php\/wp-json\/wp\/v2\/categories?post=19844"},{"taxonomy":"post_tag","embeddable":true,"href":"https:\/\/pdt-rj.org.br\/index.php\/wp-json\/wp\/v2\/tags?post=19844"}],"curies":[{"name":"wp","href":"https:\/\/api.w.org\/{rel}","templated":true}]}}