{"id":19842,"date":"2009-04-13T00:00:00","date_gmt":"2009-04-13T00:00:00","guid":{"rendered":"http:\/\/www.malungo2.com.br\/pdt\/index.php\/direcao-nacional-do-pdt-manifesta-profundo-pesar"},"modified":"2017-10-26T09:08:42","modified_gmt":"2017-10-26T11:08:42","slug":"direcao-nacional-do-12-manifesta-profundo-pesar","status":"publish","type":"post","link":"https:\/\/pdt-rj.org.br\/index.php\/direcao-nacional-do-12-manifesta-profundo-pesar\/","title":{"rendered":"Dire\u00e7\u00e3o Nacional do PDT manifesta profundo pesar"},"content":{"rendered":"<p><strong><em>Nota de Pesar<\/em><\/strong> <\/p>\n<p>A Dire\u00e7\u00e3o Nacional do PDT manifesta o seu profundo pesar pela tr\u00e1gica e prematura perda do deputado federal Jo\u00e3o Herrmann e expressa aos seus familiares sua solidariedade neste momento de dor.&nbsp;&nbsp;<\/p>\n<p>Somos testemunhas do entusiasmo e dedica\u00e7\u00e3o do deputado federal Jo\u00e3o Herrmann desde que reassumiu o mandato em janeiro \u00faltimo. Ativo e participativo, faleceu no exerc\u00edcio das importantes fun\u00e7\u00f5es de vice-l\u00edder da Bancada do PDT e de primeiro vice-presidente da Comiss\u00e3o de Rela\u00e7\u00f5es Exteriores e de Defesa Nacional da C\u00e2mara dos Deputados.&nbsp;<\/p>\n<p>Descanse em paz, bravo companheiro!&nbsp;<\/p>\n<p>O PDT expressa publicamente a sua honra de t\u00ea-lo tido como uma de suas mais destacadas e combativas lideran\u00e7as. <\/p>\n<p>Bras\u00edlia, 12 de abril de 2009. <\/p>\n<p>Deputado Federal Vieira da Cunha <br \/>Presidente Nacional do PDT <\/p>\n<!-- AddThis Advanced Settings generic via filter on the_content --><!-- AddThis Share Buttons generic via filter on the_content -->","protected":false},"excerpt":{"rendered":"<p>Nota de Pesar A Dire\u00e7\u00e3o Nacional do PDT manifesta o seu profundo pesar pela tr\u00e1gica e prematura perda do deputado federal Jo\u00e3o Herrmann e expressa aos seus familiares sua solidariedade neste momento de dor.&nbsp;&nbsp; Somos testemunhas do entusiasmo e dedica\u00e7\u00e3o do deputado federal Jo\u00e3o Herrmann desde que reassumiu o mandato em janeiro \u00faltimo. Ativo e&#8230;<!-- AddThis Advanced Settings generic via filter on wp_trim_excerpt --><!-- AddThis Share Buttons generic via filter on wp_trim_excerpt --><\/p>\n","protected":false},"author":17,"featured_media":0,"comment_status":"closed","ping_status":"open","sticky":false,"template":"","format":"standard","meta":{"_monsterinsights_skip_tracking":false,"_monsterinsights_sitenote_active":false,"_monsterinsights_sitenote_note":"","_monsterinsights_sitenote_category":0,"_uf_show_specific_survey":0,"_uf_disable_surveys":false,"footnotes":""},"categories":[976],"tags":[],"class_list":["post-19842","post","type-post","status-publish","format-standard","hentry","category-noticias-em-destaque"],"acf":[],"_links":{"self":[{"href":"https:\/\/pdt-rj.org.br\/index.php\/wp-json\/wp\/v2\/posts\/19842","targetHints":{"allow":["GET"]}}],"collection":[{"href":"https:\/\/pdt-rj.org.br\/index.php\/wp-json\/wp\/v2\/posts"}],"about":[{"href":"https:\/\/pdt-rj.org.br\/index.php\/wp-json\/wp\/v2\/types\/post"}],"author":[{"embeddable":true,"href":"https:\/\/pdt-rj.org.br\/index.php\/wp-json\/wp\/v2\/users\/17"}],"replies":[{"embeddable":true,"href":"https:\/\/pdt-rj.org.br\/index.php\/wp-json\/wp\/v2\/comments?post=19842"}],"version-history":[{"count":1,"href":"https:\/\/pdt-rj.org.br\/index.php\/wp-json\/wp\/v2\/posts\/19842\/revisions"}],"predecessor-version":[{"id":56718,"href":"https:\/\/pdt-rj.org.br\/index.php\/wp-json\/wp\/v2\/posts\/19842\/revisions\/56718"}],"wp:attachment":[{"href":"https:\/\/pdt-rj.org.br\/index.php\/wp-json\/wp\/v2\/media?parent=19842"}],"wp:term":[{"taxonomy":"category","embeddable":true,"href":"https:\/\/pdt-rj.org.br\/index.php\/wp-json\/wp\/v2\/categories?post=19842"},{"taxonomy":"post_tag","embeddable":true,"href":"https:\/\/pdt-rj.org.br\/index.php\/wp-json\/wp\/v2\/tags?post=19842"}],"curies":[{"name":"wp","href":"https:\/\/api.w.org\/{rel}","templated":true}]}}