{"id":19838,"date":"2009-04-07T00:00:00","date_gmt":"2009-04-07T00:00:00","guid":{"rendered":"http:\/\/www.malungo2.com.br\/pdt\/index.php\/vereadores-deputado-pede-ao-stf-que-mantenha-acao"},"modified":"2017-10-26T09:08:43","modified_gmt":"2017-10-26T11:08:43","slug":"vereadores-deputado-pede-ao-stf-que-mantenha-acao","status":"publish","type":"post","link":"https:\/\/pdt-rj.org.br\/index.php\/vereadores-deputado-pede-ao-stf-que-mantenha-acao\/","title":{"rendered":"Vereadores: deputado pede ao STF que mantenha a\u00e7\u00e3o"},"content":{"rendered":"<p>Deputado pede ao STF que mantenha a\u00e7\u00e3o sobre PEC dos Vereadores&nbsp;<\/p>\n<p>O presidente da comiss\u00e3o especial que analisou a PEC 333\/04, deputado M\u00e1rio Heringer (PDT-MG), quer que o Supremo Tribunal Federal (STF) julgue o mandado de seguran\u00e7a impetrado em dezembro, pelo Senado, contra a decis\u00e3o da C\u00e2mara de n\u00e3o promulgar a proposta, conhecida como PEC dos Vereadores. <\/p>\n<p>No in\u00edcio de mar\u00e7o, o Senado desistiu do mandado de seguran\u00e7a. Apesar disso, Heringer prefere que o processo no Supremo tenha continuidade, para evitar demora na an\u00e1lise da PEC. Ele se reuniu nesta segunda-feira com o presidente do STF, ministro Gilmar Mendes, e pediu para integrar a a\u00e7\u00e3o. <\/p>\n<p>&#8220;Eu entrei na mesma a\u00e7\u00e3o como um s\u00f3cio dela. Se for retirada por algu\u00e9m, ela continuar\u00e1 em andamento. Fiz isso porque conhe\u00e7o o tr\u00e2mite de uma PEC, conhe\u00e7o a demora numa comiss\u00e3o especial e acho que n\u00e3o temos mais de esperar&#8221;, explicou o deputado. <\/p>\n<p>Segundo ele, Gilmar Mendes disse que ir\u00e1 consultar o relator do processo, ministro Menezes Direito, sobre a viabilidade de manuten\u00e7\u00e3o do mandado de seguran\u00e7a. <\/p>\n<p>Pol\u00eamica <br \/>No ano passado, a C\u00e2mara aprovou a proposta para ampliar em cerca de sete mil o n\u00famero de vagas nas c\u00e2maras de vereadores e, ao mesmo tempo, reduzir as despesas do Legislativo nos munic\u00edpios. Ao analisar a PEC, contudo, o Senado aprovou apenas a amplia\u00e7\u00e3o da quantidade de vereadores, sem a limita\u00e7\u00e3o nos gastos. Por isso, o ent\u00e3o presidente da C\u00e2mara, Arlindo Chinaglia, se recusou a promulgar o texto, o que levou o Senado a procurar o Supremo e pedir a promulga\u00e7\u00e3o parcial da PEC. <\/p>\n<p>Um acordo entre as duas Casas fez com que o Senado desistisse da a\u00e7\u00e3o no STF. As atuais dire\u00e7\u00f5es da C\u00e2mara e do Senado tamb\u00e9m concordaram que os senadores analisariam os gastos com as c\u00e2maras municipais e s\u00f3 depois o texto modificado seria votado novamente pela C\u00e2mara na Comiss\u00e3o de Constitui\u00e7\u00e3o e Justi\u00e7a e de Cidadania (CCJ), em uma comiss\u00e3o especial e, em seguida, no Plen\u00e1rio. <\/p>\n<p>Na \u00faltima semana, a CCJ se manifestou a favor da promulga\u00e7\u00e3o da PEC no que diz respeito ao n\u00famero de vereadores. O parecer da CCJ ainda precisa ser submetido ao Plen\u00e1rio. <\/p>\n<p>Cr\u00edtica <br \/>O presidente da Uni\u00e3o Nacional dos Vereadores, Cl\u00e9zio Drummond, espera um entendimento r\u00e1pido sobre o assunto. Ele argumenta que impor um teto de gastos aos legislativos municipais \u00e9 um erro, pois a Constitui\u00e7\u00e3o j\u00e1 prev\u00ea, em seu artigo 29, limites para essas despesas. <\/p>\n<p>&#8220;Os gastos n\u00e3o aumentar\u00e3o de forma nenhuma. Se o n\u00famero de vereadores crescer, as c\u00e2maras v\u00e3o ter de se adequar e diminuir os gastos internos para que possam pagar subs\u00eddios aos vereadores&#8221;, argumentou. <\/p>\n<!-- AddThis Advanced Settings generic via filter on the_content --><!-- AddThis Share Buttons generic via filter on the_content -->","protected":false},"excerpt":{"rendered":"<p>Deputado pede ao STF que mantenha a\u00e7\u00e3o sobre PEC dos Vereadores&nbsp; O presidente da comiss\u00e3o especial que analisou a PEC 333\/04, deputado M\u00e1rio Heringer (PDT-MG), quer que o Supremo Tribunal Federal (STF) julgue o mandado de seguran\u00e7a impetrado em dezembro, pelo Senado, contra a decis\u00e3o da C\u00e2mara de n\u00e3o promulgar a proposta, conhecida como PEC&#8230;<!-- AddThis Advanced Settings generic via filter on wp_trim_excerpt --><!-- AddThis Share Buttons generic via filter on wp_trim_excerpt --><\/p>\n","protected":false},"author":17,"featured_media":0,"comment_status":"closed","ping_status":"open","sticky":false,"template":"","format":"standard","meta":{"_monsterinsights_skip_tracking":false,"_monsterinsights_sitenote_active":false,"_monsterinsights_sitenote_note":"","_monsterinsights_sitenote_category":0,"_uf_show_specific_survey":0,"_uf_disable_surveys":false,"footnotes":""},"categories":[976],"tags":[],"class_list":["post-19838","post","type-post","status-publish","format-standard","hentry","category-noticias-em-destaque"],"acf":[],"_links":{"self":[{"href":"https:\/\/pdt-rj.org.br\/index.php\/wp-json\/wp\/v2\/posts\/19838","targetHints":{"allow":["GET"]}}],"collection":[{"href":"https:\/\/pdt-rj.org.br\/index.php\/wp-json\/wp\/v2\/posts"}],"about":[{"href":"https:\/\/pdt-rj.org.br\/index.php\/wp-json\/wp\/v2\/types\/post"}],"author":[{"embeddable":true,"href":"https:\/\/pdt-rj.org.br\/index.php\/wp-json\/wp\/v2\/users\/17"}],"replies":[{"embeddable":true,"href":"https:\/\/pdt-rj.org.br\/index.php\/wp-json\/wp\/v2\/comments?post=19838"}],"version-history":[{"count":1,"href":"https:\/\/pdt-rj.org.br\/index.php\/wp-json\/wp\/v2\/posts\/19838\/revisions"}],"predecessor-version":[{"id":56724,"href":"https:\/\/pdt-rj.org.br\/index.php\/wp-json\/wp\/v2\/posts\/19838\/revisions\/56724"}],"wp:attachment":[{"href":"https:\/\/pdt-rj.org.br\/index.php\/wp-json\/wp\/v2\/media?parent=19838"}],"wp:term":[{"taxonomy":"category","embeddable":true,"href":"https:\/\/pdt-rj.org.br\/index.php\/wp-json\/wp\/v2\/categories?post=19838"},{"taxonomy":"post_tag","embeddable":true,"href":"https:\/\/pdt-rj.org.br\/index.php\/wp-json\/wp\/v2\/tags?post=19838"}],"curies":[{"name":"wp","href":"https:\/\/api.w.org\/{rel}","templated":true}]}}