{"id":19835,"date":"2009-04-02T00:00:00","date_gmt":"2009-04-02T00:00:00","guid":{"rendered":"http:\/\/www.malungo2.com.br\/pdt\/index.php\/ciclo-de-debates-discute-programa"},"modified":"2017-10-26T09:08:43","modified_gmt":"2017-10-26T11:08:43","slug":"ciclo-de-debates-discute-programa","status":"publish","type":"post","link":"https:\/\/pdt-rj.org.br\/index.php\/ciclo-de-debates-discute-programa\/","title":{"rendered":"Ciclo de debates discute programa"},"content":{"rendered":"<p><strong><em>Vis\u00e3o Trabalhista debate a crise<\/em><\/strong> <\/p>\n<p>As Lideran\u00e7as do PDT na C\u00e2mara e no Senado em parceria&nbsp;com a&nbsp;Funda\u00e7\u00e3o Leonel Brizola Alberto Pasqualini&nbsp;v\u00e3o realizar uma s\u00e9rie de debates, de abril a setembro, com o objetivo de&nbsp; estimular o&nbsp; di\u00e1logo com a sociedade sobre a constru\u00e7\u00e3o de um modelo de desenvolvimento para o Brasil. O primeiro semin\u00e1rio do Ciclo de Debates &#8220;Vis\u00e3o Trabalhista&#8221; ser\u00e1 dia 14 de abril a partir das 14h, na C\u00e2mara dos Deputados &#8211; audit\u00f3rio Freitas Nobre, em Bras\u00edlia,&nbsp; com o tema&nbsp; &#8221;&nbsp;A Crise e o Brasil&#8221;. A meta \u00e9 mobilizar todo o partido e suas estruturas na constru\u00e7\u00e3o e discuss\u00e3o dos semin\u00e1rios, a fim de apresentar um programa para o pa\u00eds.&nbsp; <\/p>\n<p>A expectativa dos coordenadores do projeto \u0096 o l\u00edder do PDT, deputado Brizola Neto, e o secret\u00e1rio nacional do partido, Manoel Dias, \u00e9 que por meio desse di\u00e1logo seja poss\u00edvel retomar a organiza\u00e7\u00e3o social e recuperar a for\u00e7a dos movimentos sociais para incluir o cidad\u00e3o no processo de produ\u00e7\u00e3o e forma\u00e7\u00e3o do conhecimento. Nos semin\u00e1rios, al\u00e9m das discuss\u00f5es de temas de relev\u00e2ncia nacional, ser\u00e1 apresentada \u00e0 sociedade uma proposta de agenda pol\u00edtica que aponte caminhos para o desenvolvimento social e econ\u00f4mico do pa\u00eds. <\/p>\n<p>O&nbsp;debate em Bras\u00edlia,&nbsp;que ter\u00e1 como tema a Crise&nbsp;e o Brasil, tem&nbsp;como&nbsp;proposta&nbsp;fazer&nbsp;uma rela\u00e7\u00e3o da crise de 29 com a crise atual, o enfrentamento de Get\u00falio aos liberais naquele momento e a derrocada do neoliberalismo. Tamb\u00e9m buscar\u00e1 analisar a retomada da vis\u00e3o conservadora que esta crise trouxe e o esfor\u00e7o dos liberais em construir uma nova ordem, mas com os mesmos fundamentos. Os temas previstos para os pr\u00f3ximos encontros s\u00e3o: Previd\u00eancia, Trabalho e Emprego, Meio-Ambiente e Soberania, Sistema Nacional de Educa\u00e7\u00e3o, Assist\u00eancia Social, Energia e Infraestrutura, Ci\u00eancia e Tecnologia, Municipalismo, Movimentos Sociais e Sindicalismo. <\/p>\n<p>Para este&nbsp;semin\u00e1rio foram convidados para compor a mesa o ex-governador e ex-deputado, Alceu Collares; o ex-deputado S\u00e9rgio Miranda; o professor Jo\u00e3o Sics\u00fa (IPEA) e o professor Fernando Ferrari.&nbsp;<\/p>\n<p>Confira a programa\u00e7\u00e3o de abril: <\/p>\n<p>14:00 \u0096 Lan\u00e7amento do Ciclo de Debates Vis\u00e3o Trabalhista <br \/>14:30 \u0096 D\u00edvida P\u00fablica; Problema ou solu\u00e7\u00e3o para o desenvolvimento? <br \/>(S\u00e9rgio Miranda) <br \/>15:15 \u0096 O fim de uma era &#8211; a necessidade de uma nova ordem <br \/>econ\u00f4mica e social; <br \/>(Prof. Fernando Ferrari) <br \/>16:00 \u0096 A contribui\u00e7\u00e3o do Trabalhismo para o desenvolvimento do <br \/>Brasil; <br \/>(Alceu Colares) <br \/>16:45 \u0096 Desenvolvimento econ\u00f4mico e social; <br \/>(Jo\u00e3o Sics\u00fa- IPEA) <br \/>17:30 \u0096 Encerramento (Coletiva)<\/p>\n<!-- AddThis Advanced Settings generic via filter on the_content --><!-- AddThis Share Buttons generic via filter on the_content -->","protected":false},"excerpt":{"rendered":"<p>Vis\u00e3o Trabalhista debate a crise As Lideran\u00e7as do PDT na C\u00e2mara e no Senado em parceria&nbsp;com a&nbsp;Funda\u00e7\u00e3o Leonel Brizola Alberto Pasqualini&nbsp;v\u00e3o realizar uma s\u00e9rie de debates, de abril a setembro, com o objetivo de&nbsp; estimular o&nbsp; di\u00e1logo com a sociedade sobre a constru\u00e7\u00e3o de um modelo de desenvolvimento para o Brasil. O primeiro semin\u00e1rio do&#8230;<!-- AddThis Advanced Settings generic via filter on wp_trim_excerpt --><!-- AddThis Share Buttons generic via filter on wp_trim_excerpt --><\/p>\n","protected":false},"author":17,"featured_media":0,"comment_status":"closed","ping_status":"open","sticky":false,"template":"","format":"standard","meta":{"_monsterinsights_skip_tracking":false,"_monsterinsights_sitenote_active":false,"_monsterinsights_sitenote_note":"","_monsterinsights_sitenote_category":0,"_uf_show_specific_survey":0,"_uf_disable_surveys":false,"footnotes":""},"categories":[976],"tags":[],"class_list":["post-19835","post","type-post","status-publish","format-standard","hentry","category-noticias-em-destaque"],"acf":[],"_links":{"self":[{"href":"https:\/\/pdt-rj.org.br\/index.php\/wp-json\/wp\/v2\/posts\/19835","targetHints":{"allow":["GET"]}}],"collection":[{"href":"https:\/\/pdt-rj.org.br\/index.php\/wp-json\/wp\/v2\/posts"}],"about":[{"href":"https:\/\/pdt-rj.org.br\/index.php\/wp-json\/wp\/v2\/types\/post"}],"author":[{"embeddable":true,"href":"https:\/\/pdt-rj.org.br\/index.php\/wp-json\/wp\/v2\/users\/17"}],"replies":[{"embeddable":true,"href":"https:\/\/pdt-rj.org.br\/index.php\/wp-json\/wp\/v2\/comments?post=19835"}],"version-history":[{"count":1,"href":"https:\/\/pdt-rj.org.br\/index.php\/wp-json\/wp\/v2\/posts\/19835\/revisions"}],"predecessor-version":[{"id":56728,"href":"https:\/\/pdt-rj.org.br\/index.php\/wp-json\/wp\/v2\/posts\/19835\/revisions\/56728"}],"wp:attachment":[{"href":"https:\/\/pdt-rj.org.br\/index.php\/wp-json\/wp\/v2\/media?parent=19835"}],"wp:term":[{"taxonomy":"category","embeddable":true,"href":"https:\/\/pdt-rj.org.br\/index.php\/wp-json\/wp\/v2\/categories?post=19835"},{"taxonomy":"post_tag","embeddable":true,"href":"https:\/\/pdt-rj.org.br\/index.php\/wp-json\/wp\/v2\/tags?post=19835"}],"curies":[{"name":"wp","href":"https:\/\/api.w.org\/{rel}","templated":true}]}}