{"id":19834,"date":"2009-04-13T00:00:00","date_gmt":"2009-04-13T00:00:00","guid":{"rendered":"http:\/\/www.malungo2.com.br\/pdt\/index.php\/brizola-neto-lamenta-a-morte-do-colega-joao-herrmann"},"modified":"2017-10-26T09:08:42","modified_gmt":"2017-10-26T11:08:42","slug":"brizola-neto-lamenta-a-morte-do-colega-joao-herrmann","status":"publish","type":"post","link":"https:\/\/pdt-rj.org.br\/index.php\/brizola-neto-lamenta-a-morte-do-colega-joao-herrmann\/","title":{"rendered":"Brizola Neto lamenta  a morte do colega Jo\u00e3o Herrmann"},"content":{"rendered":"<p>O l\u00edder do PDT, deputado Brizola Neto (RJ), lamentou a morte&nbsp;do companheiro de partido deputado Jo\u00e3o Herrmann Neto (SP), ocorrida na madrugada de domingo(13). &#8220;O Brasil perdeu um grande pol\u00edtico. Ele era um empres\u00e1rio que tinha compromisso com as causas sociais, o que demonstrou em toda a sua trajet\u00f3ria pol\u00edtica&#8221;. Brizola Neto lembrou a rela\u00e7\u00e3o do colega com o av\u00f4, Leonel Brizola, com quem&nbsp;Herrmann esteve nos anos 70.. Herrmann chegou a visitar Brizola em Montevid\u00e9u, no Uruguai, quando o ex-governador ainda era exilado pol\u00edtico. Jo\u00e3o Herrmann foi um dos que foram busc\u00e1-lo, em 1979, na sua volta ao Brasil.&nbsp;<br \/>Herrmann, que foi prefeito de Piracicaba de 1977 a 1982, deixou esposa e cinco filhos. Ele estava no quinto mandato como deputado federal. O parlamentar foi filiado ao MDB, PMDB, PSB, PPS e PDT. Na C\u00e2mara al\u00e9m de ocupar a vice presid\u00eancia da Comiss\u00e3o de Rela\u00e7\u00f5es Exteriores&nbsp; era vice l\u00edder&nbsp;do partido.<\/p>\n<p>O corpo do deputado foi enterrado nesta segunda-feira, \u00e0s 11h, no cemit\u00e1rio Parque Flaboyant, em Campinas. Herrmann morreu na madrugada do domingo, aos 63 anos. Seu corpo foi encontrado na piscina de sua fazenda, no munic\u00edpio de Presidente Alves, pr\u00f3ximo a Bauru. De acordo com o Instituto M\u00e9dico Legal de Bauru, a causa da morte foi natural por um edema agudo pulmonar (ac\u00famulo de l\u00edquido nos pulm\u00f5es), provavelmente por um pico de hipertens\u00e3o. O relat\u00f3rio j\u00e1 teria sido enviado para a delegacia. O vel\u00f3rio aconteceu durante a noite na Prefeitura de Campinas. <\/p>\n<!-- AddThis Advanced Settings generic via filter on the_content --><!-- AddThis Share Buttons generic via filter on the_content -->","protected":false},"excerpt":{"rendered":"<p>O l\u00edder do PDT, deputado Brizola Neto (RJ), lamentou a morte&nbsp;do companheiro de partido deputado Jo\u00e3o Herrmann Neto (SP), ocorrida na madrugada de domingo(13). &#8220;O Brasil perdeu um grande pol\u00edtico. Ele era um empres\u00e1rio que tinha compromisso com as causas sociais, o que demonstrou em toda a sua trajet\u00f3ria pol\u00edtica&#8221;. Brizola Neto lembrou a rela\u00e7\u00e3o&#8230;<!-- AddThis Advanced Settings generic via filter on wp_trim_excerpt --><!-- AddThis Share Buttons generic via filter on wp_trim_excerpt --><\/p>\n","protected":false},"author":17,"featured_media":0,"comment_status":"closed","ping_status":"open","sticky":false,"template":"","format":"standard","meta":{"_monsterinsights_skip_tracking":false,"_monsterinsights_sitenote_active":false,"_monsterinsights_sitenote_note":"","_monsterinsights_sitenote_category":0,"_uf_show_specific_survey":0,"_uf_disable_surveys":false,"footnotes":""},"categories":[976],"tags":[],"class_list":["post-19834","post","type-post","status-publish","format-standard","hentry","category-noticias-em-destaque"],"acf":[],"_links":{"self":[{"href":"https:\/\/pdt-rj.org.br\/index.php\/wp-json\/wp\/v2\/posts\/19834","targetHints":{"allow":["GET"]}}],"collection":[{"href":"https:\/\/pdt-rj.org.br\/index.php\/wp-json\/wp\/v2\/posts"}],"about":[{"href":"https:\/\/pdt-rj.org.br\/index.php\/wp-json\/wp\/v2\/types\/post"}],"author":[{"embeddable":true,"href":"https:\/\/pdt-rj.org.br\/index.php\/wp-json\/wp\/v2\/users\/17"}],"replies":[{"embeddable":true,"href":"https:\/\/pdt-rj.org.br\/index.php\/wp-json\/wp\/v2\/comments?post=19834"}],"version-history":[{"count":1,"href":"https:\/\/pdt-rj.org.br\/index.php\/wp-json\/wp\/v2\/posts\/19834\/revisions"}],"predecessor-version":[{"id":56717,"href":"https:\/\/pdt-rj.org.br\/index.php\/wp-json\/wp\/v2\/posts\/19834\/revisions\/56717"}],"wp:attachment":[{"href":"https:\/\/pdt-rj.org.br\/index.php\/wp-json\/wp\/v2\/media?parent=19834"}],"wp:term":[{"taxonomy":"category","embeddable":true,"href":"https:\/\/pdt-rj.org.br\/index.php\/wp-json\/wp\/v2\/categories?post=19834"},{"taxonomy":"post_tag","embeddable":true,"href":"https:\/\/pdt-rj.org.br\/index.php\/wp-json\/wp\/v2\/tags?post=19834"}],"curies":[{"name":"wp","href":"https:\/\/api.w.org\/{rel}","templated":true}]}}