{"id":19831,"date":"2009-04-01T00:00:00","date_gmt":"2009-04-01T00:00:00","guid":{"rendered":"http:\/\/www.malungo2.com.br\/pdt\/index.php\/paulo-ramos-brizola-esta-acima-da-pequenez-de-o-globo"},"modified":"2017-10-26T09:08:43","modified_gmt":"2017-10-26T11:08:43","slug":"paulo-ramos-brizola-esta-acima-da-pequenez-de-o-globo","status":"publish","type":"post","link":"https:\/\/pdt-rj.org.br\/index.php\/paulo-ramos-brizola-esta-acima-da-pequenez-de-o-globo\/","title":{"rendered":"Paulo Ramos: &quot;Brizola est\u00e1 acima da pequenez  de O Globo&quot;"},"content":{"rendered":"<p><font class=text><\/p>\n<p class=MsoNormal style=\"MARGIN: 0cm 0cm 0pt\"><?xml:namespace prefix = o ns = \"urn:schemas-microsoft-com:office:office\" \/><o:p><em><strong>O L\u00edder do PDT na Assembl\u00e9ia Legislativa do Rio de Janeiro, deputado Paulo Ramos, divulgou a seguinte nota a respeito das mat\u00e9rias publicadas no jornal &#8220;O Globo&#8221; fazendo acusa\u00e7\u00f5es ao governador Leonel Brizola:<br \/><\/strong><\/em>&nbsp;<\/o:p><\/p>\n<p class=MsoNormal style=\"MARGIN: 0cm 0cm 0pt\">\u00c9 de se lamentar que o jornal \u0093O Globo\u0094 persevere nas suas atitudes antidemocr\u00e1ticas e na fabrica\u00e7\u00e3o de reportagens para atingir a mem\u00f3ria de Leonel Brizola. A manifesta\u00e7\u00e3o de \u0093O Globo\u0094 \u00e9 covarde, irrespons\u00e1vel e jornalisticamente viciada, mesmo porque as organiza\u00e7\u00f5es Globo apoiaram a ditadura, se locupletaram com suas benesses e foram extremamente beneficiadas por ela.<\/p>\n<p class=MsoNormal style=\"MARGIN: 0cm 0cm 0pt\"><o:p>&nbsp;<\/o:p><\/p>\n<p class=MsoNormal style=\"MARGIN: 0cm 0cm 0pt\">\u00c9 inaceit\u00e1vel o abuso e a apropria\u00e7\u00e3o ind\u00e9bita que O Globo faz da liberdade de imprensa em nosso pa\u00eds. \u00c9 absurdo o modo como tergiversa, distorce e desinforma. \u00c9 infame a maneira como disp\u00f5e e joga com os fatos e os acontecimentos.<\/p>\n<p class=MsoNormal style=\"MARGIN: 0cm 0cm 0pt\"><span style=\"mso-spacerun: yes\">&nbsp;<\/span><o:p><\/o:p><\/p>\n<p class=MsoNormal style=\"MARGIN: 0cm 0cm 0pt\">Brizola marcou toda a sua vida e a sua trajet\u00f3ria pol\u00edtica pela honradez, fidelidade e compromisso profundo com o trabalhismo e com as causas hist\u00f3ricas da na\u00e7\u00e3o brasileira. Brizola est\u00e1 muito acima da pequenez jornal\u00edstica e editorial de O Globo.<o:p><\/o:p><\/p>\n<p class=MsoNormal style=\"MARGIN: 0cm 0cm 0pt\"><o:p>&nbsp;<\/o:p><\/p>\n<p class=MsoNormal style=\"MARGIN: 0cm 0cm 0pt\">As mat\u00e9rias publicadas pelo jornal acabam por representar o maior atestado de ilegitimidade de um \u00f3rg\u00e3o de imprensa que insiste em ser o paladino da democracia, sem ter a menor autoridade para isso.<o:p><\/o:p><\/p>\n<p class=MsoNormal style=\"MARGIN: 0cm 0cm 0pt\"><o:p>&nbsp;<\/o:p><\/p>\n<p class=MsoNormal style=\"MARGIN: 0cm 0cm 0pt\">Estamos convencidos que os leitores de \u0093O Globo\u0094 saber\u00e3o compreender, julgar e condenar os prop\u00f3sitos inconfess\u00e1veis dos corruptos e falsificadores de sempre.<o:p><\/o:p><\/p>\n<p class=MsoNormal style=\"MARGIN: 0cm 0cm 0pt\"><span style=\"mso-spacerun: yes\">&nbsp;<\/span><o:p><\/o:p><\/p>\n<p class=MsoNormal style=\"MARGIN: 0cm 0cm 0pt\"><strong><em>Deputado Paulo Ramos, l\u00edder do PDT na Alerj<\/em><\/strong>&nbsp;<\/p>\n<p><\/font><\/p>\n<!-- AddThis Advanced Settings generic via filter on the_content --><!-- AddThis Share Buttons generic via filter on the_content -->","protected":false},"excerpt":{"rendered":"<p>O L\u00edder do PDT na Assembl\u00e9ia Legislativa do Rio de Janeiro, deputado Paulo Ramos, divulgou a seguinte nota a respeito das mat\u00e9rias publicadas no jornal &#8220;O Globo&#8221; fazendo acusa\u00e7\u00f5es ao governador Leonel Brizola:&nbsp; \u00c9 de se lamentar que o jornal \u0093O Globo\u0094 persevere nas suas atitudes antidemocr\u00e1ticas e na fabrica\u00e7\u00e3o de reportagens para atingir a&#8230;<!-- AddThis Advanced Settings generic via filter on wp_trim_excerpt --><!-- AddThis Share Buttons generic via filter on wp_trim_excerpt --><\/p>\n","protected":false},"author":17,"featured_media":0,"comment_status":"closed","ping_status":"open","sticky":false,"template":"","format":"standard","meta":{"_monsterinsights_skip_tracking":false,"_monsterinsights_sitenote_active":false,"_monsterinsights_sitenote_note":"","_monsterinsights_sitenote_category":0,"_uf_show_specific_survey":0,"_uf_disable_surveys":false,"footnotes":""},"categories":[976],"tags":[],"class_list":["post-19831","post","type-post","status-publish","format-standard","hentry","category-noticias-em-destaque"],"acf":[],"_links":{"self":[{"href":"https:\/\/pdt-rj.org.br\/index.php\/wp-json\/wp\/v2\/posts\/19831","targetHints":{"allow":["GET"]}}],"collection":[{"href":"https:\/\/pdt-rj.org.br\/index.php\/wp-json\/wp\/v2\/posts"}],"about":[{"href":"https:\/\/pdt-rj.org.br\/index.php\/wp-json\/wp\/v2\/types\/post"}],"author":[{"embeddable":true,"href":"https:\/\/pdt-rj.org.br\/index.php\/wp-json\/wp\/v2\/users\/17"}],"replies":[{"embeddable":true,"href":"https:\/\/pdt-rj.org.br\/index.php\/wp-json\/wp\/v2\/comments?post=19831"}],"version-history":[{"count":1,"href":"https:\/\/pdt-rj.org.br\/index.php\/wp-json\/wp\/v2\/posts\/19831\/revisions"}],"predecessor-version":[{"id":56729,"href":"https:\/\/pdt-rj.org.br\/index.php\/wp-json\/wp\/v2\/posts\/19831\/revisions\/56729"}],"wp:attachment":[{"href":"https:\/\/pdt-rj.org.br\/index.php\/wp-json\/wp\/v2\/media?parent=19831"}],"wp:term":[{"taxonomy":"category","embeddable":true,"href":"https:\/\/pdt-rj.org.br\/index.php\/wp-json\/wp\/v2\/categories?post=19831"},{"taxonomy":"post_tag","embeddable":true,"href":"https:\/\/pdt-rj.org.br\/index.php\/wp-json\/wp\/v2\/tags?post=19831"}],"curies":[{"name":"wp","href":"https:\/\/api.w.org\/{rel}","templated":true}]}}