{"id":19830,"date":"2009-03-31T00:00:00","date_gmt":"2009-03-31T00:00:00","guid":{"rendered":"http:\/\/www.malungo2.com.br\/pdt\/index.php\/brizola-neto-rebate-ataques-do-globo"},"modified":"2017-10-26T09:08:44","modified_gmt":"2017-10-26T11:08:44","slug":"brizola-neto-rebate-ataques-do-globo","status":"publish","type":"post","link":"https:\/\/pdt-rj.org.br\/index.php\/brizola-neto-rebate-ataques-do-globo\/","title":{"rendered":"Brizola Neto rebate ataques do &quot;Globo&quot;"},"content":{"rendered":"<p>O l\u00edder do PDT, deputado Brizola Neto (RJ) acusou em Plen\u00e1rio o jornal O Globo de tentar manchar a honra do seu av\u00f4, o ex-governador Leonel Brizola, em uma s\u00e9rie de reportagens publicadas sobre arquivos do regime militar.&nbsp;<\/p>\n<p>Para o deputado, as acusa\u00e7\u00f5es foram feitas de forma \u0093covarde e desonesta\u0094, porque al\u00e9m de n\u00e3o existirem provas, Brizola, que morreu em 21 de junho de 2004, est\u00e1 impossibilitado de se defender. \u0093\u00c9 emblem\u00e1tico que esses ataques ocorram justo na passagem dos 45 anos do golpe militar que envergonhou o Brasil\u0094, lembrou Brizola Neto. <\/p>\n<p>Entre outras coisas, O Globo aponta, com base em relat\u00f3rios do antigo Servi\u00e7o Nacional de Informa\u00e7\u00f5es (SNI), que Leonel Brizola teria montado um esquema de caixa dois com dinheiro de empresas e do jogo do bicho, na d\u00e9cada de 80, quando era governador do Rio. \u0093Infelizmente, temos que chafurdar na lama quando o assunto \u00e9 a implac\u00e1vel persegui\u00e7\u00e3o a que Leonel Brizola foi submetido pelos \u00f3rg\u00e3os repressivos e de censura, tanto os nativos quanto os internacionais, que agiram sempre em conson\u00e2ncia e mancomunados com os sistemas de TV, r\u00e1dio e imprensa\u0094, disse o l\u00edder pedetista, lembrando que a vida do av\u00f4 foi vasculhada pela ditadura, mas que nada foi encontrado. <\/p>\n<p>O companheiro de bancada, Miro Teixeira (RJ), solidarizou-se com Brizola Neto e declarou que esses documentos do servi\u00e7os de informa\u00e7\u00e3o s\u00f3 t\u00eam valor quando s\u00e3o confiss\u00f5es. \u0093Eu quero ver quais s\u00e3o os pap\u00e9is da ditadura sobre a morte de Zuzu Angel, sobre a morte de Stuart Angel, de Manoel Fiel Filho, de Vladimir Herzog\u0094, disse o deputado. Ele pediu apoio dos pol\u00edticos para que todos os pap\u00e9is do regime militar sejam revelados. <\/p>\n<p>Lideran\u00e7as de outros partidos manifestaram apoio ao neto de Brizola. Rodrigo Rollemberg (PSB-DF) afirmou ser inaceit\u00e1vel a forma como esses documentos da ditadura v\u00eam \u00e0 tona, \u0093procurando atacar a mem\u00f3ria de um l\u00edder respeitado pela sua trajet\u00f3ria pol\u00edtica, como ser\u00e1 sempre o ex-governador Leonel Brizola\u0094. <\/p>\n<p><em>\u00cdntegra do discurso<\/em><\/p>\n<div>&#8220;Eu pe\u00e7o a aten\u00e7\u00e3o dos colegas; senhoras e senhores deputados quero pedir que ou\u00e7am o pronunciamento que farei agora. <\/div>\n<div>&nbsp;<\/div>\n<div>Trata-se da defesa da mem\u00f3ria ultrajada de um her\u00f3i nacional. Trata-se da defesa da honra de Leonel Brizola. &nbsp;A gravidade das acusa\u00e7\u00f5es que lhe imputam de forma covarde e desonesta o jornal O GLOBO, me fazem ter o cuidado de vir a esta tribuna com um discurso escrito, diferente do que sempre fa\u00e7o. &nbsp;\u00c9 emblem\u00e1tico que estes ataques ocorram justo na passagem dos 45 anos do golpe militar que envergonhou o brasil. Na semana do 1\u00ba de abril, o globo revive, de forma nost\u00e1lgica, o cons\u00f3rcio sinistro que lhe deu proje\u00e7\u00e3o em conluio com as oligarquias regionais como m\u00e1quina da propaganda da ditadura, patrocinada por aportes financeiros ilegais do grupo estrangeiro Time-Life. <\/div>\n<div>Desde o \u00faltimo domingo, este jornal, que sempre encetou campanha diuturna e inescrupulosa contra Brizola, volta a atac\u00e1-lo \u0096 de maneira covarde e desonesta \u0096 agora que ele n\u00e3o est\u00e1 mais aqui conosco, portanto impossibilitado de se defender a viva voz das cal\u00fanias e difama\u00e7\u00f5es provenientes dos mais s\u00f3rdidos aparelhos repressivos da ditadura civil e militar. <\/div>\n<div>Eu n\u00e3o irei perder o meu tempo e nem abusar da aten\u00e7\u00e3o dos senhores em retrucar uma por uma as acusa\u00e7\u00f5es desonestas \u0096 porque desprovidas de provas \u0096 que lhe foram dirigidas por uma s\u00e9rie de mat\u00e9rias que envergonha o jornalismo brasileiro. <\/div>\n<div>O que a mim cabe ressaltar com indigna\u00e7\u00e3o, nesta tribuna, \u00e9 a necessidade que a direita mais reacion\u00e1ria ainda tem de injuriar postumamente a mem\u00f3ria de Leonel Brizola. A direita corrupta e entreguista, que implantou uma ditadura e defendeu abertamente ou foi c\u00famplice dos crimes de lesa humanidade. <\/div>\n<div>&nbsp;<\/div>\n<div><strong>\u0093Nesta cretina e encomendada reportagem<\/strong><\/div>\n<div><strong>&nbsp;os organismos da repress\u00e3o pol\u00edtica s\u00e3o<\/strong><\/div>\n<div><strong>&nbsp;convertidos em or\u00e1culos da verdade\u0094<\/strong><\/div>\n<div>O que me infunde irac\u00fandia, para usar a palavra de que tanto gostava o saudoso Darcy Ribeiro, \u00e9 verificar que nesta cretina e encomendada reportagem os organismos da repress\u00e3o pol\u00edtica s\u00e3o convertidos em or\u00e1culos da verdade.<\/div>\n<div>Infelizmente temos de chafurdar na lama quando o assunto \u00e9 a implac\u00e1vel persegui\u00e7\u00e3o a que meu av\u00f4 Leonel Brizola foi submetido pelos \u00f3rg\u00e3os repressivos e de censura, tanto os nativos quanto os internacionais, que agiram sempre em conson\u00e2ncia e mancomunados com os sistemas de tv, r\u00e1dio e imprensa. <\/div>\n<div>Antes e depois da abertura, antes depois de seu longo e prolongado ex\u00edlio, antes e depois da anistia, vasculharam-lhe de ponta a ponta sua atividade pol\u00edtica e administrativa, viraram ao avesso inclusive a esfera mais \u00edntima de sua vida familiar. E, pasmem senhores, nada, absolutamente nada encontraram, nenhuma n\u00f3doa, nenhum deslize que fosse, nada que desabonasse sua probidade pessoal e p\u00fablica, desde quando come\u00e7ou sua milit\u00e2ncia pol\u00edtica no Rio Grande do Sul de 1945, tendo por mestre e guia Get\u00falio Vargas, que lhe indicou o \u00e1rduo e tumultuado caminho da defesa dos interesses nacionais contra a sanha das oligarquias associadas ao imperialismo. <\/div>\n<div>Ent\u00e3o, senhores deputados, se a classe dominante \u0096 e os seus sinistros aparelhos ideol\u00f3gicos &#8211; \u0096 nada conseguiu encontrar para incrimin\u00e1-lo no trato com a coisa p\u00fablica \u0096 pois se algo porventura tivesse sido encontrado, todos os holofotes da m\u00eddia iriam com j\u00fabilo denunci\u00e1-lo \u0096, se nada ent\u00e3o foi encontrado quando ele era vivo, com certeza tamb\u00e9m n\u00e3o ir\u00e3o agora macular sua biografia. <\/div>\n<div>A verdade \u00e9 que Leonel Brizola n\u00e3o foi um homem p\u00fablico banal e corriqueiro cuja raz\u00e3o de ser fosse meramente administrativa ou que se resumisse a uma infecunda moralidade de que tanto se vangloriou a UDN impatri\u00f3tica. <\/div>\n<div>Leonel Brizola, desde o seu governo no Rio Grande do Sul, esteve na mira da direita porque agiu e tomou atitudes efetivas contra a drenagem internacional das riquezas naturais do pa\u00eds e a superexplora\u00e7\u00e3o do trabalho do povo brasileiro. <\/div>\n<div>Eu n\u00e3o tenho d\u00favidas de que uma p\u00edfia mat\u00e9ria jornal\u00edstica como esta vir a ser estampada na primeira p\u00e1gina, est\u00e1 sendo pautada de fora do jornal, sendo comandada pelo que est\u00e1 acontecendo com a dinastia Jos\u00e9 Sarney l\u00e1 no Maranh\u00e3o. O mesmo Jos\u00e9 Sarney, que agora nas p\u00e1ginas de O Globo posa cinicamente de democrata e defensor da honra de meu av\u00f4, quando na verdade usou de todos os recursos esp\u00farios, financeiros e midi\u00e1ticos, para cortar a cabe\u00e7a pol\u00edtica do ex-governador do Rio de Janeiro. <\/div>\n<div>&nbsp;<\/div>\n<div><strong>\u0093\u00c9 inadmiss\u00edvel em plena vig\u00eancia do regime<\/strong><\/div>\n<div><strong>&nbsp;democr\u00e1tico O Globo regate &nbsp;as suas fontes do tempo<\/strong><\/div>\n<div><strong>&nbsp;do arb\u00edtrio, da censura e do autoritarismo\u0094<\/strong><\/div>\n<div>&nbsp;<\/div>\n<div>Que O Globo funcionou como m\u00e1quina de propaganda da ditadura acobertando em parceria com o Servi\u00e7o Nacional de Informa\u00e7\u00f5es os crimes cometidos pelos \u00f3rg\u00e3os da repress\u00e3o pol\u00edtica \u00e9 por todos sabido. O que \u00e9 inadmiss\u00edvel em plena vig\u00eancia do regime democr\u00e1tico \u00e9 este jornal resgatar as suas fontes do tempo do arb\u00edtrio, da censura e do autoritarismo. <\/div>\n<div>N\u00e3o conseguiram macular a honra de Leonel Brizola em vida, n\u00e3o far\u00e3o depois de sua morte. Viva Leonel Brizola! <\/div>\n<!-- AddThis Advanced Settings generic via filter on the_content --><!-- AddThis Share Buttons generic via filter on the_content -->","protected":false},"excerpt":{"rendered":"<p>O l\u00edder do PDT, deputado Brizola Neto (RJ) acusou em Plen\u00e1rio o jornal O Globo de tentar manchar a honra do seu av\u00f4, o ex-governador Leonel Brizola, em uma s\u00e9rie de reportagens publicadas sobre arquivos do regime militar.&nbsp; Para o deputado, as acusa\u00e7\u00f5es foram feitas de forma \u0093covarde e desonesta\u0094, porque al\u00e9m de n\u00e3o existirem&#8230;<!-- AddThis Advanced Settings generic via filter on wp_trim_excerpt --><!-- AddThis Share Buttons generic via filter on wp_trim_excerpt --><\/p>\n","protected":false},"author":17,"featured_media":0,"comment_status":"closed","ping_status":"open","sticky":false,"template":"","format":"standard","meta":{"_monsterinsights_skip_tracking":false,"_monsterinsights_sitenote_active":false,"_monsterinsights_sitenote_note":"","_monsterinsights_sitenote_category":0,"_uf_show_specific_survey":0,"_uf_disable_surveys":false,"footnotes":""},"categories":[976],"tags":[],"class_list":["post-19830","post","type-post","status-publish","format-standard","hentry","category-noticias-em-destaque"],"acf":[],"_links":{"self":[{"href":"https:\/\/pdt-rj.org.br\/index.php\/wp-json\/wp\/v2\/posts\/19830","targetHints":{"allow":["GET"]}}],"collection":[{"href":"https:\/\/pdt-rj.org.br\/index.php\/wp-json\/wp\/v2\/posts"}],"about":[{"href":"https:\/\/pdt-rj.org.br\/index.php\/wp-json\/wp\/v2\/types\/post"}],"author":[{"embeddable":true,"href":"https:\/\/pdt-rj.org.br\/index.php\/wp-json\/wp\/v2\/users\/17"}],"replies":[{"embeddable":true,"href":"https:\/\/pdt-rj.org.br\/index.php\/wp-json\/wp\/v2\/comments?post=19830"}],"version-history":[{"count":1,"href":"https:\/\/pdt-rj.org.br\/index.php\/wp-json\/wp\/v2\/posts\/19830\/revisions"}],"predecessor-version":[{"id":56734,"href":"https:\/\/pdt-rj.org.br\/index.php\/wp-json\/wp\/v2\/posts\/19830\/revisions\/56734"}],"wp:attachment":[{"href":"https:\/\/pdt-rj.org.br\/index.php\/wp-json\/wp\/v2\/media?parent=19830"}],"wp:term":[{"taxonomy":"category","embeddable":true,"href":"https:\/\/pdt-rj.org.br\/index.php\/wp-json\/wp\/v2\/categories?post=19830"},{"taxonomy":"post_tag","embeddable":true,"href":"https:\/\/pdt-rj.org.br\/index.php\/wp-json\/wp\/v2\/tags?post=19830"}],"curies":[{"name":"wp","href":"https:\/\/api.w.org\/{rel}","templated":true}]}}