{"id":19820,"date":"2009-03-26T00:00:00","date_gmt":"2009-03-26T00:00:00","guid":{"rendered":"http:\/\/www.malungo2.com.br\/pdt\/index.php\/nota-oficial-da-executiva-nacional-do-pdt-2"},"modified":"2017-10-26T09:08:45","modified_gmt":"2017-10-26T11:08:45","slug":"nota-oficial-da-executiva-nacional-do-12-2","status":"publish","type":"post","link":"https:\/\/pdt-rj.org.br\/index.php\/nota-oficial-da-executiva-nacional-do-12-2\/","title":{"rendered":"Nota Oficial da Executiva Nacional do PDT"},"content":{"rendered":"<p><strong>NOTA OFICIAL<br \/><\/strong>&nbsp;<br \/>&nbsp;<br \/>A Executiva Nacional do Partido Democr\u00e1tico Trabalhista (PDT), diante das not\u00edcias de que teria recebido doa\u00e7\u00f5es ilegais da empreiteira Camargo Corr\u00eaa &#8212; alvo da opera\u00e7\u00e3o \u0093Castelo de Areia\u0094 da Pol\u00edcia Federal \u0096 esclarece que a referida empreiteira, no dia 28 de agosto de 2008, fez uma doa\u00e7\u00e3o legal, contabilizada e de acordo com as leis vigentes no pa\u00eds, para o Diret\u00f3rio estadual do PDT de S\u00e3o Paulo, segundo recibo anexo.<br \/>&nbsp;<br \/>A Dire\u00e7\u00e3o Nacional do PDT, ao prestar esse esclarecimento, repudia&nbsp;insinua\u00e7\u00f5es e not\u00edcias inver\u00eddicas de que o partido tenha cometido irregularidade &#8211; preocupada em preservar, diante da opini\u00e3o p\u00fablica,&nbsp;suas hist\u00f3ricas coer\u00eancia e honestidade.<br \/>&nbsp;<br \/>&nbsp;<br \/>&nbsp;<br \/>Bras\u00edlia, 26 de mar\u00e7o de 2009.<br \/>&nbsp;<br \/>&nbsp;<br \/><strong>Executiva Nacional do PDT<\/strong><\/p>\n<p><a href=\"\/docs\/Digitalizar0001.gif\" target=_blank><strong>Veja o recibo da doa\u00e7\u00e3o da Camargo Corr\u00eaa ao PDT-SP<\/strong><\/a><\/p>\n<!-- AddThis Advanced Settings generic via filter on the_content --><!-- AddThis Share Buttons generic via filter on the_content -->","protected":false},"excerpt":{"rendered":"<p>NOTA OFICIAL&nbsp;&nbsp;A Executiva Nacional do Partido Democr\u00e1tico Trabalhista (PDT), diante das not\u00edcias de que teria recebido doa\u00e7\u00f5es ilegais da empreiteira Camargo Corr\u00eaa &#8212; alvo da opera\u00e7\u00e3o \u0093Castelo de Areia\u0094 da Pol\u00edcia Federal \u0096 esclarece que a referida empreiteira, no dia 28 de agosto de 2008, fez uma doa\u00e7\u00e3o legal, contabilizada e de acordo com as&#8230;<!-- AddThis Advanced Settings generic via filter on wp_trim_excerpt --><!-- AddThis Share Buttons generic via filter on wp_trim_excerpt --><\/p>\n","protected":false},"author":17,"featured_media":0,"comment_status":"closed","ping_status":"open","sticky":false,"template":"","format":"standard","meta":{"_monsterinsights_skip_tracking":false,"_monsterinsights_sitenote_active":false,"_monsterinsights_sitenote_note":"","_monsterinsights_sitenote_category":0,"_uf_show_specific_survey":0,"_uf_disable_surveys":false,"footnotes":""},"categories":[976],"tags":[],"class_list":["post-19820","post","type-post","status-publish","format-standard","hentry","category-noticias-em-destaque"],"acf":[],"_links":{"self":[{"href":"https:\/\/pdt-rj.org.br\/index.php\/wp-json\/wp\/v2\/posts\/19820","targetHints":{"allow":["GET"]}}],"collection":[{"href":"https:\/\/pdt-rj.org.br\/index.php\/wp-json\/wp\/v2\/posts"}],"about":[{"href":"https:\/\/pdt-rj.org.br\/index.php\/wp-json\/wp\/v2\/types\/post"}],"author":[{"embeddable":true,"href":"https:\/\/pdt-rj.org.br\/index.php\/wp-json\/wp\/v2\/users\/17"}],"replies":[{"embeddable":true,"href":"https:\/\/pdt-rj.org.br\/index.php\/wp-json\/wp\/v2\/comments?post=19820"}],"version-history":[{"count":1,"href":"https:\/\/pdt-rj.org.br\/index.php\/wp-json\/wp\/v2\/posts\/19820\/revisions"}],"predecessor-version":[{"id":56744,"href":"https:\/\/pdt-rj.org.br\/index.php\/wp-json\/wp\/v2\/posts\/19820\/revisions\/56744"}],"wp:attachment":[{"href":"https:\/\/pdt-rj.org.br\/index.php\/wp-json\/wp\/v2\/media?parent=19820"}],"wp:term":[{"taxonomy":"category","embeddable":true,"href":"https:\/\/pdt-rj.org.br\/index.php\/wp-json\/wp\/v2\/categories?post=19820"},{"taxonomy":"post_tag","embeddable":true,"href":"https:\/\/pdt-rj.org.br\/index.php\/wp-json\/wp\/v2\/tags?post=19820"}],"curies":[{"name":"wp","href":"https:\/\/api.w.org\/{rel}","templated":true}]}}