{"id":19816,"date":"2009-03-25T00:00:00","date_gmt":"2009-03-25T00:00:00","guid":{"rendered":"http:\/\/www.malungo2.com.br\/pdt\/index.php\/conselho-destina-12-bilhoes-para-plano-de-habitacao"},"modified":"2017-10-26T09:08:45","modified_gmt":"2017-10-26T11:08:45","slug":"conselho-destina-12-bilhoes-para-plano-de-habitacao","status":"publish","type":"post","link":"https:\/\/pdt-rj.org.br\/index.php\/conselho-destina-12-bilhoes-para-plano-de-habitacao\/","title":{"rendered":"Conselho destina 12 bilh\u00f5es para plano de habita\u00e7\u00e3o"},"content":{"rendered":"<p><em>Al\u00e9m do recurso para habita\u00e7\u00e3o o Conselho aprovou ainda R$ 3 bilh\u00f5es para o setor de saneamento e R$ 1 bilh\u00e3o para a renova\u00e7\u00e3o da frota de \u00f4nibus por meio do Pr\u00f3-Transporte<\/em>&nbsp;<\/p>\n<p>Numa decis\u00e3o hist\u00f3rica o Conselho Curador do Fundo de Garantia do Tempo de Servi\u00e7o (CCFGTS) aprovou hoje um or\u00e7amento para desconto em financiamentos a pessoas fisicas que pode chegar a R$ 12 bilh\u00f5es at\u00e9 2011, a ser aplicado em subs\u00eddio \u00e0 compra da casa pr\u00f3pria para fam\u00edlias de baixa renda. S\u00f3 para este ano ser\u00e3o R$ 4 bilh\u00f5es. O an\u00fancio foi feito hoje pelo ministro do Trabalho e Emprego, Carlos Lupi, ap\u00f3s presidir reuni\u00e3o extraordin\u00e1ria do Conselho. <\/p>\n<p>&#8220;O presidente vai lan\u00e7ar o programa habitacional, destinado a fam\u00edlias de baixa renda. Dentro do pacote, o FGTS aprovou uma amplia\u00e7\u00e3o do or\u00e7amento para R$ 4 bilh\u00f5es em 2009, destinado a fam\u00edlias que ganham acima de tr\u00eas sal\u00e1rios-m\u00ednimos. Esse recurso vai possibilitar que a constru\u00e7\u00e3o de um milh\u00e3o de casas gere 532 mil novos postos de trabalho. Os detalhes do pacote ser\u00e3o apresentados amanh\u00e3 pelo presidente Lula&#8221;, disse o ministro. <\/p>\n<p>Al\u00e9m do recurso para habita\u00e7\u00e3o o Conselho aprovou ainda R$ 3 bilh\u00f5es para o setor de saneamento e R$ 1 bilh\u00e3o para a renova\u00e7\u00e3o da frota de \u00f4nibus por meio do Pr\u00f3-Transporte. <\/p>\n<p>O recurso tem como foco as empresas de saneamento do pa\u00eds e de acordo com estudos do Conselho pelo menos 11 companhias j\u00e1 apresentam condi\u00e7\u00f5es de pleitear recursos ao Fundo. <\/p>\n<p>A linha de financiamento para saneamento foi debatida no Semin\u00e1rio de Reestrutura\u00e7\u00e3o do Setor, promovido pelo FGTS em novembro de 2008, onde ficou definido uma amplia\u00e7\u00e3o das companhias de saneamento com capacidade de receber recursos do Fundo em condi\u00e7\u00f5es sustent\u00e1veis de retorno para tornar acess\u00edvel a toda popula\u00e7\u00e3o o acesso a \u00e1gua, a coleta e tratamento de esgoto no pa\u00eds. &#8221; <\/p>\n<p>O FGTS j\u00e1 havia aprovado em 2009 um total de R$11,8 bilh\u00f5es para o financiamento habitacional, sendo R$ 1,6 bi para o subs\u00eddio a baixa renda. <\/p>\n<p>O setor de saneamento j\u00e1 havia recebido R$ 4,6 bilh\u00f5es. Com o novo aporte, esse valor chega a R$ 7,6 bilh\u00f5es em 2009. O recurso da linha de financiamento do Pr\u00f3-Transporte \u00e9 voltado para a amplia\u00e7\u00e3o da infraestrutura de transporte coletivo, atendendo prioritariamente a renova\u00e7\u00e3o de frota de \u00f4nibus. &#8220;Este montante vai dar um grande al\u00edvio na \u00e1rea de transporte urbano, hoje uma necessidade urgente&#8221;, assegurou Lupi. <\/p>\n<p>Para o ministro, os resultados financeiros de 2008 e nos primeiros meses de 2009 mostram que o FGTS mant\u00e9m boa sa\u00fade financeira e a amplia\u00e7\u00e3o de recursos n\u00e3o trar\u00e1 desequil\u00edbrio ao Fundo. &#8220;O FGTS tem sa\u00fade financeira forte. Administramos um patrim\u00f4nio de R$ 200 bilh\u00f5es que deve ser revertido para beneficiar os trabalhadores&#8221;, assegurou. <\/p>\n<!-- AddThis Advanced Settings generic via filter on the_content --><!-- AddThis Share Buttons generic via filter on the_content -->","protected":false},"excerpt":{"rendered":"<p>Al\u00e9m do recurso para habita\u00e7\u00e3o o Conselho aprovou ainda R$ 3 bilh\u00f5es para o setor de saneamento e R$ 1 bilh\u00e3o para a renova\u00e7\u00e3o da frota de \u00f4nibus por meio do Pr\u00f3-Transporte&nbsp; Numa decis\u00e3o hist\u00f3rica o Conselho Curador do Fundo de Garantia do Tempo de Servi\u00e7o (CCFGTS) aprovou hoje um or\u00e7amento para desconto em financiamentos&#8230;<!-- AddThis Advanced Settings generic via filter on wp_trim_excerpt --><!-- AddThis Share Buttons generic via filter on wp_trim_excerpt --><\/p>\n","protected":false},"author":17,"featured_media":0,"comment_status":"closed","ping_status":"open","sticky":false,"template":"","format":"standard","meta":{"_monsterinsights_skip_tracking":false,"_monsterinsights_sitenote_active":false,"_monsterinsights_sitenote_note":"","_monsterinsights_sitenote_category":0,"_uf_show_specific_survey":0,"_uf_disable_surveys":false,"footnotes":""},"categories":[976],"tags":[],"class_list":["post-19816","post","type-post","status-publish","format-standard","hentry","category-noticias-em-destaque"],"acf":[],"_links":{"self":[{"href":"https:\/\/pdt-rj.org.br\/index.php\/wp-json\/wp\/v2\/posts\/19816","targetHints":{"allow":["GET"]}}],"collection":[{"href":"https:\/\/pdt-rj.org.br\/index.php\/wp-json\/wp\/v2\/posts"}],"about":[{"href":"https:\/\/pdt-rj.org.br\/index.php\/wp-json\/wp\/v2\/types\/post"}],"author":[{"embeddable":true,"href":"https:\/\/pdt-rj.org.br\/index.php\/wp-json\/wp\/v2\/users\/17"}],"replies":[{"embeddable":true,"href":"https:\/\/pdt-rj.org.br\/index.php\/wp-json\/wp\/v2\/comments?post=19816"}],"version-history":[{"count":1,"href":"https:\/\/pdt-rj.org.br\/index.php\/wp-json\/wp\/v2\/posts\/19816\/revisions"}],"predecessor-version":[{"id":56745,"href":"https:\/\/pdt-rj.org.br\/index.php\/wp-json\/wp\/v2\/posts\/19816\/revisions\/56745"}],"wp:attachment":[{"href":"https:\/\/pdt-rj.org.br\/index.php\/wp-json\/wp\/v2\/media?parent=19816"}],"wp:term":[{"taxonomy":"category","embeddable":true,"href":"https:\/\/pdt-rj.org.br\/index.php\/wp-json\/wp\/v2\/categories?post=19816"},{"taxonomy":"post_tag","embeddable":true,"href":"https:\/\/pdt-rj.org.br\/index.php\/wp-json\/wp\/v2\/tags?post=19816"}],"curies":[{"name":"wp","href":"https:\/\/api.w.org\/{rel}","templated":true}]}}