{"id":19762,"date":"2009-04-08T00:00:00","date_gmt":"2009-04-08T00:00:00","guid":{"rendered":"http:\/\/www.malungo2.com.br\/pdt\/index.php\/leite-filho-lanca-el-caudillo-em-campinas-dia-234"},"modified":"2017-10-26T09:08:42","modified_gmt":"2017-10-26T11:08:42","slug":"leite-filho-lanca-el-caudillo-em-campinas-dia-234","status":"publish","type":"post","link":"https:\/\/pdt-rj.org.br\/index.php\/leite-filho-lanca-el-caudillo-em-campinas-dia-234\/","title":{"rendered":"Leite Filho lan\u00e7a &quot;El Caudillo&quot; em Campinas, dia 23\/4"},"content":{"rendered":"<p><font class=text><\/p>\n<p class=MsoNoSpacing style=\"MARGIN: 0cm 0cm 0pt\">O livro &#8220;El Caudillo Leonel Brizola, um perfil biogr\u00e1fico&#8221;, do jornalista FC Leite Filho, publicado pela Editora Aquariana, ser\u00e1 lan\u00e7ado em Campinas (SP) no pr\u00f3ximo dia 23\/04, uma quinta-feira, \u00e0s 19 horas, no I Festival Internacional da Leitura de Campinas (FILC), na Esta\u00e7\u00e3o Guanabara, na Rua M\u00e1rio Siqueira, 829, Jardim Guanabara.<\/p>\n<p class=MsoNoSpacing style=\"MARGIN: 0cm 0cm 0pt\">\u0093El Caudillo\u0094 j\u00e1 foi lan\u00e7ado em Porto Alegre, Rio de Janeiro,<span style=\"mso-spacerun: yes\">&nbsp; <\/span>Bras\u00edlia, S\u00e3o Paulo, Belo Horizonte, Fortaleza e Teresina; e agora chega a Campina na sua segunda reimpress\u00e3o. <span style=\"mso-spacerun: yes\">&nbsp;<\/span>S\u00e3o 544 p\u00e1ginas e tr\u00eas galerias de fotos, a partir de farta documenta\u00e7\u00e3o e depoimentos de 50 testemunhos, abordando o itiner\u00e1rio pol\u00edtico de Leonel de Moura Brizola.<\/p>\n<p class=MsoNoSpacing style=\"MARGIN: 0cm 0cm 0pt\">O I FILC, marcado para a semana de 18 a 26 de abril, \u00e9 uma realiza\u00e7\u00e3o da Prefeitura de Campinas, em colabora\u00e7\u00e3o com a Unicamp.<span style=\"mso-spacerun: yes\">&nbsp; <\/span>Tem como homenageado o escritor Monteiro Lobato e uma programa\u00e7\u00e3o constando de encontros com escritores (os outros convidados s\u00e3o Fernando de Moraes, Moacir Scliar, Afonso Romano de Santana), exposi\u00e7\u00f5es c\u00eanicas e musicais, exibi\u00e7\u00e3o de filmes e palestras com convidados.<\/p>\n<p class=MsoNoSpacing style=\"MARGIN: 0cm 0cm 0pt\">Por mais de 50 anos, Leonel Brizola sacudiu a pol\u00edtica brasileira com um feitio ousado e desafiador. <span style=\"mso-spacerun: yes\">&nbsp;<\/span>Aos 37 anos, surpreende os Estados Unidos desapropriando uma de suas empresas, em Porto Alegre , e aos 39, enfrenta e vence o Ex\u00e9rcito, que vetara a posse do Vice-Presidente Jo\u00e3o Goulart. Tudo a partir de sua mensagem incandescente e uma no\u00e7\u00e3o de estrat\u00e9gia s\u00f3 compar\u00e1vel aos grandes generais da hist\u00f3ria. Brizola, o fundador do PDT, foi um pol\u00edtico de grande vota\u00e7\u00e3o e um gestor arguto que introduziu o moderno planejamento na administra\u00e7\u00e3o p\u00fablica brasileira, quando revolucionou a educa\u00e7\u00e3o.<br \/>&nbsp;<\/p>\n<p class=MsoNoSpacing style=\"MARGIN: 0cm 0cm 0pt\">Por que ele n\u00e3o se elegeu Presidente, em 1989, quando j\u00e1 tinha dado a volta por cima da cassa\u00e7\u00e3o e do ex\u00edlio de 15 anos? \u00c9 o que se prop\u00f5e a relatar e avaliar o rep\u00f3rter e analista pol\u00edtico FC Leite Filho, que conheceu Brizola no Encontro de Lisboa, <span style=\"mso-spacerun: yes\">&nbsp;<\/span>dias antes da anistia, em 1979, quando com ele entabulou uma longa conviv\u00eancia que.<\/p>\n<p class=MsoNoSpacing style=\"MARGIN: 0cm 0cm 0pt\"><span style=\"mso-spacerun: yes\">&nbsp;<\/span>\u00c9 desta aproxima\u00e7\u00e3o e do material que colheu em viagens pelo Rio Grande, Uruguai, Argentina, Lisboa, Paris, Nova York e Washington (Biblioteca do Congresso Americano), que o autor tenta enfocar os altos e baixos do \u00faltimo dos grandes caudilhos sul-americanos.<br \/>&nbsp;<\/p>\n<p class=MsoNoSpacing style=\"MARGIN: 0cm 0cm 0pt\">Diz o pref\u00e1cio do jornalista e ex-deputado Neiva Moreira, de 90 anos, secret\u00e1rio-geral da Frente Parlamentar Nacionalista (1964) e um dos bra\u00e7os-direitos de Brizola:<br \/>&nbsp;<\/p>\n<p class=MsoNoSpacing style=\"MARGIN: 0cm 0cm 0pt\">&#8220;Aqui se retrata a longa e acidentada a\u00e7\u00e3o pol\u00edtica e social e os pequenos e grandes fatos da vida deste brasileiro, com quem convivi por mais de 40 anos, tanto nos momentos de gl\u00f3ria como nos de opr\u00f3brio.&#8221;<span style=\"mso-spacerun: yes\">&nbsp; <\/span>O livro tem o formato de 16 X 23, com 544 p\u00e1ginas e custa R$ 60,00.<\/p>\n<p>Sobre o autor: Francisco das Chagas Leite Filho, rep\u00f3rter e analista pol\u00edtico, nasceu em Sobral \u0096 Cear\u00e1, em 1947. L\u00e1 fez seus primeiros estudos e come\u00e7ou no jornalismo, atrav\u00e9s do r\u00e1dio, aos 14 anos. Aos 18, seguiu para Fortaleza, onde, tamb\u00e9m atuando no radiojornalismo, terminou o segundo grau e fez o primeiro ano de jornalismo na Universidade Federal do Cear\u00e1 &#8211; UFC. Mudou-se em seguida para Bras\u00edlia. A\u00ed residindo, desde 1968, e onde terminou seu curso na UnB, em 1970, militou nos principais jornais &#8211; Correio Braziliense, Di\u00e1rio Popular (SP), Estado de Minas, Jornal do Brasil, Correio do Povo(RS), O Globo e Folha de S. Paulo. Come\u00e7ou na reportagem de cidade, depois cobriu Educa\u00e7\u00e3o, de onde foi deslocado, em 1974, para a cobertura do Congresso e Poder Executivo. Entre 1977-78, atuou como correspondente do Correio Braziliense, em Londres. Da\u00ed para c\u00e1, vem alternando sua atua\u00e7\u00e3o na m\u00eddia p\u00fablica e privada, sendo atualmente analista pol\u00edtico e assessor de imprensa na Lideran\u00e7a do PDT, C\u00e2mara dos Deputados. Desde 2007, edita o blog Cef\u00e1 na Pol\u00edtica.<\/p>\n<p class=MsoNoSpacing style=\"MARGIN: 0cm 0cm 0pt\">&nbsp;<\/p>\n<p class=MsoNoSpacing style=\"MARGIN: 0cm 0cm 0pt\">Leonel, um brasileiro&nbsp; | Coment\u00e1rio de Gilberto Vasconcelos na &#8220;Caros Amigos&#8221;&nbsp; | Brizola sem retoques, revista Carta Capital&nbsp; | El \u00daltimo Caudillo Brasile\u00f1o&nbsp; | Entrevista a Paulo Henrique Amorim | Site do Festival Internacional da Cultura de Campinas &#8211; FILC | <\/p>\n<p><\/font><\/p>\n<!-- AddThis Advanced Settings generic via filter on the_content --><!-- AddThis Share Buttons generic via filter on the_content -->","protected":false},"excerpt":{"rendered":"<p>O livro &#8220;El Caudillo Leonel Brizola, um perfil biogr\u00e1fico&#8221;, do jornalista FC Leite Filho, publicado pela Editora Aquariana, ser\u00e1 lan\u00e7ado em Campinas (SP) no pr\u00f3ximo dia 23\/04, uma quinta-feira, \u00e0s 19 horas, no I Festival Internacional da Leitura de Campinas (FILC), na Esta\u00e7\u00e3o Guanabara, na Rua M\u00e1rio Siqueira, 829, Jardim Guanabara. \u0093El Caudillo\u0094 j\u00e1 foi&#8230;<!-- AddThis Advanced Settings generic via filter on wp_trim_excerpt --><!-- AddThis Share Buttons generic via filter on wp_trim_excerpt --><\/p>\n","protected":false},"author":17,"featured_media":0,"comment_status":"closed","ping_status":"open","sticky":false,"template":"","format":"standard","meta":{"_monsterinsights_skip_tracking":false,"_monsterinsights_sitenote_active":false,"_monsterinsights_sitenote_note":"","_monsterinsights_sitenote_category":0,"_uf_show_specific_survey":0,"_uf_disable_surveys":false,"footnotes":""},"categories":[976],"tags":[],"class_list":["post-19762","post","type-post","status-publish","format-standard","hentry","category-noticias-em-destaque"],"acf":[],"_links":{"self":[{"href":"https:\/\/pdt-rj.org.br\/index.php\/wp-json\/wp\/v2\/posts\/19762","targetHints":{"allow":["GET"]}}],"collection":[{"href":"https:\/\/pdt-rj.org.br\/index.php\/wp-json\/wp\/v2\/posts"}],"about":[{"href":"https:\/\/pdt-rj.org.br\/index.php\/wp-json\/wp\/v2\/types\/post"}],"author":[{"embeddable":true,"href":"https:\/\/pdt-rj.org.br\/index.php\/wp-json\/wp\/v2\/users\/17"}],"replies":[{"embeddable":true,"href":"https:\/\/pdt-rj.org.br\/index.php\/wp-json\/wp\/v2\/comments?post=19762"}],"version-history":[{"count":1,"href":"https:\/\/pdt-rj.org.br\/index.php\/wp-json\/wp\/v2\/posts\/19762\/revisions"}],"predecessor-version":[{"id":56721,"href":"https:\/\/pdt-rj.org.br\/index.php\/wp-json\/wp\/v2\/posts\/19762\/revisions\/56721"}],"wp:attachment":[{"href":"https:\/\/pdt-rj.org.br\/index.php\/wp-json\/wp\/v2\/media?parent=19762"}],"wp:term":[{"taxonomy":"category","embeddable":true,"href":"https:\/\/pdt-rj.org.br\/index.php\/wp-json\/wp\/v2\/categories?post=19762"},{"taxonomy":"post_tag","embeddable":true,"href":"https:\/\/pdt-rj.org.br\/index.php\/wp-json\/wp\/v2\/tags?post=19762"}],"curies":[{"name":"wp","href":"https:\/\/api.w.org\/{rel}","templated":true}]}}