{"id":19740,"date":"2009-01-15T00:00:00","date_gmt":"2009-01-15T00:00:00","guid":{"rendered":"http:\/\/www.malungo2.com.br\/pdt\/index.php\/lupi-empresas-nao-podem-usar-crise-para-demitir"},"modified":"2017-10-26T09:09:04","modified_gmt":"2017-10-26T11:09:04","slug":"lupi-empresas-nao-podem-usar-crise-para-demitir","status":"publish","type":"post","link":"https:\/\/pdt-rj.org.br\/index.php\/lupi-empresas-nao-podem-usar-crise-para-demitir\/","title":{"rendered":"Lupi: empresas n\u00e3o podem usar crise para demitir"},"content":{"rendered":"<p><font class=text><\/p>\n<p class=MsoNoSpacing style=\"MARGIN: 0cm 0cm 0pt\"><?xml:namespace prefix = o ns = \"urn:schemas-microsoft-com:office:office\" \/><o:p><\/o:p>&nbsp;<\/p>\n<p class=MsoNoSpacing style=\"MARGIN: 0cm 0cm 0pt\"><o:p>&nbsp;<\/o:p><\/p>\n<p class=MsoNoSpacing style=\"MARGIN: 0cm 0cm 0pt\">O ministro do Trabalho, Carlos Lupi, disse ontem (14\/01) que as empresas n\u00e3o podem usar a crise \u0093para dar uma de esperto\u0094. \u0093Apesar da crise, o saldo [de empregos durante o ano] \u00e9 muito positivo. N\u00e3o podemos pegar uma empresa e dizer que ela teve preju\u00edzo em dezembro, mas, e at\u00e9 novembro, esquece? N\u00e3o \u00e9 assim a vida, e n\u00e3o podemos aproveitar a crise para, em cima da crise, fazer um jogo de esperto\u0094, afirmou.<\/p>\n<p class=MsoNoSpacing style=\"MARGIN: 0cm 0cm 0pt\"><o:p>&nbsp;<\/o:p><\/p>\n<p class=MsoNoSpacing style=\"MARGIN: 0cm 0cm 0pt\">Lupi reiterou que as empresas que n\u00e3o derem garantia de que ir\u00e3o manter o emprego dos trabalhadores n\u00e3o ter\u00e3o mais acesso a empr\u00e9stimos com recursos do Fundo de Garantia por Tempo de Servi\u00e7o (FGTS) e do Fundo de Amparo ao Trabalhador (FAT).<\/p>\n<p class=MsoNoSpacing style=\"MARGIN: 0cm 0cm 0pt\"><o:p>&nbsp;<\/o:p><\/p>\n<p class=MsoNoSpacing style=\"MARGIN: 0cm 0cm 0pt\">\u0093As libera\u00e7\u00f5es de recursos que t\u00ednhamos que fazer j\u00e1 foram colocadas. O saldo do FGTS e do FAT est\u00e3o acima da previs\u00e3o, por causa da grande empregabilidade que tivemos em 2008. Agora, aqui no Minist\u00e9rio do Trabalho [empr\u00e9stimos] com recursos do FGTS e do FAT t\u00eam que estar amarrados com a garantia dos empregos. Se n\u00e3o tiver, isso eu garanto, n\u00e3o sai mais um centavo\u0094, afirmou Lupi. O ministro reafirmou que um grupo de trabalho dos Conselhos Deliberativos dos dois fundos acompanhar\u00e3o se as empresas que tomaram financiamento com recursos p\u00fablicos est\u00e3o ou n\u00e3o realizando contrapartidas sociais. <o:p><\/o:p><\/p>\n<p class=MsoNoSpacing style=\"MARGIN: 0cm 0cm 0pt\"><o:p>&nbsp;<\/o:p><\/p>\n<p class=MsoNoSpacing style=\"MARGIN: 0cm 0cm 0pt\">Esse monitoramento ser\u00e1 feito, de acordo com Lupi, por meio do cruzamento dos dados de empr\u00e9stimo do Banco Nacional de Desenvolvimento Econ\u00f4mico Social (BNDES) e do Cadastro Geral de Empregados e Desempregados (Caged). \u0093Se est\u00e1 recebendo do fundo, como pode estar mandando embora? Para qu\u00ea serve esse dinheiro p\u00fablico? Nossa inten\u00e7\u00e3o, al\u00e9m de ajudar a empresa a passar pela fase de dificuldade, \u00e9 garantir o emprego do trabalhador\u0094, ressaltou o ministro.<o:p><\/o:p><\/p>\n<p class=MsoNoSpacing style=\"MARGIN: 0cm 0cm 0pt\"><o:p>&nbsp;<\/o:p><\/p>\n<p class=MsoNoSpacing style=\"MARGIN: 0cm 0cm 0pt\">Lupi n\u00e3o descartou a possibilidade de aumento do n\u00famero de parcelas do seguro-desemprego em setores com altos \u00edndices de desemprego. \u0093Poder\u00e1 acontecer em \u00e1reas em que o desemprego for maior. Estamos em um momento em que temos que ter muita tranquilidade. Acho que estamos atravessando o pior momento da crise\u0094, avaliou.<o:p><\/o:p><\/p>\n<p class=MsoNoSpacing style=\"MARGIN: 0cm 0cm 0pt\">De acordo Lupi, os dados do Caged ser\u00e3o divulgados na pr\u00f3xima segunda-feira (19) e devem vir, nas palavras do ministro, com n\u00fameros bem maiores do que a m\u00e9dia do m\u00eas de dezembro, que costuma ser de menos de 300 mil postos de trabalho. <o:p><\/o:p><\/p>\n<p class=MsoNoSpacing style=\"MARGIN: 0cm 0cm 0pt\"><o:p>&nbsp;<br \/><strong><em>Fonte: Bras\u00edlia\/Ag\u00eancia Brasil<\/em><\/strong> <\/o:p><\/p>\n<p><\/font><\/p>\n<p><a href=\"http:\/\/oglobo.globo.com\/economia\/miriam\/post.asp?t=quem-se-apavorar-hoje-vai-perder-amanha&amp;cod_Post=153789&amp;a=494\" target=_blank><strong>Lupi irrita Miriam Leit\u00e3o<\/strong><\/a><\/p>\n<!-- AddThis Advanced Settings generic via filter on the_content --><!-- AddThis Share Buttons generic via filter on the_content -->","protected":false},"excerpt":{"rendered":"<p>&nbsp; &nbsp; O ministro do Trabalho, Carlos Lupi, disse ontem (14\/01) que as empresas n\u00e3o podem usar a crise \u0093para dar uma de esperto\u0094. \u0093Apesar da crise, o saldo [de empregos durante o ano] \u00e9 muito positivo. N\u00e3o podemos pegar uma empresa e dizer que ela teve preju\u00edzo em dezembro, mas, e at\u00e9 novembro, esquece?&#8230;<!-- AddThis Advanced Settings generic via filter on wp_trim_excerpt --><!-- AddThis Share Buttons generic via filter on wp_trim_excerpt --><\/p>\n","protected":false},"author":17,"featured_media":0,"comment_status":"closed","ping_status":"open","sticky":false,"template":"","format":"standard","meta":{"_monsterinsights_skip_tracking":false,"_monsterinsights_sitenote_active":false,"_monsterinsights_sitenote_note":"","_monsterinsights_sitenote_category":0,"_uf_show_specific_survey":0,"_uf_disable_surveys":false,"footnotes":""},"categories":[976],"tags":[],"class_list":["post-19740","post","type-post","status-publish","format-standard","hentry","category-noticias-em-destaque"],"acf":[],"_links":{"self":[{"href":"https:\/\/pdt-rj.org.br\/index.php\/wp-json\/wp\/v2\/posts\/19740","targetHints":{"allow":["GET"]}}],"collection":[{"href":"https:\/\/pdt-rj.org.br\/index.php\/wp-json\/wp\/v2\/posts"}],"about":[{"href":"https:\/\/pdt-rj.org.br\/index.php\/wp-json\/wp\/v2\/types\/post"}],"author":[{"embeddable":true,"href":"https:\/\/pdt-rj.org.br\/index.php\/wp-json\/wp\/v2\/users\/17"}],"replies":[{"embeddable":true,"href":"https:\/\/pdt-rj.org.br\/index.php\/wp-json\/wp\/v2\/comments?post=19740"}],"version-history":[{"count":1,"href":"https:\/\/pdt-rj.org.br\/index.php\/wp-json\/wp\/v2\/posts\/19740\/revisions"}],"predecessor-version":[{"id":56932,"href":"https:\/\/pdt-rj.org.br\/index.php\/wp-json\/wp\/v2\/posts\/19740\/revisions\/56932"}],"wp:attachment":[{"href":"https:\/\/pdt-rj.org.br\/index.php\/wp-json\/wp\/v2\/media?parent=19740"}],"wp:term":[{"taxonomy":"category","embeddable":true,"href":"https:\/\/pdt-rj.org.br\/index.php\/wp-json\/wp\/v2\/categories?post=19740"},{"taxonomy":"post_tag","embeddable":true,"href":"https:\/\/pdt-rj.org.br\/index.php\/wp-json\/wp\/v2\/tags?post=19740"}],"curies":[{"name":"wp","href":"https:\/\/api.w.org\/{rel}","templated":true}]}}