{"id":19739,"date":"2009-01-13T00:00:00","date_gmt":"2009-01-13T00:00:00","guid":{"rendered":"http:\/\/www.malungo2.com.br\/pdt\/index.php\/missas-lembram-aniversario-de-brizola"},"modified":"2017-10-26T09:09:04","modified_gmt":"2017-10-26T11:09:04","slug":"missas-lembram-aniversario-de-brizola","status":"publish","type":"post","link":"https:\/\/pdt-rj.org.br\/index.php\/missas-lembram-aniversario-de-brizola\/","title":{"rendered":"Missas lembram anivers\u00e1rio de Brizola"},"content":{"rendered":"<p><em><img decoding=\"async\" height=219 src=\"\/images\/brizola.missa2.22.1.09.jpg\" width=250 align=left border=0>Em Bras\u00edlia&nbsp; foi celebrada uma missa em homenagem a mem\u00f3ria de Leonel Brizola que faria 87 anos no dia 22 de janeiro. A cerim\u00f4nia contou com a presen\u00e7a do ministro do Trablaho, Carlos Lupi, do presidente nacional da legenda e l\u00edder da bancada na C\u00e2mara, Vieira da Cunha, do senador Critovam Buarque, dos deputados Brizola Neto, S\u00e9rgio Brito, Michel Temer, entre outras autoridades, al\u00e9m de membros da juventude Socilaista do PDT,&nbsp; militantes, simpatizantes. O grande l\u00edder tamb\u00e9m foi homenageado no Rio de Janeiro.<br \/><\/em><\/p>\n<div><b><i>Cerim\u00f4nia reuniu autoridades, amigos e familiares na Catedral de Bras\u00edlia<\/i><\/b><\/div>\n<div>&nbsp;<\/div>\n<div>&nbsp;<\/div>\n<div>O ministro do Trabalho e Emprego, Carlos Lupi, presidente nacional licenciado do PDT, participou na manh\u00e3 desta quinta-feira (22\/1) de missa em homenagem aos 87 anos de nascimento de Leonel de Moura Brizola. A cerim\u00f4nia aconteceu na Catedral Metropolitana de Bras\u00edlia, \u00e0s 9h, e reuniu autoridades pol\u00edticas como o senador Cristovam Buarque, os deputados Michel Temer e Vieira da Cunha e, representando a fam\u00edlia, o deputado Brizola Neto. <\/div>\n<div>&nbsp;<\/div>\n<div>Militantes do Partido Democr\u00e1tico Trabalhista (PDT) tamb\u00e9m estiveram presentes. Em mem\u00f3ria ao ex-pol\u00edtico e breve em seu discurso, Lupi citou sua conviv\u00eancia com Brizola e falou da sua dimens\u00e3o n\u00e3o somente como pol\u00edtico, mas como cidad\u00e3o brasileiro. \u0093Ele era um patriota que amava a terra em que vivia\u0094, finalizou. <\/div>\n<div>&nbsp;<\/div>\n<div>Na ocasi\u00e3o da morte de Brizola, em 2004, Lupi assumiu a presid\u00eancia do PDT e, posteriormente, em conven\u00e7\u00e3o nacional do partido, foi confirmado no cargo. Lupi se licenciou para ocupar o Minist\u00e9rio do Trabalho e Emprego, sendo substitu\u00eddo pelo deputado Vieira da Cunha \u0096 presidente em exerc\u00edcio.<\/div>\n<div>&nbsp;<\/div>\n<div>O padre lembrou a origem humilde do pol\u00edtico e da trajet\u00f3ria desse brasileiro que dedicou sua vida em defesa da educa\u00e7\u00e3o e dos trabalhadores. Ressaltou sua contribui\u00e7\u00e3o para o Brasil e convidou os presentes a um momento de reflex\u00e3o para uma prece saudosa pela alma de Brizola. <\/div>\n<div>&nbsp;<\/div>\n<div>Homenagens tamb\u00e9m foram realizadas na Bahia, onde realizou-se sess\u00e3o especial na sede do partido do document\u00e1rio \u0093Tempos de Luta\u0094, no Rio Grande do Sul e no Rio de Janeiro, onde tamb\u00e9m foi rezada missa na Igreja de S\u00e3o Jos\u00e9 e, \u00e0 <img decoding=\"async\" src=\"\/images\/brizola.missa.22.1.09.jpg\" width=200 align=right border=0>noite, na sede nacional da Funda\u00e7\u00e3o Leonel Brizola \u0096 Alberto Pasqualini, se realizou palestra sobre Brizola a cargo do ex-l\u00edder do Governo Goulart na C\u00e2mara Federal, Ney Ortiz Borges \u0096 evento organizado pelo Movimento dos Aposentados e Pensionistas (Mapi), pela se\u00e7\u00e3o fluminense da Funda\u00e7\u00e3o Brizola \u0096 Pasqualini e pela dire\u00e7\u00e3o do PDT-RJ.<\/div>\n<div>&nbsp;<\/div>\n<div>O audit\u00f3rio lotou na palestra e a emo\u00e7\u00e3o esteve presente em todo o evento, sob o comando da presidente do Mapi, Maria Jos\u00e9 Latg\u00e9, e pelo presidente em exerc\u00edcio do PDT-RJ, Jos\u00e9 Bonif\u00e1cio.<\/div>\n<div>&nbsp;<\/div>\n<div>O secret\u00e1rio-geral do PDT-RJ, Carlos Correa, que acumula com a vice-prefeitura de S\u00e3o Jo\u00e3o do Meriti o cargo de Secret\u00e1rio municipal de Educa\u00e7\u00e3o, tamb\u00e9m em celebra\u00e7\u00e3o da data, anunciou a transforma\u00e7\u00e3o para hor\u00e1rio integral das escolas da rede p\u00fablica municipal. O secret\u00e1rio de Educa\u00e7\u00e3o de S. Jo\u00e3o tamb\u00e9m anunciou decis\u00e3o do munic\u00edpio de assumir integralmente o funcionamento dos quatro CIEPs instalados em S\u00e3o Jo\u00e3o ainda no segundo governo de Brizola.<\/div>\n<div>&nbsp;<\/div>\n<div>&nbsp;<\/div>\n<div>Nascido na d\u00e9cada de 20, em Carazinho (RS), Brizola foi um dos pol\u00edticos mais populares do pa\u00eds. Entrou na pol\u00edtica em 1945 e teve seu primeiro mandato federal, em Porto Alegre, onde tamb\u00e9m foi prefeito. Foi presidente da Ala Mo\u00e7a do Partido Trabalhista Brasileiro e governador do Rio Grande do Sul. Como governante no sul construiu mais de 6 mil escolas e mais de 500 Cieps, considerados os melhores centros de ensino do Brasil. No Rio de Janeiro foi governador por duas vezes. Em 1964 teve os direitos pol\u00edticos cassados, foi exilado com o golpe militar e voltou ao Brasil em 1979. Brizola morreu aos 82 anos, no Rio de Janeiro.<\/div>\n<div>&nbsp;<\/div>\n<div><b>Leia mais sobre Leonel Brizola<\/b><\/div>\n<p><a href=\"http:\/\/pdt-rj.org.br\/primeirapagina.asp?id=1399\" target=_blank><strong>&nbsp;No Rio, missa e palestra<\/strong><\/a>.<\/p>\n<!-- AddThis Advanced Settings generic via filter on the_content --><!-- AddThis Share Buttons generic via filter on the_content -->","protected":false},"excerpt":{"rendered":"<p>Em Bras\u00edlia&nbsp; foi celebrada uma missa em homenagem a mem\u00f3ria de Leonel Brizola que faria 87 anos no dia 22 de janeiro. A cerim\u00f4nia contou com a presen\u00e7a do ministro do Trablaho, Carlos Lupi, do presidente nacional da legenda e l\u00edder da bancada na C\u00e2mara, Vieira da Cunha, do senador Critovam Buarque, dos deputados Brizola&#8230;<!-- AddThis Advanced Settings generic via filter on wp_trim_excerpt --><!-- AddThis Share Buttons generic via filter on wp_trim_excerpt --><\/p>\n","protected":false},"author":17,"featured_media":0,"comment_status":"closed","ping_status":"open","sticky":false,"template":"","format":"standard","meta":{"_monsterinsights_skip_tracking":false,"_monsterinsights_sitenote_active":false,"_monsterinsights_sitenote_note":"","_monsterinsights_sitenote_category":0,"_uf_show_specific_survey":0,"_uf_disable_surveys":false,"footnotes":""},"categories":[976],"tags":[],"class_list":["post-19739","post","type-post","status-publish","format-standard","hentry","category-noticias-em-destaque"],"acf":[],"_links":{"self":[{"href":"https:\/\/pdt-rj.org.br\/index.php\/wp-json\/wp\/v2\/posts\/19739","targetHints":{"allow":["GET"]}}],"collection":[{"href":"https:\/\/pdt-rj.org.br\/index.php\/wp-json\/wp\/v2\/posts"}],"about":[{"href":"https:\/\/pdt-rj.org.br\/index.php\/wp-json\/wp\/v2\/types\/post"}],"author":[{"embeddable":true,"href":"https:\/\/pdt-rj.org.br\/index.php\/wp-json\/wp\/v2\/users\/17"}],"replies":[{"embeddable":true,"href":"https:\/\/pdt-rj.org.br\/index.php\/wp-json\/wp\/v2\/comments?post=19739"}],"version-history":[{"count":1,"href":"https:\/\/pdt-rj.org.br\/index.php\/wp-json\/wp\/v2\/posts\/19739\/revisions"}],"predecessor-version":[{"id":56933,"href":"https:\/\/pdt-rj.org.br\/index.php\/wp-json\/wp\/v2\/posts\/19739\/revisions\/56933"}],"wp:attachment":[{"href":"https:\/\/pdt-rj.org.br\/index.php\/wp-json\/wp\/v2\/media?parent=19739"}],"wp:term":[{"taxonomy":"category","embeddable":true,"href":"https:\/\/pdt-rj.org.br\/index.php\/wp-json\/wp\/v2\/categories?post=19739"},{"taxonomy":"post_tag","embeddable":true,"href":"https:\/\/pdt-rj.org.br\/index.php\/wp-json\/wp\/v2\/tags?post=19739"}],"curies":[{"name":"wp","href":"https:\/\/api.w.org\/{rel}","templated":true}]}}