{"id":19738,"date":"2009-01-07T00:00:00","date_gmt":"2009-01-07T00:00:00","guid":{"rendered":"http:\/\/www.malungo2.com.br\/pdt\/index.php\/pdt-oficializa-apoio-a-michel-temer-e-saida-do-bloco"},"modified":"2017-10-26T09:09:04","modified_gmt":"2017-10-26T11:09:04","slug":"12-oficializa-apoio-a-michel-temer-e-saida-do-bloco","status":"publish","type":"post","link":"https:\/\/pdt-rj.org.br\/index.php\/12-oficializa-apoio-a-michel-temer-e-saida-do-bloco\/","title":{"rendered":"PDT oficializa apoio a Michel Temer e sa\u00edda do Bloco"},"content":{"rendered":"<p><img decoding=\"async\" height=195 src=\"\/images\/reuniaotiao.jpg\" width=300 align=left border=0>Reuni\u00e3o da Executiva Nacional do PDT com a bancada de deputados do partido decidiu, por unanimidade, na tarde desta quarta-feira(21) apoiar \u00e0s candidaturas de Michel Temer (PMDB-SP) e Ti\u00e3o Viana (PT-AC) para as presid\u00eancias da C\u00e2mara e do Senado, respectivamente. \u0093Hoje, fazendo uma an\u00e1lise do quadro decidimos apoiar Michel Temer, em quem n\u00f3s encontramos todos os atributos necess\u00e1rios para presidir a C\u00e2mara. Estamos fazendo o melhor para o nosso Parlamento, declarou o l\u00edder do PDT, deputado Vieira da Cunha. O pedetista disse ainda que no Senado a decis\u00e3o de apoiar Ti\u00e3o Viana foi tomada em conjunto com partido h\u00e1 algum tempo.<br \/>O ministro do Trabalho, Carlos Lupi afirmou que essa decis\u00e3o demonstra o partido trabalha pelo equil\u00edbrio da Rep\u00fablica. &#8220;Estamos fechados com a correla\u00e7\u00e3o que garante a democracia: Temer na C\u00e2mara e Ti\u00e3o no Senado,&nbsp;declarou o ministro.<\/p>\n<p>Na ocasi\u00e3o o PDT decidiu tamb\u00e9m pelo fim da sua participa\u00e7\u00e3o no Bloco de Esquerda, o \u0093bloquinho\u0094 na C\u00e2mara, que re\u00fane seis partidos \u0096 PSB,PDT, PCdoB, PMN, PRB. \u0093Nosso desligamento do bloco n\u00e3o significa uma ruptura, n\u00f3s do PDT vamos continuar tendo uma rela\u00e7\u00e3o pol\u00edtica com todos os partidos que integram o bloco, com quem temos afinidades hist\u00f3ricas,\u0094 acrescentou Vieira. <\/p>\n<p>A escolha do novo l\u00edder, a defini\u00e7\u00e3o das comiss\u00f5es e cargos da mesa ser\u00e3o discutidos na pr\u00f3xima semana. <\/p>\n<!-- AddThis Advanced Settings generic via filter on the_content --><!-- AddThis Share Buttons generic via filter on the_content -->","protected":false},"excerpt":{"rendered":"<p>Reuni\u00e3o da Executiva Nacional do PDT com a bancada de deputados do partido decidiu, por unanimidade, na tarde desta quarta-feira(21) apoiar \u00e0s candidaturas de Michel Temer (PMDB-SP) e Ti\u00e3o Viana (PT-AC) para as presid\u00eancias da C\u00e2mara e do Senado, respectivamente. \u0093Hoje, fazendo uma an\u00e1lise do quadro decidimos apoiar Michel Temer, em quem n\u00f3s encontramos todos&#8230;<!-- AddThis Advanced Settings generic via filter on wp_trim_excerpt --><!-- AddThis Share Buttons generic via filter on wp_trim_excerpt --><\/p>\n","protected":false},"author":17,"featured_media":0,"comment_status":"closed","ping_status":"open","sticky":false,"template":"","format":"standard","meta":{"_monsterinsights_skip_tracking":false,"_monsterinsights_sitenote_active":false,"_monsterinsights_sitenote_note":"","_monsterinsights_sitenote_category":0,"_uf_show_specific_survey":0,"_uf_disable_surveys":false,"footnotes":""},"categories":[976],"tags":[],"class_list":["post-19738","post","type-post","status-publish","format-standard","hentry","category-noticias-em-destaque"],"acf":[],"_links":{"self":[{"href":"https:\/\/pdt-rj.org.br\/index.php\/wp-json\/wp\/v2\/posts\/19738","targetHints":{"allow":["GET"]}}],"collection":[{"href":"https:\/\/pdt-rj.org.br\/index.php\/wp-json\/wp\/v2\/posts"}],"about":[{"href":"https:\/\/pdt-rj.org.br\/index.php\/wp-json\/wp\/v2\/types\/post"}],"author":[{"embeddable":true,"href":"https:\/\/pdt-rj.org.br\/index.php\/wp-json\/wp\/v2\/users\/17"}],"replies":[{"embeddable":true,"href":"https:\/\/pdt-rj.org.br\/index.php\/wp-json\/wp\/v2\/comments?post=19738"}],"version-history":[{"count":1,"href":"https:\/\/pdt-rj.org.br\/index.php\/wp-json\/wp\/v2\/posts\/19738\/revisions"}],"predecessor-version":[{"id":56934,"href":"https:\/\/pdt-rj.org.br\/index.php\/wp-json\/wp\/v2\/posts\/19738\/revisions\/56934"}],"wp:attachment":[{"href":"https:\/\/pdt-rj.org.br\/index.php\/wp-json\/wp\/v2\/media?parent=19738"}],"wp:term":[{"taxonomy":"category","embeddable":true,"href":"https:\/\/pdt-rj.org.br\/index.php\/wp-json\/wp\/v2\/categories?post=19738"},{"taxonomy":"post_tag","embeddable":true,"href":"https:\/\/pdt-rj.org.br\/index.php\/wp-json\/wp\/v2\/tags?post=19738"}],"curies":[{"name":"wp","href":"https:\/\/api.w.org\/{rel}","templated":true}]}}