{"id":19737,"date":"2009-01-06T00:00:00","date_gmt":"2009-01-06T00:00:00","guid":{"rendered":"http:\/\/www.malungo2.com.br\/pdt\/index.php\/rio-faz-ato-em-solidariedade-aos-palestinos-nesta-quinta-0801-2"},"modified":"2017-10-26T09:09:04","modified_gmt":"2017-10-26T11:09:04","slug":"rio-faz-ato-em-solidariedade-aos-palestinos-nesta-quinta-0801-2","status":"publish","type":"post","link":"https:\/\/pdt-rj.org.br\/index.php\/rio-faz-ato-em-solidariedade-aos-palestinos-nesta-quinta-0801-2\/","title":{"rendered":"Rio faz ato em solidariedade aos palestinos nesta quinta (08\/01)"},"content":{"rendered":"<div>A m\u00eddia brasileira, como a internacional, est\u00e1 se limitando a divulgar os boletins de guerra elaborados pelos militares israelenses &#8211; sem ouvir o lado mais atingido pelo conflito, o dos palestinos. Para se ter uma vis\u00e3o mais correta do que realmente est\u00e1 acontecendo na Faixa de Gaza \u00e9 fundamental recorrer aos blogs e depoimentos das pessoas que est\u00e3o vivendo o horror de Gaza. Com essa preocupa\u00e7\u00e3o, transcrevemos o artigo em ingl\u00eas do jornalista israelense Gideon Levy, publicado no jornal <a href=\"http:\/\/www.haaretz.com\/hasen\/pages\/LiArt.jhtml?contrassID=2&amp;subContrassID=14&amp;sbSubContrassID=0\" target=_blank><strong>&#8220;Haaretz<\/strong><\/a>&#8220;, um dos mais importantes de Israel, e outros depoimentos independentes &#8211; sobre o conflito em Gaza.<\/div>\n<div>&nbsp;<\/div>\n<div>O editor<\/p>\n<div>&nbsp;<\/div>\n<div><strong>Ex-ministra da educa\u00e7\u00e3o de Israel, tamb\u00e9m condena chacina<\/strong><\/div>\n<div><a href=\"http:\/\/www.cartamaior.com.br\/templates\/materiaMostrar.cfm?materia_id=15463&amp;editoria_id=6\">http:\/\/www.cartamaior.com.br\/templates\/materiaMostrar.cfm?materia_id=15463&amp;editoria_id=6<\/a> <\/div>\n<div>&nbsp;<\/div>\n<div>&nbsp;<\/div>\n<div>Mais informa\u00e7\u00f5es<\/div>\n<div>&nbsp;<\/div>\n<div><a href=\"http:\/\/www.idelberavelar.com\/\">http:\/\/www.idelberavelar.com\/<\/a> <\/div>\n<\/div>\n<!-- AddThis Advanced Settings generic via filter on the_content --><!-- AddThis Share Buttons generic via filter on the_content -->","protected":false},"excerpt":{"rendered":"<p>A m\u00eddia brasileira, como a internacional, est\u00e1 se limitando a divulgar os boletins de guerra elaborados pelos militares israelenses &#8211; sem ouvir o lado mais atingido pelo conflito, o dos palestinos. Para se ter uma vis\u00e3o mais correta do que realmente est\u00e1 acontecendo na Faixa de Gaza \u00e9 fundamental recorrer aos blogs e depoimentos das&#8230;<!-- AddThis Advanced Settings generic via filter on wp_trim_excerpt --><!-- AddThis Share Buttons generic via filter on wp_trim_excerpt --><\/p>\n","protected":false},"author":17,"featured_media":0,"comment_status":"closed","ping_status":"open","sticky":false,"template":"","format":"standard","meta":{"_monsterinsights_skip_tracking":false,"_monsterinsights_sitenote_active":false,"_monsterinsights_sitenote_note":"","_monsterinsights_sitenote_category":0,"_uf_show_specific_survey":0,"_uf_disable_surveys":false,"footnotes":""},"categories":[976],"tags":[],"class_list":["post-19737","post","type-post","status-publish","format-standard","hentry","category-noticias-em-destaque"],"acf":[],"_links":{"self":[{"href":"https:\/\/pdt-rj.org.br\/index.php\/wp-json\/wp\/v2\/posts\/19737","targetHints":{"allow":["GET"]}}],"collection":[{"href":"https:\/\/pdt-rj.org.br\/index.php\/wp-json\/wp\/v2\/posts"}],"about":[{"href":"https:\/\/pdt-rj.org.br\/index.php\/wp-json\/wp\/v2\/types\/post"}],"author":[{"embeddable":true,"href":"https:\/\/pdt-rj.org.br\/index.php\/wp-json\/wp\/v2\/users\/17"}],"replies":[{"embeddable":true,"href":"https:\/\/pdt-rj.org.br\/index.php\/wp-json\/wp\/v2\/comments?post=19737"}],"version-history":[{"count":1,"href":"https:\/\/pdt-rj.org.br\/index.php\/wp-json\/wp\/v2\/posts\/19737\/revisions"}],"predecessor-version":[{"id":56936,"href":"https:\/\/pdt-rj.org.br\/index.php\/wp-json\/wp\/v2\/posts\/19737\/revisions\/56936"}],"wp:attachment":[{"href":"https:\/\/pdt-rj.org.br\/index.php\/wp-json\/wp\/v2\/media?parent=19737"}],"wp:term":[{"taxonomy":"category","embeddable":true,"href":"https:\/\/pdt-rj.org.br\/index.php\/wp-json\/wp\/v2\/categories?post=19737"},{"taxonomy":"post_tag","embeddable":true,"href":"https:\/\/pdt-rj.org.br\/index.php\/wp-json\/wp\/v2\/tags?post=19737"}],"curies":[{"name":"wp","href":"https:\/\/api.w.org\/{rel}","templated":true}]}}