{"id":19735,"date":"2009-01-06T00:00:00","date_gmt":"2009-01-06T00:00:00","guid":{"rendered":"http:\/\/www.malungo2.com.br\/pdt\/index.php\/joao-herrmann-assume-mandato"},"modified":"2017-10-26T09:09:04","modified_gmt":"2017-10-26T11:09:04","slug":"joao-herrmann-assume-mandato","status":"publish","type":"post","link":"https:\/\/pdt-rj.org.br\/index.php\/joao-herrmann-assume-mandato\/","title":{"rendered":"Jo\u00e3o Herrmann assume mandato"},"content":{"rendered":"<p>O engenheiro agr\u00f4nomo e empres\u00e1rio do setor sucroalcoleiro, Jo\u00e3o Herrmann Neto, assumiu oficialmente no dia 6 de janeiro, o mandato de deputado federal pelo Partido Democr\u00e1tico Trabalhista (PDT). Suplente do partido como quarto candidato mais votado do estado de S\u00e3o Paulo, Jo\u00e3o Herrmann assume a vaga deixada pelo deputado federal Reinaldo Nogueira, eleito prefeito na cidade de Indaiatuba.&nbsp;&nbsp;<\/p>\n<p>Como base eleitoral nas regi\u00f5es de Piracicaba e Bauru, Herrmann atua tamb\u00e9m nas cidades administradas pelo partido e para o mandato de dois anos recebeu tamb\u00e9m a tarefa de trabalhar pelo seu fortalecimento no interior do estado de S\u00e3o Paulo. Integrante do partido desde 2005, o parlamentar aguardava receber a legitimidade do voto para ampliar a atua\u00e7\u00e3o partid\u00e1ria. <\/p>\n<p>Nos dois anos em que esteve sem mandato, manteve o relacionamento com as principais lideran\u00e7as pol\u00edticas do Estado, interagindo nas quest\u00f5es que sempre pautaram sua atua\u00e7\u00e3o parlamentar, como agroneg\u00f3cios, rela\u00e7\u00f5es internacionais, pol\u00edtica externa e meio ambiente. Junto \u00e0 Federa\u00e7\u00e3o das Ind\u00fastrias do Estado de S\u00e3o Paulo, \u00e9 integrante do Conselho de Superior de Com\u00e9rcio Exterior (Coscex), mandato que acaba de ser renovado at\u00e9 2010 por elei\u00e7\u00e3o dos conselheiros. <\/p>\n<p>Ex-prefeito da cidade de Piracicaba entre os anos de 77 e 82 e deputado federal por quatro mandatos, desenvolveu importantes lutas democr\u00e1ticas am os limites da cidade, estado e at\u00e9 mesmo do pa\u00eds como despolui\u00e7\u00e3o da Bacia do Rio Piracicaba, abertura da luta pela convoca\u00e7\u00e3o da Assembl\u00e9ia Nacional Constituinte na Assembl\u00e9ia Legislativa do Estado de S\u00e3o Paulo, como representante dos prefeitos de S\u00e3o Paulo em 1978, reatamento das rela\u00e7\u00f5es entre Brasil e Cuba, a internacionaliza\u00e7\u00e3o do Sal\u00e3o do Humor de Piracicaba, a realiza\u00e7\u00e3o do primeiro Congresso da UNE e do primeiro Encontro Paulista de Sindicatos em Piracicaba e pleno per\u00edodo da ditadura, organiza\u00e7\u00e3o dos Comit\u00eas Brasileiros de Anistia, Legaliza\u00e7\u00e3o da UNE (1982), organiza\u00e7\u00e3o da luta pelo Movimento das Diretas J\u00e1, Retomada do Pro\u00e1lcool, 2002, entre outras. <\/p>\n<p>Para o novo mandato, Jo\u00e3o Herrmann pretende aliar a tarefa de amplia\u00e7\u00e3o da atua\u00e7\u00e3o do PDT com as atividades de articula\u00e7\u00e3o para o futuro pol\u00edtico brasileiro, principalmente com a proximidade do final do mandato do presidente Luiz In\u00e1cio Lula da Silva. Sua expectativa \u00e9 contribuir decisivamente para que os avan\u00e7os sociais conquistados nos \u00faltimos anos n\u00e3o sejam amea\u00e7ados e sim garantidos e ampliados, levando o Estado brasileiro a exercer sua tarefa principal que \u00e9 governar primeiro para os menos favorecidos. <\/p>\n<p>A novidade do mandato, contudo, \u00e9 a expectativa de contribuir para que uma das mais importantes cidades do estado, Bauru, usufrua o momento brasileiro de desenvolvimento, ampliando sua atua\u00e7\u00e3o junto \u00e0 economia estadual e do pa\u00eds. Empolgado com o mandato de Rodrigo Agostinho (PMDB), um jovem de 30 anos, Jo\u00e3o Herrmann vislumbra que a regi\u00e3o pode ser assumir definitivamente seu papel dominante de propulsora do desenvolvimento regional, n\u00e3o somente pela sua posi\u00e7\u00e3o geogr\u00e1fica regional, mas pelo seu potencial econ\u00f4mico e humano. <\/p>\n<p>Na cidade de Bauru, a partir de fevereiro, come\u00e7a a funcionar no centro da cidade um escrit\u00f3rio pol\u00edtico que atuar\u00e1 como aglutinador regional popular e pol\u00edtico. O objetivo \u00e9 criar uma ambienta\u00e7\u00e3o para discuss\u00e3o dos caminhos de desenvolvimento que d\u00ea voz \u00e0 popula\u00e7\u00e3o e funcione como intermediado entre os anseios das comunidades e os governos municipal, estadual e federal. <\/p>\n<p>Na cidade de Piracicaba, o escrit\u00f3rio pol\u00edtico ser\u00e1 na ch\u00e1cara Pomp\u00e9ia, local onde historicamente aconteceram os eventos mais importantes de sua carreira pol\u00edtica e que tamb\u00e9m servir\u00e1 de base de apoio \u00e0s atividades partid\u00e1rias e dos parlamentares municipais. <\/p>\n<p>A solenidade de posse acontece \u00e0s 18 horas, na Secretaria Geral da C\u00e2mara dos Deputados, em Bras\u00edlia. <\/p>\n<!-- AddThis Advanced Settings generic via filter on the_content --><!-- AddThis Share Buttons generic via filter on the_content -->","protected":false},"excerpt":{"rendered":"<p>O engenheiro agr\u00f4nomo e empres\u00e1rio do setor sucroalcoleiro, Jo\u00e3o Herrmann Neto, assumiu oficialmente no dia 6 de janeiro, o mandato de deputado federal pelo Partido Democr\u00e1tico Trabalhista (PDT). Suplente do partido como quarto candidato mais votado do estado de S\u00e3o Paulo, Jo\u00e3o Herrmann assume a vaga deixada pelo deputado federal Reinaldo Nogueira, eleito prefeito na&#8230;<!-- AddThis Advanced Settings generic via filter on wp_trim_excerpt --><!-- AddThis Share Buttons generic via filter on wp_trim_excerpt --><\/p>\n","protected":false},"author":17,"featured_media":0,"comment_status":"closed","ping_status":"open","sticky":false,"template":"","format":"standard","meta":{"_monsterinsights_skip_tracking":false,"_monsterinsights_sitenote_active":false,"_monsterinsights_sitenote_note":"","_monsterinsights_sitenote_category":0,"_uf_show_specific_survey":0,"_uf_disable_surveys":false,"footnotes":""},"categories":[976],"tags":[],"class_list":["post-19735","post","type-post","status-publish","format-standard","hentry","category-noticias-em-destaque"],"acf":[],"_links":{"self":[{"href":"https:\/\/pdt-rj.org.br\/index.php\/wp-json\/wp\/v2\/posts\/19735","targetHints":{"allow":["GET"]}}],"collection":[{"href":"https:\/\/pdt-rj.org.br\/index.php\/wp-json\/wp\/v2\/posts"}],"about":[{"href":"https:\/\/pdt-rj.org.br\/index.php\/wp-json\/wp\/v2\/types\/post"}],"author":[{"embeddable":true,"href":"https:\/\/pdt-rj.org.br\/index.php\/wp-json\/wp\/v2\/users\/17"}],"replies":[{"embeddable":true,"href":"https:\/\/pdt-rj.org.br\/index.php\/wp-json\/wp\/v2\/comments?post=19735"}],"version-history":[{"count":1,"href":"https:\/\/pdt-rj.org.br\/index.php\/wp-json\/wp\/v2\/posts\/19735\/revisions"}],"predecessor-version":[{"id":56935,"href":"https:\/\/pdt-rj.org.br\/index.php\/wp-json\/wp\/v2\/posts\/19735\/revisions\/56935"}],"wp:attachment":[{"href":"https:\/\/pdt-rj.org.br\/index.php\/wp-json\/wp\/v2\/media?parent=19735"}],"wp:term":[{"taxonomy":"category","embeddable":true,"href":"https:\/\/pdt-rj.org.br\/index.php\/wp-json\/wp\/v2\/categories?post=19735"},{"taxonomy":"post_tag","embeddable":true,"href":"https:\/\/pdt-rj.org.br\/index.php\/wp-json\/wp\/v2\/tags?post=19735"}],"curies":[{"name":"wp","href":"https:\/\/api.w.org\/{rel}","templated":true}]}}