{"id":19734,"date":"2008-12-25T00:00:00","date_gmt":"2008-12-25T00:00:00","guid":{"rendered":"http:\/\/www.malungo2.com.br\/pdt\/index.php\/delegacao-do-pdt-visita-china-a-convite-do-pc"},"modified":"2017-10-26T09:09:05","modified_gmt":"2017-10-26T11:09:05","slug":"delegacao-do-12-visita-china-a-convite-do-pc","status":"publish","type":"post","link":"https:\/\/pdt-rj.org.br\/index.php\/delegacao-do-12-visita-china-a-convite-do-pc\/","title":{"rendered":"Delega\u00e7\u00e3o do PDT visita China \u00e0 convite do PC"},"content":{"rendered":"<div><img decoding=\"async\" height=164 src=\"\/images\/pequim.escola.guizhou2.jpg\" width=210 align=left border=0>O \u00faltimo compromisso da delega\u00e7\u00e3o do PDT na prov\u00edncia de Guizhou, a mais pobre da China, depois de visitar ind\u00fastrias e uma aldeia camponesa na regi\u00e3o de Quiandongnan &#8211; e antes de partir para Nanjing, a capital do Sul da China &#8211; foi conhecer a Escola de Forma\u00e7\u00e3o Pol\u00edtica e a Escola de Administra\u00e7\u00e3o P\u00fablica de Ghizhou \u0096 um complexo de ensino administrativo e pol\u00edtico que impressiona por suas instala\u00e7\u00f5es modernas e amplos parques e pr\u00e9dios. O vice-diretor da institui\u00e7\u00e3o, Han Weidang, recepcionou a delega\u00e7\u00e3o brasileirae e a acompanhou na r\u00e1pida visita ao complexo de ensino.<\/div>\n<div>&nbsp;<\/div>\n<div>A visita ocorreu na manh\u00e3 da quinta-feira (18\/12), pouco antes dos brasileiros embarcarem no aeroporto local com destino a Nanjing, a capital do Sul da China que j\u00e1 foi tamb\u00e9m a capital do pa\u00eds at\u00e9 a Segunda Guerra Mundial quando foi ocupada por tropas japonesas que, em repres\u00e1lia pela dura rea\u00e7\u00e3o militar dos chineses pela batalha de Xangai, promoveram um massacre n\u00e3o admitido at\u00e9 hoje pelo Jap\u00e3o e que azeda as rela\u00e7\u00f5es entre os dois pa\u00edses asi\u00e1ticos: o Massacre de Nanjing, onde foram mortos pelos soldados japoneses, em curt\u00edssimo per\u00edodo de tempo, &nbsp;300 mil chineses. <\/div>\n<div>&nbsp;<\/div>\n<div>A Escola de Forma\u00e7\u00e3o Pol\u00edtica de Guizhou, instalada em \u00e1rea de aproximadamente 50 hectares, \u00e9 respons\u00e1vel pela forma\u00e7\u00e3o, em cursos diversos e com dura\u00e7\u00e3o variadas, de cerca de 3 mil quadros do PC chin\u00eas local, anualmente. O corpo docente tem 100 professores \u0096 a maioria com doutorado \u0096 e 200 funcion\u00e1rios de apoio; e os cursos variam de uns poucos dias a meses, com conte\u00fados diversos, sendo mat\u00e9ria comum a todos o socialismo com caracter\u00edsticas chinesas. <img decoding=\"async\" height=150 src=\"\/images\/pequim.escola.guizhou.jpg\" width=200 align=right border=0><\/div>\n<div>&nbsp;<\/div>\n<div>Segundo explico Han Weidang, ao receber a delega\u00e7\u00e3o do Brasil, a educa\u00e7\u00e3o pol\u00edtica dos quadros do governo objetiva aumentar a capacidade de trabalho e fortalecer ideologicamente os dirigentes da prov\u00edncia, submetidos regularmente a cursos de atualiza\u00e7\u00e3o, em m\u00e9dia de cinco em cinco anos.<\/div>\n<div>&nbsp;<\/div>\n<div>A prepara\u00e7\u00e3o pol\u00edtica funciona, basicamente, a partir de tr\u00eas eixos espec\u00edficos: aprendizado das teorias b\u00e1sicas do socialismo chin\u00eas; conhecimento das principais pol\u00edticas p\u00fablicas aplicadas na prov\u00edncia de Guizhou pelos governos central e provincial e, ainda, o permanente alargarmento dos conhecimentos sobre as caracter\u00edsticas culturais da regi\u00e3o e da popula\u00e7\u00e3o de Guizhou. <\/div>\n<div>&nbsp;<\/div>\n<div>Os cursos variam em forma e conte\u00fado e alguns, os \u00e0 distancia, tem inclusive a colabora\u00e7\u00e3o do Banco Mundial. A maioria dos cursos \u00e9 presencial, o que n\u00e3o invalida a exist\u00eancia dos cursos \u00e0 distancia usando as mais modernas tecnologias dispon\u00edveis.&nbsp; Os alunos s\u00e3o matriculados pelas respectivas institui\u00e7\u00f5es de governo a que pertencem e os cursos s\u00e3o pagos por essas institui\u00e7\u00f5es.<\/div>\n<div>&nbsp;<\/div>\n<div><b>A Capital do Sul da China <\/b>&nbsp;&#8211; De Guiyang, capital da Prov\u00edncia de Guizhou, a comitiva brasileira se deslocou \u00e0 tarde por via a\u00e9rea, ainda na quinta, para Nanjing, a capital da prov\u00edncia de Jiangsu, onde vivem 6 milh\u00f5es dos 85 milh\u00f5es de habitantes de Jiangsu. Nanjing \u00e9 uma cidade modern\u00edssima, como Guiyang, que tamb\u00e9m impressiona os visitantes pela quantidade de grandes pr\u00e9dios em constru\u00e7\u00e3o em suas ruas simp\u00e1ticas, de com\u00e9rcio movimentado e avenidas plantadas com pl\u00e1tanos (tipo de \u00e1rvore comum na regi\u00e3o).<\/div>\n<div>&nbsp;<\/div>\n<div><img decoding=\"async\" height=150 src=\"\/images\/pequim.panda.vieira.jpg\" width=200 align=left border=0>Na manh\u00e3 de sexta (19\/12) a delega\u00e7\u00e3o visitou a Panda Electronics Group, hoje a principal ind\u00fastria do ramo eletro-eletr\u00f4nico da China, estatal, que come\u00e7ou a funcionar em 1936 produzindo aparelhos de r\u00e1dio. Hoje a Panda, tamb\u00e9m importante fornecedora de equipamentos de comunica\u00e7\u00e3o e avi\u00f4nica para o programa espacial chin\u00eas e para as for\u00e7as armadas \u0096 produz todos os tipos de modernos equipamentos eletr\u00f4nicos &#8211; com tecnologia pr\u00f3pria ou em parceira com grandes ind\u00fastrias como a Sony, a Ericsson e a LG; al\u00e9m de produtos diversos para uso civil como aparelhos celulares, tev\u00eas de plasma e eletrodom\u00e9sticos de todos os tipos \u0096 de liquidificadores a modern\u00edssimas m\u00e1quinas de lavar ou passar roupa. <\/div>\n<div>&nbsp;<\/div>\n<div>A dire\u00e7\u00e3o da empresa manifestou interesse em aprofundar os seus la\u00e7os comerciais com o Brasil tornando os produtos da Panda \u0096 marca conhecida e tradicional na China pela qualidade e durabilidade de seus produtos, al\u00e9m do baixo pre\u00e7o, mais conhecidos no Brasil. O deputado Vieira da Cunha chefiou a visita e trocou presentes protocolares com o presidente da empresa (foto). <\/div>\n<div>&nbsp;<\/div>\n<div>Da ind\u00fastria Panda a delega\u00e7\u00e3o se dirigiu ao campus da Universidade de Nanjing, institui\u00e7\u00e3o com mais de 100 anos &nbsp;onde estudam cerca de 13 mil alunos \u0096 muitos estrangeiros \u0096 onde foram recebidos pelo vice-reitor da institui\u00e7\u00e3o &nbsp;e autoridades docentes que manifestaram sua grande satisfa\u00e7\u00e3o pela visita. Explicaram que era a terceira delega\u00e7\u00e3o que recebiam do Brasil em 2008, visitas iniciadas pelo escritor Paulo Coelho e, posteriormente, desdobrada com a presen\u00e7a de uma delega\u00e7\u00e3o de docentes da , Universidade Federal do Rio de Janeiro, esta em setembro. A Universidade de Nanjing, explicaram, no ranking das 2 mil universidades da China, ocupa a 5\u00aa. Posi\u00e7\u00e3o entre as consideradas melhores e mais influentes \u0096 com grande atua\u00e7\u00e3o na \u00e1rea de pesquisa. <\/div>\n<div>&nbsp;<\/div>\n<div>O corpo docente \u00e9 integrado por 2 mil professores e os cursos da institui\u00e7\u00e3o s\u00e3o voltados principalmente para as \u00e1reas cient\u00edfica e social. Ainda segundo eles, 50% dos alunos s\u00e3o oriundos da prov\u00edncia de Nanjing mesmo, a mais desenvolvida da China, e os demais 50% dos alunos procedem de outras prov\u00edncias chinesas e, entre eles, uma pequena parte, procede do exterior. O acesso \u00e0 Universidade de Nanjing, institui\u00e7\u00e3o com mais de 100 anos de vida, se d\u00e1 por concurso aplicado nas escolas secund\u00e1rias de toda a China. <\/div>\n<div>&nbsp;<\/div>\n<div><img decoding=\"async\" height=150 src=\"\/images\/pequim.memorial.1.jpg\" width=200 align=right border=0>Dos 13 mil alunos, cerca de 2 mil s\u00e3o estrangeiros \u0096 matriculados principalmente em cursos de mestrado e doutorado, j\u00e1 graduados nos seus pa\u00edses. A universidade tem parcerias com institui\u00e7\u00f5es de ensino de todo o mundo, especialmente Estados Unidos e Europa; e est\u00e1 nos seus planos intensificar contatos com o Brasil. <\/div>\n<div>&nbsp;<\/div>\n<div>Ap\u00f3s almo\u00e7o no hotel, os brasileiros foram conhecer o rec\u00e9m inaugurado (h\u00e1 seis meses) Memorial das V\u00edtimas do Massacre de Nanjing, quando 300 mil habitantes de Nanjing foram mortos no curto per\u00edodo de seis semanas, em 1937, por soldados japoneses, na Segunda Guerra Mundial &#8211; crime de guerra at\u00e9 hoje n\u00e3o admitido pelo governo japon\u00eas e motivo de atrito entre os dois pa\u00edses, ainda hoje.<\/div>\n<div>&nbsp;<\/div>\n<div>O memorial foi constru\u00eddo exatamente no local onde ocorreu uma das chacinas, calcula-se que s\u00f3 naquele local foram mortas 50 mil pessoas, cujos restos mortais, enterrados em fossas comuns, foram localizados h\u00e1 poucos anos durante escava\u00e7\u00f5es para a constru\u00e7\u00e3o de obras civis e as ossadas, depois de comprovada a sua origem, foram deixadas intactas no local onde foram encontradas e o memorial erguido sobre elas. As fossas comuns, com ossadas dispostas em camadas, abertas \u00e0 visita\u00e7\u00e3o p\u00fablica, s\u00e3o a parte mais chocante do memorial visitado por milh\u00f5es de pessoas desde a sua inaugura\u00e7\u00e3o, no per\u00edodo da recente Olimp\u00edada. Tamb\u00e9m \u00e9 permanente a presen\u00e7a nele, em visita, de milhares e milhares de estudantes dos n\u00edveis b\u00e1sico e secund\u00e1rio da pr\u00f3pria Nanjing. <\/div>\n<div>&nbsp;<\/div>\n<div>Dotado dos mais modernos equipamentos eletr\u00f4nicos, o memorial conta a hist\u00f3ria da ocupa\u00e7\u00e3o japonesa \u0096 a partir de documentos produzidos pelos pr\u00f3prios militares japoneses, como filmes e fotografias feitas por soldados \u0096 acervo reunidos ao longo dos anos, al\u00e9m de centenas de depoimentos de sobreviventes &#8211; gravados em v\u00eddeo \u0096 contando a hist\u00f3ria pouco conhecida e que os chineses fazem quest\u00e3o de que n\u00e3o caia no esquecimento. <\/div>\n<div>&nbsp;<\/div>\n<div>A impon\u00eancia do lugar, as fotos, os recortes de jornal, os filmes de \u00e9poca dispon\u00edveis, os depoimentos dos sobreviventes e as ossadas expostas \u0096 formam um conjunto de provas irrefut\u00e1veis sobre o que realmente aconteceu naqueles dias de massacre e que at\u00e9 hoje os japoneses n\u00e3o reconhecem como crime de guerra, apesar do julgamento e condena\u00e7\u00e3o dos militares respons\u00e1veis, pelos Estados Unidos, logo ap\u00f3s a rendi\u00e7\u00e3o incondicional do Jap\u00e3o depois dos bombardeios at\u00f4micos de Hiroxima e Nagasaki. <\/div>\n<div>&nbsp;<\/div>\n<div>Uma das pe\u00e7as do acervo que chama a aten\u00e7\u00e3o \u00e9 um recorte de not\u00edcia de jornal de \u00e9poca japon\u00eas, falando sobre a disputa entre dois soldados \u0096 mais tarde identificados e condenados pelos norte-americanos \u0096 para ver qual dos dois, em um \u00fanico dia, decapitava mais chineses com espadas samurais. Venceu o que matou 110 chineses, contra a marca de 100 chineses, do que ficou em segundo lugar.<\/div>\n<div>&nbsp;<\/div>\n<div><b><img decoding=\"async\" height=150 src=\"\/images\/pequim.maquina.seda.jpg\" width=200 align=left border=0>O Museu de Brocados de Nanjing<\/b> &#8211; Ainda impactados pelas imagens das v\u00edtimas do massacre, a delega\u00e7\u00e3o foi levada ao Instituto de Borcados de Nanjing \u0096 o museu da seda \u0096 que fica praticamente ao lado do moderno memorial. A tape\u00e7aria em seda \u00e9 uma pr\u00e1tica milenar chinesa e o museu re\u00fane em seu acervo, al\u00e9m de brocados de seda com mais de mil anos de idade, roup\u00f5es e mantos de antigas dinastias avaliados, a pre\u00e7os de hoje, em mais de 1 milh\u00e3o de d\u00f3lares pelo seu requinte e riqueza de bordados que exibem. <\/div>\n<div>&nbsp;<\/div>\n<div>Al\u00e9m das pe\u00e7as em seda expostas, o visitante tem a oportunidade, em um dos setores do museu, de ver ao vivo e a cores artes\u00e3os chineses de hoje \u0096 trabalhando em teares originais, tecnologia desenvolvida h\u00e1 mais de mil anos \u0096 bordando em seda; trabalho especial\u00edssimo que a China incentiva para que n\u00e3o desapare\u00e7a \u0096 j\u00e1 que leva um ano&nbsp; no m\u00ednimo para preparar um artes\u00e3o no manejo do tear e mais tr\u00eas ou quatro anos de pr\u00e1tica que se considere esse mesmo artes\u00e3o apto para o trabalho em borcados de seda. Um artes\u00e3o de primeira linha, segundo explicou o diretor da institui\u00e7\u00e3o, trabalhando o dia inteiro, sempre com a ajuda de um auxiliar, consegue tecer, no m\u00e1ximo, seis cent\u00edmetros de borcado por dia \u0096 usando essa t\u00e9cnica quase extinta e que hoje tem sua pr\u00e1tica estimulada e financiada pelo governo para que n\u00e3o desapare\u00e7a. <\/div>\n<div>&nbsp;<\/div>\n<div>\u00c0 noite a delega\u00e7\u00e3o do PDT foi recepcionada com um jantar pelso dirigentes da prov\u00edncia de Jaingsu, tendo \u00e0 frente Chen Baotian, vice-presidente do comit\u00ea local da Confer\u00eancia Consultiva Pol\u00edtica do Povo Chin\u00eas. Baotian estava acompanhado do subsecret\u00e1rio de Trabalho, Chen Liyang; do subsecret\u00e1rio de Educa\u00e7\u00e3o, Ding Xaiochang; do subsecret\u00e1rio de Assuntos Internacionais; do subsecret\u00e1rio da Liga da Juventude; e do chefe de gabinete do Departamento de Rela\u00e7\u00f5es Internacionais do PCC local. <\/div>\n<div>&nbsp;<\/div>\n<div>No s\u00e1bado (20\/12), a comitiva do PDT deslocou-se de manh\u00e3 para o mausol\u00e9u do fundador da Rep\u00fablica chinesa, em 1911, Sun Yat-sen, que acabou com a hegemonia dos imperadores e fundou o Partido Nacionalista Chin\u00eas, sendo posteriormente substitu\u00eddo, quando da sua morte, pelo general Chang Kai Shek que, junto com Mao Ts\u00e9 Tung, lutou contra a invas\u00e3o japonesa. Ap\u00f3s a rendi\u00e7\u00e3o incondicional do Jap\u00e3o em 1945, Mao e Chang Kai Shek lideraram for\u00e7as opostas numa guerra civil que acabou com a vit\u00f3ria de Mao em 1949, quando passou a existir, efetivamente, a China de hoje. <\/div>\n<div>&nbsp;<\/div>\n<div>Do monumento os visitantes brasileiros foram levados ao Museu de Hist\u00f3ria Moderna de Nanjing, antiga sede do Imp\u00e9rio Chin\u00eas quando a capital era Najing, depois sede da Rep\u00fablica chinesa e onde trabalharam o m\u00e9dico Sun Yat-sen, fundador da Rep\u00fablica, e o seu sucessor, o general Chang Kai Shek, at\u00e9 a sua derrota para os comunistas liderados por Mao Tse Tung, em 1949, quando foi obrigado a partir para Taiwan. <\/div>\n<div>&nbsp;<\/div>\n<div>Cercado hoje de arranha-c\u00e9us, o antigo pal\u00e1cio que sediou o Imp\u00e9rio e a Rep\u00fablica n\u00e3o possui a suntuosidade da Cidade Proibida, tamb\u00e9m sede do Imp\u00e9rio, mas em Pequim, mas tamb\u00e9m possui lagos simp\u00e1ticos, jardins acolhedores e pr\u00e9dios e salas austeras, iluminadas e ventiladas, onde trabalhavam os antigos dirigentes do povo chin\u00eas. A simplicidade \u00e9 a marca registrada dos locais de trabalho, preservados, de Sun Yat-sem, fundador da Rep\u00fablica cujo mausol\u00e9u no centro de um parque bem pr\u00f3ximo ao Centro de Nanjing chama a aten\u00e7\u00e3o pela suntuosidade; e o escrit\u00f3rio onde trabalhou, at\u00e9 partir para Taiwan, Chang Kai Shek.<img decoding=\"async\" height=150 src=\"\/images\/pequim.lagoshoxi.yangzhou.jpg\" width=200 align=right border=0><\/div>\n<div>&nbsp;<\/div>\n<div>A comitiva deslocou-se depois do almo\u00e7o, por terra, para Yangzhou, a Veneza chinesa, cidade com mais de 2.500 anos de hist\u00f3ria, nas margens do Yang Tse, o maior rio da China, que na antiguidade foi um dos principais portos da China e de onde partiam navios em rotas de navega\u00e7\u00e3o que percorriam todas as cidades asi\u00e1ticas mais importantes e chegaram at\u00e9 o Iraque. Yangzhou foi a cidade onde viveu Marco P\u00f3lo, o viajante italiano de Veneza que ficou maravilhado com a China e levou para a Europa v\u00e1rias das inven\u00e7\u00f5es chinesas desconhecidas na Europa de ent\u00e3o, como a p\u00f3lvora.<\/div>\n<div>&nbsp;<\/div>\n<div>Hoje Yangzhou divide-se hoje em duas cidades, a antiga e a moderna. A delega\u00e7\u00e3o foi direto para o Museu de Hist\u00f3ria de Yangzhou, sendo recebidos &nbsp;pelos diretores da institui\u00e7\u00e3o; e percorreram as principais galerias do museu onde est\u00e3o expostos, em detalhes, pe\u00e7as de \u00e9poca mostrando importantes conquistas chinesas para a humanidade como a inven\u00e7\u00e3o da imprensa, da b\u00fassola, do papel e outras. Al\u00e9m de cer\u00e2micas, armas antigas, j\u00f3ias e utens\u00edlios dom\u00e9sticos diversos de antigas dinastias em bronze, ferro, jade, ouro, \u00e2mbar e madeira. <\/div>\n<div>&nbsp;<\/div>\n<div>\u00c0 noite os brasileiros foram recepcionados pelas autoridades locais com um jantar. <\/div>\n<div>&nbsp;<\/div>\n<div>No domingo (21\/12) a delega\u00e7\u00e3o do PDT, chefiada pelo Secret\u00e1rio Geral Manoel Dias depois que &nbsp;Vieira da Cunha e senhora precisaram voltar ao Brasil com um dia de anteced\u00eancia devido a quest\u00f5es familiares \u0096 fizeram passeio pelo Lago de Shouxi e conheceram a comunidade de Quionghuaguan, na parte mais antiga de Yangzhou, restaurada, antes de retornar a Nanjing por terra e, final do dia, voltar a Pequim. &nbsp;<\/div>\n<div>&nbsp;<\/div>\n<div>A visita ao lago, cercado de salgueiros-chor\u00e3o e constru\u00e7\u00f5es de \u00e9poca preservados ao longo dos s\u00e9culos, foi feita ap\u00f3s um caf\u00e9 da manh\u00e3 t\u00edpico oferecido pelo governo comunal de Yangzhou em restaurante local. A comitiva embarcou em um barco apropriado e percorreu boa parte do lago, onde existem constru\u00e7\u00f5es com s\u00e9culos de exist\u00eancia, antes de visitar logo ap\u00f3s, a comunidade de Quionghuaguan, na parte mais antiga da cidade, restaurada pelas autoridades para mostrar as constru\u00e7\u00f5es originais da cidade onde funcionaram entrepostos comerciais, bancos e se concentravam as atividades mercantis que tornaram a China conhecida, atrav\u00e9s de seus interc\u00e2mbios comerciais e vias de navega\u00e7\u00e3o, em toda a \u00c1sia. <\/div>\n<div>&nbsp;<\/div>\n<div>De l\u00e1 os brasileiros retornaram, por terra a Nanjing, diretamente para o aeroporto local onde embarcaram em v\u00f4o da Air China com destino a Pequim onde chegaram duas horas e meia depois, j\u00e1 de noite \u0096 com a temperatura local registrando cerca de 13 graus negativos. Do aeroporto os brasileiros foram diretamente para o hotel onde prepararam as malas antes do \u00faltimo dia da visita, 22 de dezembro, quando foram pela manh\u00e3 a sede da Escola Nacional de Forma\u00e7\u00e3o Pol\u00edtica da China onde foram recebidos pelo vice-reitor e logo depois, direto, seguiram para o aeroporto de Pequim para o in\u00edcio da volta ao Brasil, pela Air France, com escala em Paris. <\/div>\n<div>&nbsp;<\/div>\n<div>A delega\u00e7\u00e3o do PDT chegou ao Brasil na manh\u00e3 desta ter\u00e7a-feira (23\/12), por volta das 10 horas da manh\u00e3, depois de uma viagem de 35 horas direto de Pequim, com escala em Paris, que de v\u00f4o, efetivamente, sem incluir a espera em Paris, durou 22 horas. <\/div>\n<div>&nbsp;<\/div>\n<div><a href=\"http:\/\/pdt12.locaweb.com.br\/primeirapagina.asp?id=823 \" target=_blank><strong>Visita ao Sul come\u00e7ou por Guizhou<\/strong><\/a><\/div>\n<div><b><\/b>&nbsp;<\/div>\n<div><b><\/b>&nbsp;<\/div>\n<!-- AddThis Advanced Settings generic via filter on the_content --><!-- AddThis Share Buttons generic via filter on the_content -->","protected":false},"excerpt":{"rendered":"<p>O \u00faltimo compromisso da delega\u00e7\u00e3o do PDT na prov\u00edncia de Guizhou, a mais pobre da China, depois de visitar ind\u00fastrias e uma aldeia camponesa na regi\u00e3o de Quiandongnan &#8211; e antes de partir para Nanjing, a capital do Sul da China &#8211; foi conhecer a Escola de Forma\u00e7\u00e3o Pol\u00edtica e a Escola de Administra\u00e7\u00e3o P\u00fablica&#8230;<!-- AddThis Advanced Settings generic via filter on wp_trim_excerpt --><!-- AddThis Share Buttons generic via filter on wp_trim_excerpt --><\/p>\n","protected":false},"author":17,"featured_media":0,"comment_status":"closed","ping_status":"open","sticky":false,"template":"","format":"standard","meta":{"_monsterinsights_skip_tracking":false,"_monsterinsights_sitenote_active":false,"_monsterinsights_sitenote_note":"","_monsterinsights_sitenote_category":0,"_uf_show_specific_survey":0,"_uf_disable_surveys":false,"footnotes":""},"categories":[976],"tags":[],"class_list":["post-19734","post","type-post","status-publish","format-standard","hentry","category-noticias-em-destaque"],"acf":[],"_links":{"self":[{"href":"https:\/\/pdt-rj.org.br\/index.php\/wp-json\/wp\/v2\/posts\/19734","targetHints":{"allow":["GET"]}}],"collection":[{"href":"https:\/\/pdt-rj.org.br\/index.php\/wp-json\/wp\/v2\/posts"}],"about":[{"href":"https:\/\/pdt-rj.org.br\/index.php\/wp-json\/wp\/v2\/types\/post"}],"author":[{"embeddable":true,"href":"https:\/\/pdt-rj.org.br\/index.php\/wp-json\/wp\/v2\/users\/17"}],"replies":[{"embeddable":true,"href":"https:\/\/pdt-rj.org.br\/index.php\/wp-json\/wp\/v2\/comments?post=19734"}],"version-history":[{"count":1,"href":"https:\/\/pdt-rj.org.br\/index.php\/wp-json\/wp\/v2\/posts\/19734\/revisions"}],"predecessor-version":[{"id":56937,"href":"https:\/\/pdt-rj.org.br\/index.php\/wp-json\/wp\/v2\/posts\/19734\/revisions\/56937"}],"wp:attachment":[{"href":"https:\/\/pdt-rj.org.br\/index.php\/wp-json\/wp\/v2\/media?parent=19734"}],"wp:term":[{"taxonomy":"category","embeddable":true,"href":"https:\/\/pdt-rj.org.br\/index.php\/wp-json\/wp\/v2\/categories?post=19734"},{"taxonomy":"post_tag","embeddable":true,"href":"https:\/\/pdt-rj.org.br\/index.php\/wp-json\/wp\/v2\/tags?post=19734"}],"curies":[{"name":"wp","href":"https:\/\/api.w.org\/{rel}","templated":true}]}}