{"id":19729,"date":"2008-12-17T00:00:00","date_gmt":"2008-12-17T00:00:00","guid":{"rendered":"http:\/\/www.malungo2.com.br\/pdt\/index.php\/arnaldo-vianna-pede-uniao-em-defesa-dos-interesses-do-pais"},"modified":"2017-10-26T09:09:06","modified_gmt":"2017-10-26T11:09:06","slug":"arnaldo-vianna-pede-uniao-em-defesa-dos-interesses-do-pais","status":"publish","type":"post","link":"https:\/\/pdt-rj.org.br\/index.php\/arnaldo-vianna-pede-uniao-em-defesa-dos-interesses-do-pais\/","title":{"rendered":"Arnaldo Vianna pede uni\u00e3o em defesa dos interesses do pa\u00eds"},"content":{"rendered":"<p>O deputado Arnaldo Vianna(PDT-RJ) agradeceu na manh\u00e3 desta ter\u00e7a-feira(16) no plen\u00e1rio da C\u00e2mara o voto de confian\u00e7a da popula\u00e7\u00e3o de Campos de Goytacazes (RJ), cidade onde concorreu ao cargo de prefeito nas elei\u00e7\u00f5es de outubro. &#8220;Com todas as dificuldades e covardias que enfrentamos neste pleito, ainda obtive 50% dos votos v\u00e1lidos, foram mais de 113 mil amigos e amigas que confiaram em Arnaldo Vianna&#8221;, destacou. <\/p>\n<p>No discurso, Vianna tamb\u00e9m comentou as not\u00edcias dos jornais que trazem den\u00fancias envolvendo o casal Anthony Garotinho (PMDB) e Rosinha Matheus (PMDB). &#8220;Os jornais de Campos e os de circula\u00e7\u00e3o nacional, est\u00e3o mostrando a realidade do casal que governou o Rio de Janeiro por 8 anos, esc\u00e2ndalos atr\u00e1s de esc\u00e2ndalos, \u00e9 dif\u00edcil definir qual o mais grave&#8221;, salientou o deputado. <\/p>\n<p>O pedetista comentou tamb\u00e9m sobre a crise global e afirmou que \u0093o Brasil \u00e9 uma pot\u00eancia\u0094 e que o pa\u00eds vai passar por este momento &#8220;com confian\u00e7a&#8221;. E para ajudar o pa\u00eds a crescer, Arnaldo Vianna disse que pretende investir em projetos para \u0093melhorar a vida do brasileiro\u0094. \u0093Em 2009 estarei aqui, de p\u00e9 e \u00e0s ordens para desenvolver projetos e elaborar leis, para que a popula\u00e7\u00e3o tenha mais qualidade de vida e orgulho de ser brasileiro\u0094, acrescentou. <\/p>\n<p>Ao finalizar seu pronunciamento, Vianna pediu uni\u00e3o entre os deputados e que as \u0093picuinhas partid\u00e1rias\u0094 sejam deixadas de lado em prol do povo brasileiro. O deputado concluiu com um pensamento de Charles Chaplin: \u0093Bom mesmo \u00e9 ir \u00e0 luta com determina\u00e7\u00e3o, abra\u00e7ar a vida e viver com paix\u00e3o, perder com classe e viver com ousadia. Pois o triunfo pertence a quem se atreve e a vida \u00e9 muito bela para ser insignificante\u0094. <\/p>\n<!-- AddThis Advanced Settings generic via filter on the_content --><!-- AddThis Share Buttons generic via filter on the_content -->","protected":false},"excerpt":{"rendered":"<p>O deputado Arnaldo Vianna(PDT-RJ) agradeceu na manh\u00e3 desta ter\u00e7a-feira(16) no plen\u00e1rio da C\u00e2mara o voto de confian\u00e7a da popula\u00e7\u00e3o de Campos de Goytacazes (RJ), cidade onde concorreu ao cargo de prefeito nas elei\u00e7\u00f5es de outubro. &#8220;Com todas as dificuldades e covardias que enfrentamos neste pleito, ainda obtive 50% dos votos v\u00e1lidos, foram mais de 113&#8230;<!-- AddThis Advanced Settings generic via filter on wp_trim_excerpt --><!-- AddThis Share Buttons generic via filter on wp_trim_excerpt --><\/p>\n","protected":false},"author":17,"featured_media":0,"comment_status":"closed","ping_status":"open","sticky":false,"template":"","format":"standard","meta":{"_monsterinsights_skip_tracking":false,"_monsterinsights_sitenote_active":false,"_monsterinsights_sitenote_note":"","_monsterinsights_sitenote_category":0,"_uf_show_specific_survey":0,"_uf_disable_surveys":false,"footnotes":""},"categories":[976],"tags":[],"class_list":["post-19729","post","type-post","status-publish","format-standard","hentry","category-noticias-em-destaque"],"acf":[],"_links":{"self":[{"href":"https:\/\/pdt-rj.org.br\/index.php\/wp-json\/wp\/v2\/posts\/19729","targetHints":{"allow":["GET"]}}],"collection":[{"href":"https:\/\/pdt-rj.org.br\/index.php\/wp-json\/wp\/v2\/posts"}],"about":[{"href":"https:\/\/pdt-rj.org.br\/index.php\/wp-json\/wp\/v2\/types\/post"}],"author":[{"embeddable":true,"href":"https:\/\/pdt-rj.org.br\/index.php\/wp-json\/wp\/v2\/users\/17"}],"replies":[{"embeddable":true,"href":"https:\/\/pdt-rj.org.br\/index.php\/wp-json\/wp\/v2\/comments?post=19729"}],"version-history":[{"count":1,"href":"https:\/\/pdt-rj.org.br\/index.php\/wp-json\/wp\/v2\/posts\/19729\/revisions"}],"predecessor-version":[{"id":56942,"href":"https:\/\/pdt-rj.org.br\/index.php\/wp-json\/wp\/v2\/posts\/19729\/revisions\/56942"}],"wp:attachment":[{"href":"https:\/\/pdt-rj.org.br\/index.php\/wp-json\/wp\/v2\/media?parent=19729"}],"wp:term":[{"taxonomy":"category","embeddable":true,"href":"https:\/\/pdt-rj.org.br\/index.php\/wp-json\/wp\/v2\/categories?post=19729"},{"taxonomy":"post_tag","embeddable":true,"href":"https:\/\/pdt-rj.org.br\/index.php\/wp-json\/wp\/v2\/tags?post=19729"}],"curies":[{"name":"wp","href":"https:\/\/api.w.org\/{rel}","templated":true}]}}