{"id":19725,"date":"2008-12-14T00:00:00","date_gmt":"2008-12-14T00:00:00","guid":{"rendered":"http:\/\/www.malungo2.com.br\/pdt\/index.php\/delegacao-do-pdt-inicia-quinto-dia-de-visita-oficial-a-china"},"modified":"2017-10-26T09:09:06","modified_gmt":"2017-10-26T11:09:06","slug":"delegacao-do-12-inicia-quinto-dia-de-visita-oficial-a-china","status":"publish","type":"post","link":"https:\/\/pdt-rj.org.br\/index.php\/delegacao-do-12-inicia-quinto-dia-de-visita-oficial-a-china\/","title":{"rendered":"Delega\u00e7\u00e3o do PDT inicia quinto dia de visita oficial \u00e0 China"},"content":{"rendered":"<div><img decoding=\"async\" src=\"\/images\/pequim.3.vieira.chenfegxian.jpg\" width=300 align=left border=0>A visita da Delega\u00e7\u00e3o do PDT \u00e0 China&nbsp;prossegue na manh\u00e3 desta segunda-feira (15\/12) com uma palestra sobre o regime pol\u00edtico da China ministrada pelo subdiretor-geral do Escrit\u00f3rio Central do Comit\u00ea Permanente da Assembl\u00e9ia Popular Nacional, Wan Qigang, seguida de almo\u00e7o. Os brasileiros, a tarde, ter\u00e3o uma audi\u00eancia e assistir\u00e3o a uma palestra sobre a reforma e a abertura da China, do professor Fan Jida, da Academia Nacional de Administra\u00e7\u00e3o P\u00fablica. (<strong>Vieira da Cunha e o vice-ministro Zheng Wantong<\/strong>)<\/div>\n<div>&nbsp;<\/div>\n<div>Na manh\u00e3 de ter\u00e7a-feira a delega\u00e7\u00e3o parte para a cidade de Guiyang, capital da Prov\u00edncia de Guizhou, onde cumprir\u00e1 programa\u00e7\u00e3o local, seguida de viagem para outra capital provincial, Nanjing, considerada a capital do Sulda China, na Prov\u00edncia de Jiangsu. Segundo foram informados, ap\u00f3s os dias passados em Pequim, em reuni\u00f5es, palestras e passeios, os brasileiros ter\u00e3o oportunidade de ver a outra China, um pa\u00eds ainda desigual, em luta permanente contra o subdesenvolvimento.<\/div>\n<div>&nbsp;<\/div>\n<div>O retorno a Pequim est\u00e1 previsto para o pr\u00f3ximo domingo (21 de dezembro), quando a comitiva brasileira dever\u00e1 visitar a Escola do Comit\u00ea Central do Partido Comunista Chin\u00eas antes de partir, na segunda-feira 22 de dezembro para Paris, na viagem de 22 horas de retorno ao Brasil, com escala em Paris.<\/div>\n<div>&nbsp;<\/div>\n<div>Os dois primeiros dias da visita da delega\u00e7\u00e3o do PDT \u00e0 China foram dedicados a uma sucess\u00e3o de reuni\u00f5es iniciadas menos de duas horas ap\u00f3s o desembarque em Pequim depois de viagem que come\u00e7ou \u00e0s 22h30m de ter\u00e7a-feira (9\/12) em Guarulhos (SP) e terminou em Pequim, \u00e0s 10h30m da quinta-feira (11\/12), hora local. Foram 22 horas de v\u00f4o pela Air France, ap\u00f3s curta escala em Paris para trocar de aeronave. O descanso ficou para s\u00e1bado e domingo, dedicados a passeios e visitas a locais hist\u00f3ricos como a Grande Muralha da China, a Pra\u00e7a da Paz Celestial e a Cidade Proibida.<\/div>\n<div>&nbsp;<\/div>\n<div>A delega\u00e7\u00e3o brasileira de oito integrantes, no primeiro dia (11\/12), ap\u00f3s almo\u00e7o r\u00e1pido no Hotel Wanshou, se reuniu na sede do Departamento Internacional do Comit\u00ea Central do Partido Comunista Chin\u00eas (IDCPC) com o diretor-geral do Centro de Interc\u00e2mbio Internacional, Wang Hua, um admirador de Leonel Brizola. Wang fez uma palestra sobre a hist\u00f3ria da China de cinco mil anos, at\u00e9 os dias de hoje, passando pela funda\u00e7\u00e3o do PC chin\u00eas em 1921 e a chegada de Mao Tse Tung ao poder, em 1949.<\/div>\n<div>&nbsp;<\/div>\n<div>Wang Hua, al\u00e9m da palestra auxiliada por interpretes, quis ouvir a delega\u00e7\u00e3o sobre as conseq\u00fc\u00eancias da crise financeira internacional no Brasil, as iniciativas brasileiras para enfrentar o momento dif\u00edcil e as perspectivas da Am\u00e9rica Latina. Na opini\u00e3o de &nbsp;Wang a crise \u00e9 um desafio porque ao mesmo tempo que cria dificuldades, gera oportunidades para pa\u00edses como o Brasil e a China. <\/div>\n<div>&nbsp;<\/div>\n<div>Sobre os desafios da China, Wang explicou que seu pa\u00eds precisa gerar anualmente 20 milh\u00f5es de empregos s\u00f3 para atender ao crescimento demogr\u00e1fico, o que \u00e9 uma tarefa imensa para as autoridades. Ele tamb\u00e9m manifestou sua profunda convic\u00e7\u00e3o no futuro do Brasil &#8211; pa\u00eds que conhece bem e admira. Para ele, o Brasil tem v\u00e1rias vantagens sobre a China como a grandiosidade de seus recursos naturais e sua pequena popula\u00e7\u00e3o, tendo em vista as dimens\u00f5es continentais do seu territ\u00f3rio. Wang tem absoluta convic\u00e7\u00e3o de que o Brasil ser\u00e1 uma grande pot\u00eancia e o considera um parceiro estrat\u00e9gico para a China. <\/div>\n<div>&nbsp;<\/div>\n<div>Diante da atual crise mundial, acrescentou, uma das sa\u00eddas para a China \u00e9 fortalecer o mercado interno levando os bens de consumo &#8211; j\u00e1 comuns nas grandes cidades chinesas ondem vivem 45% da <img decoding=\"async\" height=194 src=\"\/images\/pequim.2.edialeda.jpg\" width=250 align=right border=0>popula\u00e7\u00e3o \u0096 para o campo. Dos 1,3 bilh\u00f5es de habitantes da China, 65% vivem no campo. E uma das melhores sa\u00eddas para a crise, do ponto de vista chin\u00eas, \u00e9 fortalecer o mercado interno al\u00e9m de fazer aplica\u00e7\u00f5es maci\u00e7as em infra-estrutura para melhorar o n\u00edvel de vida de todos os chineses, onde convivem 53 etnias diferentes em um territ\u00f3rio de mais de 9 milh\u00f5es de quil\u00f4metros quadrados. (<strong>Na foto a direita, a presidente do MOvimento Negro, Edialeda Nascimento, com o diretor geral do&nbsp;IDCPC, Wang Hua<\/strong>)<\/div>\n<div>&nbsp;<\/div>\n<div>Vieira da Cunha, em nome da delega\u00e7\u00e3o, agradeceu ao convite para a visita \u00e0 China e a pedido de Wang, falou sobre os desafios da vida pol\u00edtica brasileira na atualidade, especialmente a partir da crise internacional. Wang quis ouvir tamb\u00e9m a opini\u00e3o dos demais integrantes da comitiva, conversa que se prolongou pelo jantar de boas-vindas que ofereceu \u00e0 delega\u00e7\u00e3o brasileira.<\/div>\n<div>&nbsp;<\/div>\n<div>No segundo dia da visita, sexta-feira (12\/12), os brasileiros acompanharam palestra do vice-reitor da escola de forma\u00e7\u00e3o pol\u00edtica do PC em Pequim, Yun Qingyan, que descreveu detalhadamente como funcionam as estruturas internas do partido, a forma\u00e7\u00e3o de quadros, a filia\u00e7\u00e3o e a prepara\u00e7\u00e3o desses filiados atrav\u00e9s de cursos ministrados pela Escola Nacional de Forma\u00e7\u00e3o Pol\u00edtica, que se desdobra em outros cinco institutos que funcionam nas provincias.<\/div>\n<div>&nbsp;<\/div>\n<div>A delega\u00e7\u00e3o brasileira tamb\u00e9m se reuniu &nbsp;com o vice-ministro Chen Fengxiang, do IDCPC, tamb\u00e9m admirador de Brizola e profundo conhecedor da realidade brasileira. Encontro que tamb\u00e9m contou com a presen\u00e7a do Embaixador do Brasil na China, Clodoaldo Hugueney. <\/div>\n<div>&nbsp;<\/div>\n<div>Vieira da Cunha e o ministro Chen conversaram sobre quest\u00f5es relacionadas aos dois pa\u00edses, reuni\u00e3o seguida de almo\u00e7o. Na ocasi\u00e3o, o Embaixador Hugueney alertou ao vice-ministro que diante do crescimento de 80% das exporta\u00e7\u00f5es da China para o Brasil registrados este ano, h\u00e1 urgente necessidade da China aumentar as suas importa\u00e7\u00f5es do Brasil para reequilibrar a balan\u00e7a comercial entre os dois pa\u00edses.<\/div>\n<div>&nbsp;<\/div>\n<div>Do hotel onde se realizou a reuni\u00e3o, a delega\u00e7\u00e3o se deslocou para a sede da Assembl\u00e9ia Nacional Chinesa &#8211; onde funciona a Conferencia Consultiva Pol\u00edtica do Povo Chin\u00eas \u0096 para uma visita formal ao vice-presidente da confer\u00eancia, Zheng Wantong (foto). <\/div>\n<div>&nbsp;<\/div>\n<div>Vieira da Cunha e Zheng conversaram sobre quest\u00f5es relacionadas ao Brasil e a China, conversa que foi acompanhada pelo Embaixador Clodoaldo Hugueney e pelo vice-ministro Chen Fengxiang \u0096 al\u00e9m dos integrantes da delega\u00e7\u00e3o brasileira. Zheng exaltou a amizade de Brizola com a China, manifestou a sua certeza de que o Brasil e a China s\u00e3o parceiros estrat\u00e9gicos no mundo. Vieira, por sua vez, agradeceu as palavras elogiosas ao Brasil, agradeceu o carinho por Brizola, falou de sua satisfa\u00e7\u00e3o de estar na China e descreveu o momento pol\u00edtico brasileiro, destacando ainda que o PDT neste momento apoiava o governo Lula e ocupava o Minist\u00e9rio do Trabalho no Brasil, atrav\u00e9s de Carlos Lupi, presidente nacional licenciado do PDT.<\/div>\n<div>&nbsp;<\/div>\n<div>No s\u00e1bado e domingo a delega\u00e7\u00e3o brasileira visitou a Grande Muralha da China, os est\u00e1dios ol\u00edmpicos \u0093Ninho do P\u00e1ssaro\u0094 e \u0093Cubo Aqu\u00e1tico\u0094; e tamb\u00e9m a Paz da Paz Celestial e a Cidade Proibida, s\u00edmbolo do poder imperial chin\u00eas. <\/div>\n<div>&nbsp;<\/div>\n<div>A comitiva brasileira, chefiada pelo deputado Vieira da Cunha, presidente nacional do PDT, que est\u00e1 acompanhado da esposa, Luciane Vieira da Cunha, \u00e9 integrada por Manoel Dias, secret\u00e1rio geral do partido; Marcelo Panella, da Executiva Nacional; Edialeda Nascimento, secret\u00e1ria do Movimento Negro do PDT; Miguelina Vecchio, presidente do Movimento de Mulheres; M\u00e1rcio Bins, vice-secret\u00e1rio de Rela\u00e7\u00f5es Internacionais; Luizinho Nascimento, presidente nacional da JS-PDT e Osvaldo Maneschy, integrante da Executiva Nacional da Funda\u00e7\u00e3o Leonel Brizola \u0096 Alberto Pasqualini. (<b>OPM<\/b>) <\/div>\n<div>&nbsp;<\/div>\n<div><a href=\"http:\/\/pdt12.locaweb.com.br\/primeirapagina.asp?id=815\" target=_blank><strong>Leia Mais<\/strong><\/a><\/div>\n<p>l <\/p>\n<!-- AddThis Advanced Settings generic via filter on the_content --><!-- AddThis Share Buttons generic via filter on the_content -->","protected":false},"excerpt":{"rendered":"<p>A visita da Delega\u00e7\u00e3o do PDT \u00e0 China&nbsp;prossegue na manh\u00e3 desta segunda-feira (15\/12) com uma palestra sobre o regime pol\u00edtico da China ministrada pelo subdiretor-geral do Escrit\u00f3rio Central do Comit\u00ea Permanente da Assembl\u00e9ia Popular Nacional, Wan Qigang, seguida de almo\u00e7o. Os brasileiros, a tarde, ter\u00e3o uma audi\u00eancia e assistir\u00e3o a uma palestra sobre a reforma&#8230;<!-- AddThis Advanced Settings generic via filter on wp_trim_excerpt --><!-- AddThis Share Buttons generic via filter on wp_trim_excerpt --><\/p>\n","protected":false},"author":17,"featured_media":0,"comment_status":"closed","ping_status":"open","sticky":false,"template":"","format":"standard","meta":{"_monsterinsights_skip_tracking":false,"_monsterinsights_sitenote_active":false,"_monsterinsights_sitenote_note":"","_monsterinsights_sitenote_category":0,"_uf_show_specific_survey":0,"_uf_disable_surveys":false,"footnotes":""},"categories":[976],"tags":[],"class_list":["post-19725","post","type-post","status-publish","format-standard","hentry","category-noticias-em-destaque"],"acf":[],"_links":{"self":[{"href":"https:\/\/pdt-rj.org.br\/index.php\/wp-json\/wp\/v2\/posts\/19725","targetHints":{"allow":["GET"]}}],"collection":[{"href":"https:\/\/pdt-rj.org.br\/index.php\/wp-json\/wp\/v2\/posts"}],"about":[{"href":"https:\/\/pdt-rj.org.br\/index.php\/wp-json\/wp\/v2\/types\/post"}],"author":[{"embeddable":true,"href":"https:\/\/pdt-rj.org.br\/index.php\/wp-json\/wp\/v2\/users\/17"}],"replies":[{"embeddable":true,"href":"https:\/\/pdt-rj.org.br\/index.php\/wp-json\/wp\/v2\/comments?post=19725"}],"version-history":[{"count":1,"href":"https:\/\/pdt-rj.org.br\/index.php\/wp-json\/wp\/v2\/posts\/19725\/revisions"}],"predecessor-version":[{"id":56945,"href":"https:\/\/pdt-rj.org.br\/index.php\/wp-json\/wp\/v2\/posts\/19725\/revisions\/56945"}],"wp:attachment":[{"href":"https:\/\/pdt-rj.org.br\/index.php\/wp-json\/wp\/v2\/media?parent=19725"}],"wp:term":[{"taxonomy":"category","embeddable":true,"href":"https:\/\/pdt-rj.org.br\/index.php\/wp-json\/wp\/v2\/categories?post=19725"},{"taxonomy":"post_tag","embeddable":true,"href":"https:\/\/pdt-rj.org.br\/index.php\/wp-json\/wp\/v2\/tags?post=19725"}],"curies":[{"name":"wp","href":"https:\/\/api.w.org\/{rel}","templated":true}]}}