{"id":19723,"date":"2008-12-11T00:00:00","date_gmt":"2008-12-11T00:00:00","guid":{"rendered":"http:\/\/www.malungo2.com.br\/pdt\/index.php\/pdt-envia-delegacao-a-republica-popular-da-china"},"modified":"2017-10-26T09:09:07","modified_gmt":"2017-10-26T11:09:07","slug":"12-envia-delegacao-a-republica-popular-da-china","status":"publish","type":"post","link":"https:\/\/pdt-rj.org.br\/index.php\/12-envia-delegacao-a-republica-popular-da-china\/","title":{"rendered":"PDT envia delega\u00e7\u00e3o \u00e0 Rep\u00fablica Popular da China"},"content":{"rendered":"<div><img decoding=\"async\" src=\"\/images\/pequim.01.jpg\" width=200 align=left border=0>A&nbsp;convite do Departamento Internacional do Comit\u00ea Central do Partido Comunista da China (IDPC) chegou a Pequim nesta quinta-feira (11\/12) uma delega\u00e7\u00e3o oficial do Partido Democr\u00e1tico Trabalhista (PDT) chefiada pelo deputado federal Vieira da Cunha, presidente do PDT em exerc\u00edcio; e pelo secret\u00e1rio geral Manoel Dias. A comitiva brasileira se reuniu logo ap\u00f3s o desembarque com o diretor-geral do Centro de Interc\u00e2mbio Internacional do PCC para a Am\u00e9rica Latina, sr. Wang Hua, que falou sobre a situa\u00e7\u00e3o da Rep\u00fablica Popular da China hoje e as rela\u00e7\u00f5es da China com o mundo, especialmente Am\u00e9rica Latina. Houve troca de informa\u00e7\u00f5es sobre quest\u00f5es pol\u00edticas relacionadas aos dois pa\u00edses e nesta sexta-feira (12\/12) a delega\u00e7\u00e3o do PDT se re\u00fane com o vice-ministro chin\u00eas Chen Fegxiang, respons\u00e1vel pelo IDPC, e com o vice-presidente da Confer\u00eancia Consultiva Pol\u00edtica do Povo Chin\u00eas, Zheng Wantong.<br \/>, <br \/>No segundo dia da visita, nesta sexta (12\/12), a delega\u00e7\u00e3o do PDT reuniu-se pela manha com o vice-reitor da escola de forma\u00e7\u00e3o pol\u00edtica do PC chin\u00eas, Yin Quingyan, para trocar informa\u00e7oes sobre o assunto. Em seguida, a delega\u00e7ao brasileira deslocou-se a um hotel no centro de Pequim onde se reuniu com o vice-ministro do Departamento Internacional do Comit\u00ea Central do Partido Comunista, sr. Chen Fengxiang, reuniao seguida de almo\u00e7o oferecido aos brasileiros. De l\u00e1 a comitiva brasileira se deslocou para a sede da Confer\u00eancia Consultiva do Povo Chin\u00eas, no Pal\u00e1cio do Povo, para um encontro oficial com o vice-presidente da Confer\u00eancia, Sr. Zheng Wantong. O Embaixador do Brasil em Pequim, Clodoaldo Hugueney, acompanhou a comitiva brasileira em todos os&nbsp;compromissos com as&nbsp;autoridades do governo da China.&nbsp;<\/p>\n<p>Em todos os&nbsp;compromissos oficiais as autoridades chinesas fizeram quest\u00e3o de lembrar o nome de Brizola e as suas boas rela\u00e7\u00f5es com o Governo da China desde os tempos da Mao Ts\u00e9 Tung e Chou En Lai, principais l\u00edderes da Revolu\u00e7\u00e3o chinesa&nbsp;e do regime instaurado em 1949 que n\u00e3o s\u00f3 reergueu a China como a tornou uma superpotencia mundial.<\/p>\n<p><img decoding=\"async\" height=194 src=\"\/images\/pequim2.delegacao.geral.jpg\" width=350 align=left border=0><\/p>\n<p><strong>Vista Geral do sal\u00e3o do Pal\u00e1cio do Povo de Pequim onde os brasileiros foram recebidos pelo vice-ministro Zheng Wantong.<\/strong><\/div>\n<!-- AddThis Advanced Settings generic via filter on the_content --><!-- AddThis Share Buttons generic via filter on the_content -->","protected":false},"excerpt":{"rendered":"<p>A&nbsp;convite do Departamento Internacional do Comit\u00ea Central do Partido Comunista da China (IDPC) chegou a Pequim nesta quinta-feira (11\/12) uma delega\u00e7\u00e3o oficial do Partido Democr\u00e1tico Trabalhista (PDT) chefiada pelo deputado federal Vieira da Cunha, presidente do PDT em exerc\u00edcio; e pelo secret\u00e1rio geral Manoel Dias. A comitiva brasileira se reuniu logo ap\u00f3s o desembarque com&#8230;<!-- AddThis Advanced Settings generic via filter on wp_trim_excerpt --><!-- AddThis Share Buttons generic via filter on wp_trim_excerpt --><\/p>\n","protected":false},"author":17,"featured_media":0,"comment_status":"closed","ping_status":"open","sticky":false,"template":"","format":"standard","meta":{"_monsterinsights_skip_tracking":false,"_monsterinsights_sitenote_active":false,"_monsterinsights_sitenote_note":"","_monsterinsights_sitenote_category":0,"_uf_show_specific_survey":0,"_uf_disable_surveys":false,"footnotes":""},"categories":[976],"tags":[],"class_list":["post-19723","post","type-post","status-publish","format-standard","hentry","category-noticias-em-destaque"],"acf":[],"_links":{"self":[{"href":"https:\/\/pdt-rj.org.br\/index.php\/wp-json\/wp\/v2\/posts\/19723","targetHints":{"allow":["GET"]}}],"collection":[{"href":"https:\/\/pdt-rj.org.br\/index.php\/wp-json\/wp\/v2\/posts"}],"about":[{"href":"https:\/\/pdt-rj.org.br\/index.php\/wp-json\/wp\/v2\/types\/post"}],"author":[{"embeddable":true,"href":"https:\/\/pdt-rj.org.br\/index.php\/wp-json\/wp\/v2\/users\/17"}],"replies":[{"embeddable":true,"href":"https:\/\/pdt-rj.org.br\/index.php\/wp-json\/wp\/v2\/comments?post=19723"}],"version-history":[{"count":1,"href":"https:\/\/pdt-rj.org.br\/index.php\/wp-json\/wp\/v2\/posts\/19723\/revisions"}],"predecessor-version":[{"id":56951,"href":"https:\/\/pdt-rj.org.br\/index.php\/wp-json\/wp\/v2\/posts\/19723\/revisions\/56951"}],"wp:attachment":[{"href":"https:\/\/pdt-rj.org.br\/index.php\/wp-json\/wp\/v2\/media?parent=19723"}],"wp:term":[{"taxonomy":"category","embeddable":true,"href":"https:\/\/pdt-rj.org.br\/index.php\/wp-json\/wp\/v2\/categories?post=19723"},{"taxonomy":"post_tag","embeddable":true,"href":"https:\/\/pdt-rj.org.br\/index.php\/wp-json\/wp\/v2\/tags?post=19723"}],"curies":[{"name":"wp","href":"https:\/\/api.w.org\/{rel}","templated":true}]}}