{"id":19717,"date":"2008-12-09T00:00:00","date_gmt":"2008-12-09T00:00:00","guid":{"rendered":"http:\/\/www.malungo2.com.br\/pdt\/index.php\/governador-explica-em-carta-a-tentativa-de-golpe"},"modified":"2017-10-26T09:09:07","modified_gmt":"2017-10-26T11:09:07","slug":"governador-explica-em-carta-a-tentativa-de-golpe","status":"publish","type":"post","link":"https:\/\/pdt-rj.org.br\/index.php\/governador-explica-em-carta-a-tentativa-de-golpe\/","title":{"rendered":"Governador explica, em carta, a tentativa de golpe"},"content":{"rendered":"<p>Maranh\u00e3o, a gal\u00e1pagos pol\u00edtica <\/p>\n<p>Jackson Lago <br \/>Governador do Estado <\/p>\n<p>Arma-se um golpe no Maranh\u00e3o. Trama-se, nos bastidores, um golpe contra a democracia. O objetivo \u00e9 a reintegra\u00e7\u00e3o de posse de um feudo pol\u00edtico, o usucapi\u00e3o vital\u00edcio e heredit\u00e1rio do Maranh\u00e3o. Melhor seria decretar o territ\u00f3rio maranhense a nossa gal\u00e1pagos pol\u00edtica. L\u00e1, fica revogada a altern\u00e2ncia de poder. <br \/>Pro\u00edba-se a imprensa nacional de perscrutar nossa hist\u00f3ria. Na gal\u00e1pagos s\u00f3 entram os cientistas pol\u00edticos, curiosos para estudar algumas esp\u00e9cies raras, extintas no territ\u00f3rio nacional e que ainda vicejam no Maranh\u00e3o. O velho oligarca, a filha do oligarca, onde mais no pa\u00eds, sen\u00e3o na nossa gal\u00e1pagos, podemos estudar com darwiniana curiosidade t\u00e3o raros exemplares da evolu\u00e7\u00e3o pol\u00edtica brasileira? <br \/>Arma-se um golpe no Maranh\u00e3o, como se n\u00e3o houvesse ju\u00edzes em Bras\u00edlia. Alega-se desequil\u00edbrio na disputa, por conta de conv\u00eanios legalmente firmados entre o Governo do Estado e munic\u00edpios. Imputa-se a mim, candidato sem mandato, sem cargo p\u00fablico, sem tempo no hor\u00e1rio eleitoral, imputa-se a mim esse desequil\u00edbrio. Mas na nossa gal\u00e1pagos, n\u00e3o \u00e9 desequil\u00edbrio que o grupo familiar de uma candidata seja propriet\u00e1ria de 90% de toda a m\u00eddia do Estado. N\u00e3o desequilibra o pleito que o F\u00f3rum da capital tenha o nome do pai, e o Tribunal de Contas do Estado ostente o nome da filha. Em nome do pai e da filha e do santo esp\u00edrito da democracia, nada perturba nossa gal\u00e1pagos.&nbsp;<\/p>\n<p>Nomeiam hospitais, escolas, pontes, centros administrativos, gin\u00e1sios de esporte, vilas e at\u00e9 munic\u00edpios. Criou-se at\u00e9 o gent\u00edlico sarneyense, para quem nasce no munic\u00edpio de Presidente Sarney. Contra a lei, contra a moral, contra tudo. <br \/>Constrange-se o pr\u00f3prio presidente da Rep\u00fablica, que em seis anos de mandato nunca pisou em nossa capital e jamais inaugurou uma obra no Maranh\u00e3o. N\u00e3o, isso n\u00e3o desequilibra nenhuma disputa. \u00c9 assim mesmo na nossa gal\u00e1pagos.&nbsp;<\/p>\n<p>Dediquei quarenta anos de lutas enfrentando a mais formid\u00e1vel m\u00e1quina de desinforma\u00e7\u00e3o. Fundei um partido, o PDT, no qual estou at\u00e9 hoje. Estive no seu nascedouro, signat\u00e1rio da Carta de Lisboa, juntamente com Leonel Brizola, Darcy Ribeiro, Francisco Juli\u00e3o e Neiva Moreira. <br \/>Combati o golpe militar em defesa das liberdades democr\u00e1ticas.&nbsp;<\/p>\n<p>Na pol\u00edtica estadual concorri a v\u00e1rios cargos p\u00fablicos para o Legislativo estadual e federal. Denunciei a situa\u00e7\u00e3o de mis\u00e9ria do campon\u00eas maranhense, sonhei e lutei pela Anistia, disputei v\u00e1rias elei\u00e7\u00f5es com derrotas e vit\u00f3rias. Por tr\u00eas vezes nossa capital me fez o seu prefeito. Sa\u00ed de todos os mandatos com o patrim\u00f4nio de m\u00e9dico e funcion\u00e1rio p\u00fablico. N\u00e3o me fiz s\u00f3cio de qualquer empreendimento, em busca de vantagens.&nbsp;<\/p>\n<p>Em 1994 disputei o governo estadual e obtive 21% dos votos. Contava, na ocasi\u00e3o, com o apoio de dois dos 217 prefeitos do Estado. Em 2002, ainda na oposi\u00e7\u00e3o ao Governo do Estado, obtive 42% dos votos para governador. Finalmente, em 2006, com o lema Trabalho, Sa\u00fade e Educa\u00e7\u00e3o para Libertar o Maranh\u00e3o, obtive 34,36% dos votos no primeiro turno, o que permitiu unir os demais candidatos na Frente de Liberta\u00e7\u00e3o do Maranh\u00e3o que finalmente liberou nosso estado sofrido e exausto do dom\u00ednio olig\u00e1rquico de mais de 40 anos.&nbsp;<\/p>\n<p>O Maranh\u00e3o deu seu grito de liberdade! Seguimos o nosso objetivo de criar melhores condi\u00e7\u00f5es de vida para o nosso povo. Constru\u00ed em dois anos 160 escolas p\u00fablicas , afrontando as tr\u00eas escolas que Roseana Sarney fez em 7 anos e 4 meses de mandato. Pavimentei mais de 2 mil quil\u00f4metros de asfalto. Vamos inaugurar em breve o primeiro hospital de emerg\u00eancia\/urg\u00eancia no interior do estado. Nas \u00faltimas elei\u00e7\u00f5es o Estado confirmou o ocaso olig\u00e1rquico, elegendo 70% dos prefeitos dos partidos da Frente de Liberta\u00e7\u00e3o.&nbsp;<\/p>\n<p>Essa vota\u00e7\u00e3o expressa o natural rep\u00fadio do povo maranhense a tantos anos de atraso. No entanto, sou acusado, no Tribunal Superior Eleitoral, de abuso de poder econ\u00f4mico e de m\u00eddia. Pasmem, sou acusado, pelo grupo Sarney, de abuso de poder econ\u00f4mico e de m\u00eddia! <br \/>Fabricam provas, corrompem testemunhas, pregam verdadeiro terrorismo no Estado, jactando prest\u00edgios, antecipando decis\u00f5es judiciais. Quousque tandem? <br \/>Tenho um olho na Justi\u00e7a, na qual confio, e outro no povo maranhense, fiador do meu destino. Em contri\u00e7\u00e3o, soletro os versos gon\u00e7alvinos \u0093a vida \u00e9 combate, que aos fracos abate, aos fortes, aos bravos, s\u00f3 pode exaltar\u0094. <\/p>\n<!-- AddThis Advanced Settings generic via filter on the_content --><!-- AddThis Share Buttons generic via filter on the_content -->","protected":false},"excerpt":{"rendered":"<p>Maranh\u00e3o, a gal\u00e1pagos pol\u00edtica Jackson Lago Governador do Estado Arma-se um golpe no Maranh\u00e3o. Trama-se, nos bastidores, um golpe contra a democracia. O objetivo \u00e9 a reintegra\u00e7\u00e3o de posse de um feudo pol\u00edtico, o usucapi\u00e3o vital\u00edcio e heredit\u00e1rio do Maranh\u00e3o. Melhor seria decretar o territ\u00f3rio maranhense a nossa gal\u00e1pagos pol\u00edtica. L\u00e1, fica revogada a altern\u00e2ncia&#8230;<!-- AddThis Advanced Settings generic via filter on wp_trim_excerpt --><!-- AddThis Share Buttons generic via filter on wp_trim_excerpt --><\/p>\n","protected":false},"author":17,"featured_media":0,"comment_status":"closed","ping_status":"open","sticky":false,"template":"","format":"standard","meta":{"_monsterinsights_skip_tracking":false,"_monsterinsights_sitenote_active":false,"_monsterinsights_sitenote_note":"","_monsterinsights_sitenote_category":0,"_uf_show_specific_survey":0,"_uf_disable_surveys":false,"footnotes":""},"categories":[976],"tags":[],"class_list":["post-19717","post","type-post","status-publish","format-standard","hentry","category-noticias-em-destaque"],"acf":[],"_links":{"self":[{"href":"https:\/\/pdt-rj.org.br\/index.php\/wp-json\/wp\/v2\/posts\/19717","targetHints":{"allow":["GET"]}}],"collection":[{"href":"https:\/\/pdt-rj.org.br\/index.php\/wp-json\/wp\/v2\/posts"}],"about":[{"href":"https:\/\/pdt-rj.org.br\/index.php\/wp-json\/wp\/v2\/types\/post"}],"author":[{"embeddable":true,"href":"https:\/\/pdt-rj.org.br\/index.php\/wp-json\/wp\/v2\/users\/17"}],"replies":[{"embeddable":true,"href":"https:\/\/pdt-rj.org.br\/index.php\/wp-json\/wp\/v2\/comments?post=19717"}],"version-history":[{"count":1,"href":"https:\/\/pdt-rj.org.br\/index.php\/wp-json\/wp\/v2\/posts\/19717\/revisions"}],"predecessor-version":[{"id":56953,"href":"https:\/\/pdt-rj.org.br\/index.php\/wp-json\/wp\/v2\/posts\/19717\/revisions\/56953"}],"wp:attachment":[{"href":"https:\/\/pdt-rj.org.br\/index.php\/wp-json\/wp\/v2\/media?parent=19717"}],"wp:term":[{"taxonomy":"category","embeddable":true,"href":"https:\/\/pdt-rj.org.br\/index.php\/wp-json\/wp\/v2\/categories?post=19717"},{"taxonomy":"post_tag","embeddable":true,"href":"https:\/\/pdt-rj.org.br\/index.php\/wp-json\/wp\/v2\/tags?post=19717"}],"curies":[{"name":"wp","href":"https:\/\/api.w.org\/{rel}","templated":true}]}}