{"id":19648,"date":"2008-09-17T00:00:00","date_gmt":"2008-09-17T00:00:00","guid":{"rendered":"http:\/\/www.malungo2.com.br\/pdt\/index.php\/jornalistas-protestaram-em-defesa-da-profissao"},"modified":"2017-10-26T09:09:13","modified_gmt":"2017-10-26T11:09:13","slug":"jornalistas-protestaram-em-defesa-da-profissao","status":"publish","type":"post","link":"https:\/\/pdt-rj.org.br\/index.php\/jornalistas-protestaram-em-defesa-da-profissao\/","title":{"rendered":"Jornalistas protestaram em defesa da profiss\u00e3o"},"content":{"rendered":"<p><span style=\"mso-ansi-language: PT-BR\"><font class=text><\/p>\n<p class=MsoNoSpacing style=\"MARGIN: 0cm 0cm 0pt\"><span style=\"mso-ansi-language: PT-BR\"><strong>Hoje, Quarta-feira (17), \u00e9 dia de vestir a camisa do diploma <?xml:namespace prefix = o ns = \"urn:schemas-microsoft-com:office:office\" \/><o:p><\/o:p><\/strong><\/span><\/p>\n<p class=MsoNoSpacing style=\"MARGIN: 0cm 0cm 0pt\"><span style=\"mso-ansi-language: PT-BR\"><strong><span style=\"mso-spacerun: yes\">&nbsp;<\/span><o:p><\/o:p><\/strong><\/span><\/p>\n<p class=MsoNoSpacing style=\"MARGIN: 0cm 0cm 0pt\"><span style=\"mso-ansi-language: PT-BR\">Nesta quarta-feira (17\/9) \u00e9 dia de vestir a camisa de jornalista no ato p\u00fablico que a Fenaj, na semana em que completa 62 anos de funda\u00e7\u00e3o, organizou em frente ao Supremo Tribunal Federal (STF), na Pra\u00e7a dos Tr\u00eas Poderes, Bras\u00edlia, para defender o diploma universit\u00e1rio para o exerc\u00edcio da profiss\u00e3o. O in\u00edcio do ato p\u00fablico est\u00e1 marcado para as 13 horas. <o:p><\/o:p><\/span><\/p>\n<p class=MsoNoSpacing style=\"MARGIN: 0cm 0cm 0pt\"><span style=\"mso-ansi-language: PT-BR\"><span style=\"mso-spacerun: yes\">&nbsp;<\/span><o:p><\/o:p><\/span><\/p>\n<p class=MsoNoSpacing style=\"MARGIN: 0cm 0cm 0pt\"><span style=\"mso-ansi-language: PT-BR\">A FENAJ e os<span style=\"mso-spacerun: yes\">&nbsp; <\/span>31 Sindicatos de Jornalistas do pa\u00eds est\u00e3o convidando todos os profissionais, estudantes e professores de Jornalismo que n\u00e3o puderem se deslocar at\u00e9 Bras\u00edlia a vestir, hoje, <span style=\"mso-spacerun: yes\">&nbsp;<\/span>a camisa da campanha &#8220;Jornalistas por forma\u00e7\u00e3o&#8221; para marcar o protesto nas reda\u00e7\u00f5es, assessorias e faculdades de todos os estados. <o:p><\/o:p><\/span><\/p>\n<p class=MsoNoSpacing style=\"MARGIN: 0cm 0cm 0pt\"><span style=\"mso-ansi-language: PT-BR\"><span style=\"mso-spacerun: yes\">&nbsp;<\/span><o:p><\/o:p><\/span><\/p>\n<p class=MsoNoSpacing style=\"MARGIN: 0cm 0cm 0pt\"><span style=\"mso-ansi-language: PT-BR\">A Federa\u00e7\u00e3o Nacional dos Jornalistas (FENAJ) completa 62 anos de luta em defesa dos jornalistas, do Jornalismo e da democracia no pr\u00f3ximo dia 20, s\u00e1bado. Para marcar a data \u00e9 que os jornalistas de todo o Brasil marcaram o protesto contra mais esta tentativa de desregulamentar a profiss\u00e3o no pa\u00eds e derrubar uma conquista hist\u00f3rica da categoria e da sociedade, no seu direito de ser bem informada &#8211; o diploma de jornalista. H\u00e1 uma a\u00e7\u00e3o na pauta do STF, nas m\u00e3os do ministro Gilmar Mendes, prestes a ser julgada, originada de questionamento da<span style=\"mso-spacerun: yes\">&nbsp; <\/span>ABERT <span style=\"mso-spacerun: yes\">&nbsp;<\/span>de S\u00e3o Paulo, questionando a regulamenta\u00e7\u00e3o da profiss\u00e3o. <o:p><\/o:p><\/span><\/p>\n<p class=MsoNoSpacing style=\"MARGIN: 0cm 0cm 0pt\"><span style=\"mso-ansi-language: PT-BR\"><o:p>&nbsp;<\/o:p><\/span><\/p>\n<p class=MsoNoSpacing style=\"MARGIN: 0cm 0cm 0pt\"><span style=\"mso-ansi-language: PT-BR\">A tese dos patr\u00f5es <o:p><\/o:p><\/span><\/p>\n<p class=MsoNoSpacing style=\"MARGIN: 0cm 0cm 0pt\"><span style=\"mso-ansi-language: PT-BR\"><o:p>&nbsp;<\/o:p><\/span><\/p>\n<p class=MsoNoSpacing style=\"MARGIN: 0cm 0cm 0pt\"><span style=\"mso-ansi-language: PT-BR\">Alegando que a Constitui\u00e7\u00e3o de 1988 n\u00e3o acolheu o decreto lei 972\/69, que regulamenta a profiss\u00e3o de jornalista, os patr\u00f5es querem acabar com a obrigatoriedade do diploma como crit\u00e9rio de acesso a profiss\u00e3o. <o:p><\/o:p><\/span><\/p>\n<p class=MsoNoSpacing style=\"MARGIN: 0cm 0cm 0pt\"><span style=\"mso-ansi-language: PT-BR\"><o:p>&nbsp;<\/o:p><\/span><\/p>\n<p class=MsoNoSpacing style=\"MARGIN: 0cm 0cm 0pt\"><span style=\"mso-ansi-language: PT-BR\">Para reagir ao ataque \u00e0 organiza\u00e7\u00e3o dos trabalhadores, caravanas de jornalistas de reda\u00e7\u00e3o e assessoria de imprensa, estudantes e professores de Jornalismo, organizadas pelos 31 Sindicatos de Jornalistas, j\u00e1 est\u00e3o se deslocando<span style=\"mso-spacerun: yes\">&nbsp; <\/span>para Bras\u00edlia. Tamb\u00e9m confirmaram presen\u00e7a representantes do FNPJ (F\u00f3rum Nacional de Professores de Jornalismo), SBPJor (Sociedade Brasileira de Pesquisadores em Jornalismo), Intercom, ABI (Associa\u00e7\u00e3o Brasileira de Imprensa). <o:p><\/o:p><\/span><\/p>\n<p class=MsoNoSpacing style=\"MARGIN: 0cm 0cm 0pt\"><span style=\"mso-ansi-language: PT-BR\"><span style=\"mso-spacerun: yes\">&nbsp;<\/span><o:p><\/o:p><\/span><\/p>\n<p class=MsoNoSpacing style=\"MARGIN: 0cm 0cm 0pt\"><span style=\"mso-ansi-language: PT-BR\">E entidades de jornalismo de todo mundo est\u00e3o enviando notas de apoio \u00e0 campanha para a FENAJ e ao STF.<span style=\"mso-spacerun: yes\">&nbsp; <\/span>J\u00e1 chegaram \u00e0 FENAJ manifesta\u00e7\u00f5es dos jornalistas da Finl\u00e2ndia, da National Union of Somali Journalists &#8211; NUSOJ (Som\u00e1lia), Icelandic Union of Journalists (Isl\u00e2ndia),<span style=\"mso-spacerun: yes\">&nbsp; <\/span>jornalistas da Tun\u00edsia, Federa\u00e7\u00e3o de Jornalistas Africanos, National Union of Journalists &#8211; NUJ (Gr\u00e3-Bretanha), Union of Cyprus Journalists (cipriotas), Associacion Nacional de Periodistas del Peru (peruanos). A FIJ (Federa\u00e7\u00e3o Internacional dos Jornalistas) divulga a campanha e declara apoio em destaque no seu site. Para conferir:<span style=\"mso-spacerun: yes\">&nbsp; <\/span>www.ifj.org\/es<o:p><\/o:p><\/span><\/p>\n<p class=MsoNoSpacing style=\"MARGIN: 0cm 0cm 0pt\"><span style=\"mso-ansi-language: PT-BR\"><o:p>&nbsp;<\/o:p><\/span><\/p>\n<p class=MsoNoSpacing style=\"MARGIN: 0cm 0cm 0pt\"><span style=\"mso-ansi-language: PT-BR\"><o:p>&nbsp;<\/o:p><\/span><\/p>\n<p class=MsoNoSpacing style=\"MARGIN: 0cm 0cm 0pt\"><span style=\"mso-ansi-language: PT-BR\">Mobiliza\u00e7\u00e3o <o:p><\/o:p><\/span><\/p>\n<p class=MsoNoSpacing style=\"MARGIN: 0cm 0cm 0pt\"><span style=\"mso-ansi-language: PT-BR\"><o:p>&nbsp;<\/o:p><\/span><\/p>\n<p class=MsoNoSpacing style=\"MARGIN: 0cm 0cm 0pt\"><span style=\"mso-ansi-language: PT-BR\">Diretores da FENAJ e do Sindicato dos Jornalistas do DF intensificaram, nesta segunda-feira (15),a agenda de mobiliza\u00e7\u00e3o nas reda\u00e7\u00f5es, universidades e assessorias. As principais empresas de comunica\u00e7\u00e3o da capital federal e a escolas de Jornalismo est\u00e3o sendo visitadas. <o:p><\/o:p><\/span><\/p>\n<p class=MsoNoSpacing style=\"MARGIN: 0cm 0cm 0pt\"><span style=\"mso-ansi-language: PT-BR\"><o:p>&nbsp;<\/o:p><\/span><\/p>\n<p class=MsoNoSpacing style=\"MARGIN: 0cm 0cm 0pt\"><span style=\"mso-ansi-language: PT-BR\">A inten\u00e7\u00e3o do protesto do dia 17 \u00e9 sensibilizar os 11 ministros do STF a votarem a favor da manuten\u00e7\u00e3o do diploma como garantia m\u00ednima de qualifica\u00e7\u00e3o te\u00f3rica, \u00e9tica e t\u00e9cnica profissional e de um Jornalismo voltado para o interesse p\u00fablico.<\/span><\/p>\n<p><\/font><\/span><\/p>\n<!-- AddThis Advanced Settings generic via filter on the_content --><!-- AddThis Share Buttons generic via filter on the_content -->","protected":false},"excerpt":{"rendered":"<p>Hoje, Quarta-feira (17), \u00e9 dia de vestir a camisa do diploma &nbsp; Nesta quarta-feira (17\/9) \u00e9 dia de vestir a camisa de jornalista no ato p\u00fablico que a Fenaj, na semana em que completa 62 anos de funda\u00e7\u00e3o, organizou em frente ao Supremo Tribunal Federal (STF), na Pra\u00e7a dos Tr\u00eas Poderes, Bras\u00edlia, para defender o&#8230;<!-- AddThis Advanced Settings generic via filter on wp_trim_excerpt --><!-- AddThis Share Buttons generic via filter on wp_trim_excerpt --><\/p>\n","protected":false},"author":17,"featured_media":0,"comment_status":"closed","ping_status":"open","sticky":false,"template":"","format":"standard","meta":{"_monsterinsights_skip_tracking":false,"_monsterinsights_sitenote_active":false,"_monsterinsights_sitenote_note":"","_monsterinsights_sitenote_category":0,"_uf_show_specific_survey":0,"_uf_disable_surveys":false,"footnotes":""},"categories":[976],"tags":[],"class_list":["post-19648","post","type-post","status-publish","format-standard","hentry","category-noticias-em-destaque"],"acf":[],"_links":{"self":[{"href":"https:\/\/pdt-rj.org.br\/index.php\/wp-json\/wp\/v2\/posts\/19648","targetHints":{"allow":["GET"]}}],"collection":[{"href":"https:\/\/pdt-rj.org.br\/index.php\/wp-json\/wp\/v2\/posts"}],"about":[{"href":"https:\/\/pdt-rj.org.br\/index.php\/wp-json\/wp\/v2\/types\/post"}],"author":[{"embeddable":true,"href":"https:\/\/pdt-rj.org.br\/index.php\/wp-json\/wp\/v2\/users\/17"}],"replies":[{"embeddable":true,"href":"https:\/\/pdt-rj.org.br\/index.php\/wp-json\/wp\/v2\/comments?post=19648"}],"version-history":[{"count":1,"href":"https:\/\/pdt-rj.org.br\/index.php\/wp-json\/wp\/v2\/posts\/19648\/revisions"}],"predecessor-version":[{"id":57010,"href":"https:\/\/pdt-rj.org.br\/index.php\/wp-json\/wp\/v2\/posts\/19648\/revisions\/57010"}],"wp:attachment":[{"href":"https:\/\/pdt-rj.org.br\/index.php\/wp-json\/wp\/v2\/media?parent=19648"}],"wp:term":[{"taxonomy":"category","embeddable":true,"href":"https:\/\/pdt-rj.org.br\/index.php\/wp-json\/wp\/v2\/categories?post=19648"},{"taxonomy":"post_tag","embeddable":true,"href":"https:\/\/pdt-rj.org.br\/index.php\/wp-json\/wp\/v2\/tags?post=19648"}],"curies":[{"name":"wp","href":"https:\/\/api.w.org\/{rel}","templated":true}]}}