{"id":19609,"date":"2008-08-04T00:00:00","date_gmt":"2008-08-04T00:00:00","guid":{"rendered":"http:\/\/www.malungo2.com.br\/pdt\/index.php\/cidade-administrada-pelo-pdt-aposta-em-projeto-educacional"},"modified":"2017-10-26T09:09:17","modified_gmt":"2017-10-26T11:09:17","slug":"cidade-administrada-pelo-12-aposta-em-projeto-educacional","status":"publish","type":"post","link":"https:\/\/pdt-rj.org.br\/index.php\/cidade-administrada-pelo-12-aposta-em-projeto-educacional\/","title":{"rendered":"Cidade administrada pelo PDT aposta em projeto educacional"},"content":{"rendered":"<p>Pol\u00edticas p\u00fablicas perenes garantem qualidade tamb\u00e9m na \u00e1rea de sa\u00fade <br \/>INDAIATUBA (SP). A cidade brasileira melhor avaliada na pesquisa da Firjan \u00e9 diferente da maioria dos outros 86 munic\u00edpios paulistas que lideram o ranking. Indaiatuba, com 200 mil habitantes, parece uma ilha em meio \u00e0 paisagem urbana que mistura a Regi\u00e3o Metropolitana de Campinas \u00e0 Grande S\u00e3o Paulo, com bols\u00f5es de mis\u00e9ria, desemprego e viol\u00eancia. <br \/>Indaiatuba n\u00e3o tem uma favela sequer. A menos de 100 quil\u00f4metros do Centro de S\u00e3o Paulo, o desemprego \u00e9 m\u00ednimo e at\u00e9 a sa\u00fade p\u00fablica funciona bem. Nas escolas municipais, todos os estudantes t\u00eam um lap top ou um terminal ligado \u00e0 internet. O segredo? Pol\u00edticas p\u00fablicas perenes. Intercalam-se os prefeitos, os secret\u00e1rios, mas a maioria dos projetos importantes tem sido aprimorada, em vez de trocada ou esquecida. <br \/>&#8211; A gest\u00e3o na Educa\u00e7\u00e3o j\u00e1 dura 34 anos. Tratamos a \u00e1rea como pol\u00edtica de Estado, n\u00e3o de governos. At\u00e9 hoje, nenhum prefeito quis mudar nosso projeto, porque ele d\u00e1 certo &#8211; explica a doutora em Pedagogia pela Unicamp e secret\u00e1ria da Educa\u00e7\u00e3o, Jane Shirley <br \/>Escodro Ferretti. <br \/>&#8211; Boa parte de nossas pol\u00edticas \u00e9 realmente perene e n\u00e3o de uma gest\u00e3o ou outra. O que temos feito s\u00e3o aprimoramentos. Isso d\u00e1 confian\u00e7a inclusive \u00e0s empresas que se instalam aqui. Oferecemos educa\u00e7\u00e3o, sa\u00fade e muita qualifica\u00e7\u00e3o &#8211; diz o prefeito, Jos\u00e9 On\u00e9rio (PDT). <br \/>Com 750 ind\u00fastrias (inclusive grandes, como Toyota e Unilever) e um or\u00e7amento de R$400 milh\u00f5es, a prefeitura investe em capacita\u00e7\u00e3o. Com renda familiar m\u00e9dia de R$1.303,78, PIB de R$18.977 e taxa de desemprego de 2,8% (contra quase 14% na Grande S\u00e3o Paulo), a cidade tem uma autarquia especializada em qualificar m\u00e3o-de-obra. <br \/>Indaiatuba est\u00e1 na 49\u00aa posi\u00e7\u00e3o do ranking das 200 cidades que mais geraram empregos formais de 2006 a 2007, segundo pesquisa do Minist\u00e9rio do Trabalho. Saltou de 1.720 vagas em 2006 para 5.326 em 2007. <br \/>&#8211; Favelas, n\u00e3o aceitamos. Em 2005 surgiram 36 barracos. Detectamos e fizemos 106 casas. Se algu\u00e9m chega e monta um barraco, tentamos mandar de volta para o local de origem. Temos 2.655 Bolsas Fam\u00edlia. Queremos tirar as fam\u00edlias desse ciclo &#8211; destaca o prefeito. <br \/>Na sa\u00fade, os programas t\u00eam sido seguidos desde 1989. <br \/>&#8211; Fazemos aprimoramentos. Por exemplo: as gestantes que fizerem dez consultas e duas ultras, no nascimento ganham um enxoval. Mandamos uma equipe atr\u00e1s do beb\u00ea, aplicamos vacinas. Se forem levados \u00e0s consultas, ganham presentes. Isso \u00e9 preven\u00e7\u00e3o &#8211; diz o secret\u00e1rio da Sa\u00fade, Roney Pagotto. <br \/>A educa\u00e7\u00e3o, por\u00e9m, \u00e9 que tem sido a estrela da cidade. A rede municipal tem projeto pedag\u00f3gico. Alunos e professores s\u00e3o constantemente monitorados. V\u00e1rios sites s\u00e3o bloqueados, impedindo a &#8220;educa\u00e7\u00e3o google&#8221; do &#8220;localiza, pega e cola&#8221;, explica T\u00e2nia Castanho, pedagoga especializada em tecnologias. <br \/>O que os estudantes aprendem tamb\u00e9m \u00e9 diferente. Quase 90% dos 800 professores&nbsp; cursaram universidades. Nas turmas, h\u00e1 ainda um trio composto por fil\u00f3sofo, artista e&nbsp; professor de educa\u00e7\u00e3o f\u00edsica. O curr\u00edculo se pauta em construtivismo e humanismo. <br \/>Lucas Gabriel Virgulino Sim\u00f5es, de 9 anos, morador do bairro pobre Jardim Carlos Aldrovandi, diz que seu desempenho escolar melhorou com a inform\u00e1tica. E que recebe li\u00e7\u00f5es para ser solid\u00e1rio: <br \/>&#8211; Se a pessoa n\u00e3o tiver carinho pelas outras, n\u00e3o tem jeito. N\u00e3o adianta eu dividir um pacote de bolachas com os colegas se n\u00e3o tiver carinho e respeito por eles.<\/p>\n<!-- AddThis Advanced Settings generic via filter on the_content --><!-- AddThis Share Buttons generic via filter on the_content -->","protected":false},"excerpt":{"rendered":"<p>Pol\u00edticas p\u00fablicas perenes garantem qualidade tamb\u00e9m na \u00e1rea de sa\u00fade INDAIATUBA (SP). A cidade brasileira melhor avaliada na pesquisa da Firjan \u00e9 diferente da maioria dos outros 86 munic\u00edpios paulistas que lideram o ranking. Indaiatuba, com 200 mil habitantes, parece uma ilha em meio \u00e0 paisagem urbana que mistura a Regi\u00e3o Metropolitana de Campinas \u00e0&#8230;<!-- AddThis Advanced Settings generic via filter on wp_trim_excerpt --><!-- AddThis Share Buttons generic via filter on wp_trim_excerpt --><\/p>\n","protected":false},"author":17,"featured_media":0,"comment_status":"closed","ping_status":"open","sticky":false,"template":"","format":"standard","meta":{"_monsterinsights_skip_tracking":false,"_monsterinsights_sitenote_active":false,"_monsterinsights_sitenote_note":"","_monsterinsights_sitenote_category":0,"_uf_show_specific_survey":0,"_uf_disable_surveys":false,"footnotes":""},"categories":[976],"tags":[],"class_list":["post-19609","post","type-post","status-publish","format-standard","hentry","category-noticias-em-destaque"],"acf":[],"_links":{"self":[{"href":"https:\/\/pdt-rj.org.br\/index.php\/wp-json\/wp\/v2\/posts\/19609","targetHints":{"allow":["GET"]}}],"collection":[{"href":"https:\/\/pdt-rj.org.br\/index.php\/wp-json\/wp\/v2\/posts"}],"about":[{"href":"https:\/\/pdt-rj.org.br\/index.php\/wp-json\/wp\/v2\/types\/post"}],"author":[{"embeddable":true,"href":"https:\/\/pdt-rj.org.br\/index.php\/wp-json\/wp\/v2\/users\/17"}],"replies":[{"embeddable":true,"href":"https:\/\/pdt-rj.org.br\/index.php\/wp-json\/wp\/v2\/comments?post=19609"}],"version-history":[{"count":1,"href":"https:\/\/pdt-rj.org.br\/index.php\/wp-json\/wp\/v2\/posts\/19609\/revisions"}],"predecessor-version":[{"id":57054,"href":"https:\/\/pdt-rj.org.br\/index.php\/wp-json\/wp\/v2\/posts\/19609\/revisions\/57054"}],"wp:attachment":[{"href":"https:\/\/pdt-rj.org.br\/index.php\/wp-json\/wp\/v2\/media?parent=19609"}],"wp:term":[{"taxonomy":"category","embeddable":true,"href":"https:\/\/pdt-rj.org.br\/index.php\/wp-json\/wp\/v2\/categories?post=19609"},{"taxonomy":"post_tag","embeddable":true,"href":"https:\/\/pdt-rj.org.br\/index.php\/wp-json\/wp\/v2\/tags?post=19609"}],"curies":[{"name":"wp","href":"https:\/\/api.w.org\/{rel}","templated":true}]}}