{"id":19602,"date":"2008-07-23T00:00:00","date_gmt":"2008-07-23T03:00:00","guid":{"rendered":"http:\/\/www.malungo2.com.br\/pdt\/index.php\/livro-de-brizola-e-lancado-no-rio"},"modified":"2017-01-26T16:43:15","modified_gmt":"2017-01-26T18:43:15","slug":"livro-de-brizola-e-lancado-no-rio","status":"publish","type":"post","link":"https:\/\/pdt-rj.org.br\/index.php\/livro-de-brizola-e-lancado-no-rio\/","title":{"rendered":"Livro de Brizola \u00e9 lan\u00e7ado no Rio"},"content":{"rendered":"<p>O livro El Caudillo &#8211; Leonel Brizola, Um Perfil Biogr\u00e1fico, foi lan\u00e7ado&nbsp;no dia 07 de agosto, uma quinta-feira, \u00e0s 18:30 hs, no Rio de Janeiro, no Museu da Rep\u00fablica.Trata-se da primeira biografia de Leonel Brizola, quatro anos depois da morte repentina do velho l\u00edder trabalhista, que sacudiu a pol\u00edtica brasileira nos \u00faltimos 50 anos. De autoria do jornalista pol\u00edtico FC Leite Filho, h\u00e1 40 anos residindo na cidade, o livro, de 544 p\u00e1ginas, 24 das quais de fotografias. Editado pela Aquariana (0xx11-5031-1500), de S\u00e3o Paulo, a obra pretende fazer uma s\u00edntese da tempestuosa vida de Brizola. Ele aborda sua travessia desde a juventude, na Ala Mo\u00e7a do antigo PTB, em 1946, e enfoca os epis\u00f3dios que mais a marcaram: Cadeia da Legalidade, encampa\u00e7\u00e3o de multinacionais no Rio Grande do Sul, as pol\u00eamicas com a m\u00eddia, Carlos Lacerda e o Presidente Kennedy eo programa de educa\u00e7\u00e3o integral dos CIEPs. <\/p>\n<p>A revista <a href=\"http:\/\/www.cartacapital.com.br\/app\/index.jsp\">Carta Capital<\/a>, de Mino Carta, abre tr\u00eas p\u00e1ginas de sua edi\u00e7\u00e3o impressa desta semana, com reprodu\u00e7\u00e3o no site, assinada pelo jornalista Luiz Ant\u00f4nio Cintra, para uma entrevista do autor d &#8220;El Caudillo&#8221;, com a seguinte chamada:&nbsp;&nbsp;Brizola sem retoques &#8211; Autor de \u0092El Caudillo\u0092, o jornalista FC Leite Filho recupera a trajet\u00f3ria do l\u00edder que n\u00e3o temia o confronto&#8221;. Leia a reportagem, <a href=\"http:\/\/www.cartacapital.com.br\/app\/index.jsp\">clicando aqui,<\/a> que o levar\u00e1 ao site de Carta Capital. <\/p>\n<p>Sobre o livro, escreveu o jornalista Pedro Ayres, do Rio de Janeiro:&#8221;Os brasileiros que n\u00e3o viveram e nem participaram da vida pol\u00edtica brasileira dos \u00faltimos 60 anos t\u00eam agora a oportunidade de conhecer a hist\u00f3ria de um grande brasileiro. Algu\u00e9m que realmente merece o t\u00edtulo de &#8220;el caudillo&#8221;, que em espanhol quer dizer o que \u00e9 l\u00edder e estadista, bem ao contr\u00e1rio do preconceito americanizado que h\u00e1 muito vigora por estas plagas. \u00c9 muito importante que a Hist\u00f3ria nacional seja revista, pois, n\u00e3o se pode permitir que o controle ideol\u00f3gico e at\u00e9 sem\u00e2ntico da nossa cultura continue, caso contr\u00e1rio perderemos a nossa identidade nacional&#8221;.<br \/>&nbsp;<br \/>FC Leite Filho era muito pr\u00f3ximo de Brizola, desde que o conheceu, no fim do ex\u00edlio, em Lisboa, em 1979, mas esbarrou numa s\u00e9ria dificuldade: seu personagem n\u00e3o gostava de falar de si pr\u00f3prio. Da\u00ed sua recusa em depor para os bi\u00f3grafos, incluindo um de Fidel Castro. Cautela, timidez, medo da morte? Ningu\u00e9m sabe, mas o jornalista brasiliense conseguiu, ao longo de quase 12 anos de pesquisas e, claro, aproveitando muito do contato direto com o biografado, tra\u00e7ar um perfil apreci\u00e1vel d\u0092El Caudillo(o termo \u00e9 aqui usado na acep\u00e7\u00e3o original e vigente na Am\u00e9rica Espanhola de chefe guerreiro). <\/p>\n<p>Ali est\u00e3o relatados acontecimetnos que viraram hist\u00f3ria, como a derrota que aplicou ao Ex\u00e9rcito, que, em 1961, vetou a posse do Vice-Presidente Jo\u00e3o Goulart; os embates com os Di\u00e1rios Associados e a Globo e as vit\u00f3rias eleitorais em territ\u00f3rios ga\u00facho e fluminense. Est\u00e3o tamb\u00e9m suas derrotas monumentais, como aquela que quase o levou \u00e0 Presid\u00eancia da Rep\u00fablica, em 1989, e o seu longo definhar eleitoral. <\/p>\n<p>Por que ele n\u00e3o se elegeu Presidente, em 1989, quando j\u00e1 tinha dado a volta por cima da cassa\u00e7\u00e3o e do ex\u00edlio de 15 anos? \u00c9 o que se prop\u00f5e a relatar e avaliar aqui o rep\u00f3rter e analista pol\u00edtico FC Leite Filho, que conheceu Brizola em Lisboa, dias antes da anistia, em 1979, quando com ele entabulou uma longa conviv\u00eancia que, nos \u00faltimos tempos, se tornou quase di\u00e1ria. \u00c9 desta aproxima\u00e7\u00e3o e da farta documenta\u00e7\u00e3o que reuniu , que o autor tenta enfocar os altos e baixos do \u00faltimo dos grandes caudilhos sul-americanos.<br \/>&nbsp;<br \/>Diz o pref\u00e1cio do jornalista e ex-deputado Neiva Moreira, de 90 anos, secret\u00e1rio-geral da Frente Parlamentar Nacionalista (1964) e um dos bra\u00e7os-direitos de Brizola: \u0093Aqui se retrata a longa e acidentada a\u00e7\u00e3o pol\u00edtica e social e os pequenos e grandes fatos da vida deste brasileiro, com quem convivi por mais de 40 anos, tanto nos momentos de gl\u00f3ria como nos de opr\u00f3brio.\u0094&nbsp;O livro tem o formato de 16 X 23, com 544 p\u00e1ginas e custar\u00e1 R$ 60,00. <\/p>\n<p><strong>Sobre o Autor<\/strong> <\/p>\n<p>Francisco das Chagas Leite Filho, (Sobral \u0096 Cear\u00e1, 1947) reside em Bras\u00edlia desde 1968. Come\u00e7ou no r\u00e1dio, em sua cidade, aos 14 anos, e na capital, militou nos principais jornais \u0096 Correio Braziliense, Di\u00e1rio Popular, Estado de Minas, Jornal do Brasil, Correio do Povo, O Globo e Folha de S. Paulo. Em 1977-78, atuou como correspondente do Correio, em Londres. Conheceu Leonel Brizola quando este ainda era exilado, em Lisboa, em 1979, como enviado especial do CB . A partir da\u00ed desenvolveu intensa amizade com o l\u00edder trabalhista, tornando-se membro do Diret\u00f3rio Nacional e assessor na Lideran\u00e7a do PDT, em 1989.&nbsp;<\/p>\n<p>Leia tamb\u00e9m: <a href=\"\/primeirapagina.asp?id=670\"><strong>Leite Filho lan\u00e7a biografia de Brizola em Bras\u00edlia<\/strong><\/a><\/p>\n<!-- AddThis Advanced Settings generic via filter on the_content --><!-- AddThis Share Buttons generic via filter on the_content -->","protected":false},"excerpt":{"rendered":"<p>O livro El Caudillo &#8211; Leonel Brizola, Um Perfil Biogr\u00e1fico, foi lan\u00e7ado&nbsp;no dia 07 de agosto, uma quinta-feira, \u00e0s 18:30 hs, no Rio de Janeiro, no Museu da Rep\u00fablica.Trata-se da primeira biografia de Leonel Brizola, quatro anos depois da morte repentina do velho l\u00edder trabalhista, que sacudiu a pol\u00edtica brasileira nos \u00faltimos 50 anos. De&#8230;<!-- AddThis Advanced Settings generic via filter on wp_trim_excerpt --><!-- AddThis Share Buttons generic via filter on wp_trim_excerpt --><\/p>\n","protected":false},"author":17,"featured_media":0,"comment_status":"closed","ping_status":"closed","sticky":false,"template":"","format":"standard","meta":{"_monsterinsights_skip_tracking":false,"_monsterinsights_sitenote_active":false,"_monsterinsights_sitenote_note":"","_monsterinsights_sitenote_category":0,"_uf_show_specific_survey":0,"_uf_disable_surveys":false,"footnotes":""},"categories":[1401],"tags":[],"class_list":["post-19602","post","type-post","status-publish","format-standard","hentry","category-nacional"],"acf":[],"_links":{"self":[{"href":"https:\/\/pdt-rj.org.br\/index.php\/wp-json\/wp\/v2\/posts\/19602","targetHints":{"allow":["GET"]}}],"collection":[{"href":"https:\/\/pdt-rj.org.br\/index.php\/wp-json\/wp\/v2\/posts"}],"about":[{"href":"https:\/\/pdt-rj.org.br\/index.php\/wp-json\/wp\/v2\/types\/post"}],"author":[{"embeddable":true,"href":"https:\/\/pdt-rj.org.br\/index.php\/wp-json\/wp\/v2\/users\/17"}],"replies":[{"embeddable":true,"href":"https:\/\/pdt-rj.org.br\/index.php\/wp-json\/wp\/v2\/comments?post=19602"}],"version-history":[{"count":1,"href":"https:\/\/pdt-rj.org.br\/index.php\/wp-json\/wp\/v2\/posts\/19602\/revisions"}],"predecessor-version":[{"id":52576,"href":"https:\/\/pdt-rj.org.br\/index.php\/wp-json\/wp\/v2\/posts\/19602\/revisions\/52576"}],"wp:attachment":[{"href":"https:\/\/pdt-rj.org.br\/index.php\/wp-json\/wp\/v2\/media?parent=19602"}],"wp:term":[{"taxonomy":"category","embeddable":true,"href":"https:\/\/pdt-rj.org.br\/index.php\/wp-json\/wp\/v2\/categories?post=19602"},{"taxonomy":"post_tag","embeddable":true,"href":"https:\/\/pdt-rj.org.br\/index.php\/wp-json\/wp\/v2\/tags?post=19602"}],"curies":[{"name":"wp","href":"https:\/\/api.w.org\/{rel}","templated":true}]}}