{"id":19601,"date":"2008-07-21T00:00:00","date_gmt":"2008-07-21T00:00:00","guid":{"rendered":"http:\/\/www.malungo2.com.br\/pdt\/index.php\/cristovam-propoe-criacao-do-programa-cesta-basica-do-livro"},"modified":"2017-10-26T09:09:18","modified_gmt":"2017-10-26T11:09:18","slug":"cristovam-propoe-criacao-do-programa-cesta-basica-do-livro","status":"publish","type":"post","link":"https:\/\/pdt-rj.org.br\/index.php\/cristovam-propoe-criacao-do-programa-cesta-basica-do-livro\/","title":{"rendered":"Cristovam prop\u00f5e cria\u00e7\u00e3o do Programa Cesta B\u00e1sica do Livro"},"content":{"rendered":"<p>Tramita na Comiss\u00e3o de Educa\u00e7\u00e3o, Cultura e Esporte (CE) projeto de lei do senador Cristovam Buarque (PDT-DF) que autoriza o Executivo a criar, no Minist\u00e9rio da Educa\u00e7\u00e3o, o Programa Cesta B\u00e1sica do Livro (PLS 278\/08). O objetivo \u00e9 garantir um acervo m\u00ednimo de livros \u00e0s fam\u00edlias de estudantes do ensino p\u00fablico fundamental e m\u00e9dio. <br \/>A mat\u00e9ria aguarda recebimento de emendas na comiss\u00e3o. De acordo com o projeto, essas fam\u00edlias devem receber, a cada bimestre letivo, dois livros <br \/>de conte\u00fado liter\u00e1rio, art\u00edstico ou cient\u00edfico, constantes de um cat\u00e1logo amplo que ser\u00e1 atualizado a cada dois anos, elaborado pelo Minist\u00e9rio da Educa\u00e7\u00e3o e aprovado pela C\u00e2mara de Educa\u00e7\u00e3o B\u00e1sica do Conselho Nacional de Educa\u00e7\u00e3o. <br \/>Na exposi\u00e7\u00e3o de motivos para a apresenta\u00e7\u00e3o do projeto, Cristovam disse que seu objetivo \u00e9 convencer a Na\u00e7\u00e3o de que a cesta b\u00e1sica n\u00e3o se comp\u00f5e apenas de bens materiais e produtos alimentares. <br \/>&#8211; Assim como toda fam\u00edlia hoje disp\u00f5e de um aparelho de televis\u00e3o para conect\u00e1-la ao mundo e \u00e0 sociedade brasileira, \u00e9 preciso que os livros, esse patrim\u00f4nio cultural insubstitu\u00edvel da Humanidade, passem a fazer parte da cesta b\u00e1sica, do cotidiano de &#8220;aquisi\u00e7\u00e3o&#8221; patrimonial das fam\u00edlias brasileiras &#8211; disse. <br \/>O senador lembrou que estudos recentes t\u00eam mostrado a diferen\u00e7a positiva de desempenho na alfabetiza\u00e7\u00e3o de crian\u00e7as que disp\u00f5em de livros, jornais e revistas em casa. Ele destacou, no entanto, que existem cerca de 15 milh\u00f5es de brasileiros sem acesso a esses recursos. <br \/>&#8211; Calcule-se a riqueza de difus\u00e3o cultural que propiciar\u00e1 a distribui\u00e7\u00e3o massiva de cl\u00e1ssicos de nossa literatura, bem como de obras art\u00edsticas e cientificas a que a maioria da popula\u00e7\u00e3o hoje n\u00e3o tem acesso, embora constem, muitas vezes, de bibliotecas pouco freq\u00fcentadas pelas fam\u00edlias pobres, cujos membros somam a maioria da nossa Na\u00e7\u00e3o &#8211; concluiu o senador.<\/p>\n<!-- AddThis Advanced Settings generic via filter on the_content --><!-- AddThis Share Buttons generic via filter on the_content -->","protected":false},"excerpt":{"rendered":"<p>Tramita na Comiss\u00e3o de Educa\u00e7\u00e3o, Cultura e Esporte (CE) projeto de lei do senador Cristovam Buarque (PDT-DF) que autoriza o Executivo a criar, no Minist\u00e9rio da Educa\u00e7\u00e3o, o Programa Cesta B\u00e1sica do Livro (PLS 278\/08). O objetivo \u00e9 garantir um acervo m\u00ednimo de livros \u00e0s fam\u00edlias de estudantes do ensino p\u00fablico fundamental e m\u00e9dio. A&#8230;<!-- AddThis Advanced Settings generic via filter on wp_trim_excerpt --><!-- AddThis Share Buttons generic via filter on wp_trim_excerpt --><\/p>\n","protected":false},"author":17,"featured_media":0,"comment_status":"closed","ping_status":"open","sticky":false,"template":"","format":"standard","meta":{"_monsterinsights_skip_tracking":false,"_monsterinsights_sitenote_active":false,"_monsterinsights_sitenote_note":"","_monsterinsights_sitenote_category":0,"_uf_show_specific_survey":0,"_uf_disable_surveys":false,"footnotes":""},"categories":[976],"tags":[],"class_list":["post-19601","post","type-post","status-publish","format-standard","hentry","category-noticias-em-destaque"],"acf":[],"_links":{"self":[{"href":"https:\/\/pdt-rj.org.br\/index.php\/wp-json\/wp\/v2\/posts\/19601","targetHints":{"allow":["GET"]}}],"collection":[{"href":"https:\/\/pdt-rj.org.br\/index.php\/wp-json\/wp\/v2\/posts"}],"about":[{"href":"https:\/\/pdt-rj.org.br\/index.php\/wp-json\/wp\/v2\/types\/post"}],"author":[{"embeddable":true,"href":"https:\/\/pdt-rj.org.br\/index.php\/wp-json\/wp\/v2\/users\/17"}],"replies":[{"embeddable":true,"href":"https:\/\/pdt-rj.org.br\/index.php\/wp-json\/wp\/v2\/comments?post=19601"}],"version-history":[{"count":1,"href":"https:\/\/pdt-rj.org.br\/index.php\/wp-json\/wp\/v2\/posts\/19601\/revisions"}],"predecessor-version":[{"id":57057,"href":"https:\/\/pdt-rj.org.br\/index.php\/wp-json\/wp\/v2\/posts\/19601\/revisions\/57057"}],"wp:attachment":[{"href":"https:\/\/pdt-rj.org.br\/index.php\/wp-json\/wp\/v2\/media?parent=19601"}],"wp:term":[{"taxonomy":"category","embeddable":true,"href":"https:\/\/pdt-rj.org.br\/index.php\/wp-json\/wp\/v2\/categories?post=19601"},{"taxonomy":"post_tag","embeddable":true,"href":"https:\/\/pdt-rj.org.br\/index.php\/wp-json\/wp\/v2\/tags?post=19601"}],"curies":[{"name":"wp","href":"https:\/\/api.w.org\/{rel}","templated":true}]}}